{"id":19085,"date":"2025-11-23T12:52:18","date_gmt":"2025-11-23T11:52:18","guid":{"rendered":"http:\/\/marburg.news\/?p=19085"},"modified":"2025-11-23T12:52:18","modified_gmt":"2025-11-23T11:52:18","slug":"mensch-bleiben-die-post-geht-uns-ab","status":"publish","type":"post","link":"http:\/\/marburg.news\/?p=19085","title":{"rendered":"Mensch bleiben: Die Post geht uns ab"},"content":{"rendered":"<p>&#8222;Die Post geht ab&#8220;, hie\u00df es fr\u00fcher. In Marburg wandert die Post jetzt ab. <!--more--><br \/>\nSeit Samstag (22. November) gibt es keine Post mehr an der Bahnhofstra\u00dfe. In dem Geb\u00e4ude des ehemaligen Marburger Hauptpost residiert nun nur noch die Postbank. Die n\u00e4chste Post finden Marburgerinnen und Marburger nun am Steinweg.<br \/>\nOhnehin unterh\u00e4lt die Deutsche Post AG schon l\u00e4nger gar keine eigenen Filialen mehr. Vielmehr bedient sie ihre Kundschaft \u00fcber Agenturen. Bei Beschwerden k\u00f6nnen auch freundliche Bedienstete dort nicht wirklich weiterhelfen.<br \/>\nWer die Hotline der Deutschen Post und ihres Paketdiensts DHL anruft, wird dort von einer &#8222;K\u00fcnstlichen Intelligenz&#8220; namens &#8222;Jana&#8220; empfangen. W\u00e4hrend das Adjektiv &#8222;k\u00fcnstlich&#8220; einigerma\u00dfen zutrifft, ist das Substantiv &#8222;Inttelligenz&#8220; aber absolut unpassend. Intelligent ist dieses System nicht im Geringsten, wenn es die Anrufenden in lange Warteschleifen schickt, um sie danach mit unzureichenden Antworten ratlos rauszuwerfen. Aber das Ding hei\u00dft ja auch &#8222;Na ja&#8220;!<br \/>\nWer auf diese &#8211; nicht gerade weise &#8211; Weise Gesch\u00e4fte machen m\u00f6chte, der verwechselt das Wort &#8222;Gesch\u00e4ft&#8220; mit seiner Bedeutung als ein Handel zwischen Menschen zu gegenseitigem Nutzen mit jener Verrichtung, \u00fcber die feine Leute eher nicht spreche m\u00f6gen. Was w\u00fcrden wir wohl daf\u00fcr geben, zu Zust\u00e4nden zur\u00fcckkehren zu k\u00f6nnen, als die Menschen noch auf die &#8222;Servicew\u00fcste Deutschland&#8220; geschimpft haben! Damals konnte man kaum ahnen, dass das doch das reinste Paradies war gegen\u00fcber denjenigen Zeiten, wo die Post baulich und telefonisch ihren endg\u00fcltigen Abgang macht.<\/p>\n<p>* <a href=\"http:\/\/marburg.news\/team\/fjh\">Franz-Josef Hanke<\/a><\/p>\n","protected":false},"excerpt":{"rendered":"<p>&#8222;Die Post geht ab&#8220;, hie\u00df es fr\u00fcher. In Marburg wandert die Post jetzt ab.<\/p>\n","protected":false},"author":2,"featured_media":0,"comment_status":"closed","ping_status":"open","sticky":false,"template":"","format":"standard","meta":{"advanced_seo_description":"","spay_email":"","jetpack_publicize_message":"","jetpack_is_tweetstorm":false,"jetpack_publicize_feature_enabled":true},"categories":[4],"tags":[2876,7211,7212],"jetpack_featured_media_url":"","jetpack_publicize_connections":[],"jetpack_sharing_enabled":true,"jetpack_shortlink":"https:\/\/wp.me\/p8mhvd-4XP","jetpack-related-posts":[{"id":4843,"url":"http:\/\/marburg.news\/?p=4843","url_meta":{"origin":19085,"position":0},"title":"Marburg macht\u00b4s massig: Stadt schlie\u00dft B\u00fcrgerh\u00e4user, Friedh\u00f6fe und Spielpl\u00e4tze","date":"17. M\u00e4rz 2020","format":false,"excerpt":"Die Stadt Marburg schlie\u00dft ab sofort alle B\u00fcrgerh\u00e4user. Das gilt auch f\u00fcr private Veranstaltungen und Feiern, f\u00fcr die bereits Mietvertr\u00e4ge geschlossen sind. Einschr\u00e4nkungen gibt es au\u00dferdem in den n\u00e4chsten Wochen bei der Abfallentsorgung: Private Anlieferungen auf dem Servicehof Am Krekel ist nun nicht mehr m\u00f6glich. Um das Coronavirus einzud\u00e4mmen und\u2026","rel":"","context":"In &quot;Politik&quot;","img":{"alt_text":"","src":"","width":0,"height":0},"classes":[]},{"id":18289,"url":"http:\/\/marburg.news\/?p=18289","url_meta":{"origin":19085,"position":1},"title":"Abgesperrt: Verkehrsbehinderungen wegen Marburger Nachtmarathon","date":"1. Juli 2025","format":false,"excerpt":"Der \"Marburger Nachtmarathon\" verursacht ge\u00e4nderte Verkehrsregelungen im Stadtgebiet. Das hat die Stadt am Dienstag (1. Juli) angek\u00fcndigt. Am Freitag (4. Juli) findet der traditionelle Marburger Nachtmarathon statt. Damit die Teilnehmenden des Marathons sicher in der Innenstadt unterwegs sind, kommt es zu ge\u00e4nderten Verkehrsregelungen im Stadtgebiet. Die Zufahrt zur Oberstadt wird\u2026","rel":"","context":"In &quot;Soziales&quot;","img":{"alt_text":"","src":"","width":0,"height":0},"classes":[]},{"id":15916,"url":"http:\/\/marburg.news\/?p=15916","url_meta":{"origin":19085,"position":2},"title":"Sperre und Sportlichkeit: Marburger Nachtmarathon am 5. Juli","date":"2. Juli 2024","format":false,"excerpt":"Ge\u00e4nderte Verkehrsregelungen gibt es im Stadtgebiet am Freitag (5. Juli). Grund ist der \"Marburger Nachtmarathon\". Der traditionelle \"Marburger Nachtmarathon\" findet am Freitag (5. Juli) statt. Damit die Teilnehmenden des Marathons sicher in der Innenstadt unterwegs sind, kommt es zu ge\u00e4nderten Verkehrsregelungen im Stadtgebiet. Die Zufahrt zur Oberstadt wird an der\u2026","rel":"","context":"In &quot;Sport&quot;","img":{"alt_text":"","src":"","width":0,"height":0},"classes":[]},{"id":19437,"url":"http:\/\/marburg.news\/?p=19437","url_meta":{"origin":19085,"position":3},"title":"Bedingungen erl\u00e4utert: Das Wahlamt im Rathaus ist ge\u00f6ffnet","date":"2. Februar 2026","format":false,"excerpt":"Ab jetzt k\u00f6nnen Stimmberechtigte in Marburg w\u00e4hlen gehen. Das Wahlamt ist ab Montag (2. Februar) ge\u00f6ffnet. Am 15. M\u00e4rz 2026 finden die Kommunalwahlen in Hessen statt. Die Marburgerinnen und Marburger k\u00f6nnen dann die Stadtverordnetenversammlung, die Ortsbeir\u00e4te und den Kreistag sowie den Ausl\u00e4nderbeirat w\u00e4hlen. Briefwahl ist bereits ab Montag (2. Februar)\u2026","rel":"","context":"In &quot;Politik&quot;","img":{"alt_text":"","src":"","width":0,"height":0},"classes":[]},{"id":15401,"url":"http:\/\/marburg.news\/?p=15401","url_meta":{"origin":19085,"position":4},"title":"Keine Zeitreise: Historisches Handwerk neu entdecken","date":"15. April 2024","format":false,"excerpt":"Altes Handwerk neu entdecken k\u00f6nnen Interessierte jetzt in der Oberstadt. Dort wurde eine historische Werkstatt im Marburger VielRAUM er\u00f6ffnet. Der \"Marburger VielRAUM\" in der Wettergasse 23 verwandelt sich bis Mitte Juli in eine historische Werkstatt. Von Glaskunst, \u00fcber Spinnen und alte Schreibkunst bis hin zum Bierbrauen sind einige Gewerke vertreten\u2026","rel":"","context":"In &quot;Bildung&quot;","img":{"alt_text":"","src":"","width":0,"height":0},"classes":[]},{"id":14888,"url":"http:\/\/marburg.news\/?p=14888","url_meta":{"origin":19085,"position":5},"title":"\u00dcberm\u00e4\u00dfige \u00dcbertreibung: Zahlreiche Stra\u00dfensperrungen beim Rosenmontagszug","date":"7. Februar 2024","format":false,"excerpt":"Wegen des Rosenmontagszugs gibt es amMontag (12. Februar) in der Innenstadt eine ge\u00e4nderte Verkehrsregelung. Die Sperrungen beginnen ab 12 Uhr. Das n\u00e4rrische Treiben in der Universit\u00e4tsstadt Marburg erreicht mit dem Rosenmontagszug seinen H\u00f6hepunkt. Aufgrund des Umzugs wird die gesamte Innenstadt ab 13 bis voraussichtlich 16 Uhr f\u00fcr den Fahrverkehr gesperrt.Auch\u2026","rel":"","context":"In &quot;Kultur&quot;","img":{"alt_text":"","src":"","width":0,"height":0},"classes":[]}],"_links":{"self":[{"href":"http:\/\/marburg.news\/index.php?rest_route=\/wp\/v2\/posts\/19085"}],"collection":[{"href":"http:\/\/marburg.news\/index.php?rest_route=\/wp\/v2\/posts"}],"about":[{"href":"http:\/\/marburg.news\/index.php?rest_route=\/wp\/v2\/types\/post"}],"author":[{"embeddable":true,"href":"http:\/\/marburg.news\/index.php?rest_route=\/wp\/v2\/users\/2"}],"replies":[{"embeddable":true,"href":"http:\/\/marburg.news\/index.php?rest_route=%2Fwp%2Fv2%2Fcomments&post=19085"}],"version-history":[{"count":0,"href":"http:\/\/marburg.news\/index.php?rest_route=\/wp\/v2\/posts\/19085\/revisions"}],"wp:attachment":[{"href":"http:\/\/marburg.news\/index.php?rest_route=%2Fwp%2Fv2%2Fmedia&parent=19085"}],"wp:term":[{"taxonomy":"category","embeddable":true,"href":"http:\/\/marburg.news\/index.php?rest_route=%2Fwp%2Fv2%2Fcategories&post=19085"},{"taxonomy":"post_tag","embeddable":true,"href":"http:\/\/marburg.news\/index.php?rest_route=%2Fwp%2Fv2%2Ftags&post=19085"}],"curies":[{"name":"wp","href":"https:\/\/api.w.org\/{rel}","templated":true}]}}