{"id":19084,"date":"2025-11-22T12:24:55","date_gmt":"2025-11-22T11:24:55","guid":{"rendered":"http:\/\/marburg.news\/?p=19084"},"modified":"2025-11-22T12:24:55","modified_gmt":"2025-11-22T11:24:55","slug":"toedliche-gefahr-marburg-virus-grassiert-in-aethiopien","status":"publish","type":"post","link":"http:\/\/marburg.news\/?p=19084","title":{"rendered":"T\u00f6dliche Gefahr: Marburg-Virus grassiert in \u00c4thiopien"},"content":{"rendered":"<p>Das Marburg-Virus w\u00fctet in \u00c4thiopien. Im November 2025 sind sechs Menschen daran gestorben. <!--more--><br \/>\nWeitere neun Verdachtsf\u00e4lle hat die Weltgesundheitsorganisation (WhO) in Genf Mitte November gemeldet. Die \u00e4thiopische Regierung hat bislang drei Todesf\u00e4lle best\u00e4tigt. Die meisten Betroffenen waren im Gesundheitswesen t\u00e4tig.<br \/>\nNach Angaben \u00e4thiopischer Exilanten versucht die Regierung, die Krankheit zu vertuschen. Ministerpr\u00e4sident Abiy Ahmed f\u00fcrchte um Einnahmen aus dem Tourismus, lautet der Verdacht. Eine \u00c4rztin, die \u00f6ffentlich vor dem Virus warnte, sei verhaftet worden.<br \/>\nLaut Einsch\u00e4tzung der WHO ist das Marburg-Virus noch gef\u00e4hrlicher als Ebola. Von 235 Erkrankten haben bisher nur 25 \u00fcberlebt. Die Infektionskrankheit geh\u00f6rt zur Gruppe der &#8222;viralen h\u00e4morrhagischen Fieber&#8220;. \u00dcbertragen wird der Erreger durch K\u00f6rperfl\u00fcssigkeiten wie Blut, Speichel oder Schwei\u00df.<br \/>\nBenannt ist das Virus nach einer &#8211; <a href=\"http:\/\/marburg.news\/?p=996\">1967 in Marburg ausgebrochenen &#8211; r\u00e4tselhaften Krankheit<\/a>. Am 24. August 1967 gab es die ersten Berichte \u00fcber Krankheitsf\u00e4lle im Umfeld der Marburger Behringwerke. Schon am 20. November des selben Jahres identifizierten Experten des Instituts f\u00fcr Virologie der Philipps-Universit\u00e4t gemeinsam mit Kollegen aus Hamburg den Erreger. Seither ist das Institut f\u00fcr Virologie der Philipps-Universit\u00e4t Marburg weltweit f\u00fchrend bei der Erforschung des Marburg-Virus.<br \/>\n\u00c4hnlich wie bei den ersten Covid-19-Infektionen in China setzt auch die \u00e4thiopische Regierung offenbar auf eine Verfolgung der Warnerinnen und Warner anstelle einer Bek\u00e4mpfung der Infektion. Welche Folgen das bei einer derma\u00dfen t\u00f6dlichen Krankheit wie dem Marburg-Virus haben kann, mag man sich lieber nicht ausmalen. Eine solche Politik kann nur mit dem Wort &#8222;m\u00f6rderisch&#8220; klassifiziert werden.<\/p>\n<p>* <a href=\"http:\/\/marburg.news\/team\/fjh\">Franz-Josef Hanke<\/a><\/p>\n","protected":false},"excerpt":{"rendered":"<p>Das Marburg-Virus w\u00fctet in \u00c4thiopien. Im November 2025 sind sechs Menschen daran gestorben.<\/p>\n","protected":false},"author":2,"featured_media":0,"comment_status":"closed","ping_status":"open","sticky":false,"template":"","format":"standard","meta":{"advanced_seo_description":"","spay_email":"","jetpack_publicize_message":"","jetpack_is_tweetstorm":false,"jetpack_publicize_feature_enabled":true},"categories":[5,2,4],"tags":[2040,2361,655],"jetpack_featured_media_url":"","jetpack_publicize_connections":[],"jetpack_sharing_enabled":true,"jetpack_shortlink":"https:\/\/wp.me\/p8mhvd-4XO","jetpack-related-posts":[{"id":2684,"url":"http:\/\/marburg.news\/?p=2684","url_meta":{"origin":19084,"position":0},"title":"Fl\u00fcchtlinge in \u00c4thiopien: Mulugeta Haiybano referierte im Weltladen","date":"27. September 2018","format":false,"excerpt":"Im zweit\u00e4rmsten Land Afrikas leben rund 900.000 Fl\u00fcchtlinge. \u00dcber seine Arbeit als Fl\u00fcchtlingskoordinator der Jesuiten f\u00fcr \u00c4thiopien sprach Mulugeta Haiybano am Mittwoch (26. September) im Weltladen. Schon der Prophet Mohammed habe 80 Gefolgsleute nach \u00c4thiopien geschickt, wo sie Schutz vor Verfolgung erhielten. \"Auf diese jahrhundertealte Tradition sind wir stolz\", erkl\u00e4rte\u2026","rel":"","context":"In &quot;Politik&quot;","img":{"alt_text":"","src":"","width":0,"height":0},"classes":[]},{"id":16651,"url":"http:\/\/marburg.news\/?p=16651","url_meta":{"origin":19084,"position":1},"title":"Familien im Fokus: 50 Jahre Projekt f\u00fcr Stra\u00dfenkinder in \u00c4thiopien","date":"17. Oktober 2024","format":false,"excerpt":"Das Projekt \"Stra\u00dfenkinder in Addis Abeba\" feiert 50 Jahre Hilfe aus Marburg f\u00fcr \u00c4thiopien. Dieses Jubil\u00e4um begeht es am Sonntag (27. Oktober) in der Elisabethkirche. Als vor 50 Jahren eine schwere Hungersnot in \u00c4thiopien herrschte, gr\u00fcndete sich in Marburg eine private Initiative, um die Not der Menschen in der Hauptstadt\u2026","rel":"","context":"In &quot;Soziales&quot;","img":{"alt_text":"","src":"","width":0,"height":0},"classes":[]},{"id":2420,"url":"http:\/\/marburg.news\/?p=2420","url_meta":{"origin":19084,"position":2},"title":"Versinken und ertrinken: Ersch\u00fctternde Debatten um Seenotrettung im Mittelmeer","date":"15. Juli 2018","format":false,"excerpt":"\"Auch in Marburg ist die Stimmung schlechter geworden\", bemerkt ein Fl\u00fcchtling aus Syrien. \"Ich kann nicht mehr\", seufzt eine Afrikanerin. Die Debatten \u00fcber die Seenotrettung im Mittelmeer gehen nicht spurlos an den Gefl\u00fcchteten vor\u00fcber. Ein junger Afrikaner ist auch \u00fcber die mittelmeerroute gekommen. L\u00e4ngst warnt er seine Landsleute vor diesem\u2026","rel":"","context":"In &quot;Politik&quot;","img":{"alt_text":"","src":"","width":0,"height":0},"classes":[]},{"id":16137,"url":"http:\/\/marburg.news\/?p=16137","url_meta":{"origin":19084,"position":3},"title":"Die Unaufhaltsamen: Abholzung versch\u00e4rft den Klimawandel","date":"15. August 2024","format":false,"excerpt":"Abholzung versch\u00e4rft den Klimawandel in tropischen Bergregenw\u00e4ldern wie etwa am Kilimandscharo. Das verursacht Stress im \u00d6kosystem. Die Bergw\u00e4lder in Afrika stehen durch die zunehmende Entwaldung durch den Menschen deutlich unter Stress. Und der Klimawandel setzt dem noch eins drauf: Wie Marburger Geographinnen und Geographen herausgefunden haben, sind die afrikanischen Bergw\u00e4lder\u2026","rel":"","context":"In &quot;Bildung&quot;","img":{"alt_text":"","src":"","width":0,"height":0},"classes":[]},{"id":4083,"url":"http:\/\/marburg.news\/?p=4083","url_meta":{"origin":19084,"position":4},"title":"J\u00e4ger der Steinzeit: Im Hochgebirge vor \u00fcber 40.000 Jahren","date":"9. August 2019","format":false,"excerpt":"Die \u00e4lteste Hochgebirgs-Wohnst\u00e4tte liegt in Ostafrika. Das berichtete ein Forschungsteam unter marburger Leitung in der Fachzeitschrift \"Science\". Ein Fels\u00fcberhang auf fast 3.500 Metern H\u00f6he im heutigen \u00c4thiopien ist vor \u00fcber 40.000 Jahren erstmals dauerhaft besiedelt worden. Seitdem nutzten steinzeitliche J\u00e4ger den Platz wiederholt als Wohnst\u00e4tte und ern\u00e4hrten sich von Nagetieren,\u2026","rel":"","context":"In &quot;Bildung&quot;","img":{"alt_text":"","src":"","width":0,"height":0},"classes":[]},{"id":6850,"url":"http:\/\/marburg.news\/?p=6850","url_meta":{"origin":19084,"position":5},"title":"Defetistische Debatten: Nur N\u00f6rgeln n\u00fctzt nichts","date":"10. April 2021","format":false,"excerpt":"\"Das Jammern ist der Gru\u00df der Kaufleute\", sagt ein arabisches Sprichwort. Derzeit muss es in Deutschland massenhaft Kaufleute geben. Einst galt Deutschland als \"das Land der Dichter und Denker\". Zu seinen schlimmsten Zeiten war es ein Land \"der Scharfrichter und Henker\". Die vielzitierte \"German Angst\" ist seither wohl nicht ganz\u2026","rel":"","context":"In &quot;Politik&quot;","img":{"alt_text":"","src":"","width":0,"height":0},"classes":[]}],"_links":{"self":[{"href":"http:\/\/marburg.news\/index.php?rest_route=\/wp\/v2\/posts\/19084"}],"collection":[{"href":"http:\/\/marburg.news\/index.php?rest_route=\/wp\/v2\/posts"}],"about":[{"href":"http:\/\/marburg.news\/index.php?rest_route=\/wp\/v2\/types\/post"}],"author":[{"embeddable":true,"href":"http:\/\/marburg.news\/index.php?rest_route=\/wp\/v2\/users\/2"}],"replies":[{"embeddable":true,"href":"http:\/\/marburg.news\/index.php?rest_route=%2Fwp%2Fv2%2Fcomments&post=19084"}],"version-history":[{"count":0,"href":"http:\/\/marburg.news\/index.php?rest_route=\/wp\/v2\/posts\/19084\/revisions"}],"wp:attachment":[{"href":"http:\/\/marburg.news\/index.php?rest_route=%2Fwp%2Fv2%2Fmedia&parent=19084"}],"wp:term":[{"taxonomy":"category","embeddable":true,"href":"http:\/\/marburg.news\/index.php?rest_route=%2Fwp%2Fv2%2Fcategories&post=19084"},{"taxonomy":"post_tag","embeddable":true,"href":"http:\/\/marburg.news\/index.php?rest_route=%2Fwp%2Fv2%2Ftags&post=19084"}],"curies":[{"name":"wp","href":"https:\/\/api.w.org\/{rel}","templated":true}]}}