{"id":19065,"date":"2025-11-19T12:47:41","date_gmt":"2025-11-19T11:47:41","guid":{"rendered":"http:\/\/marburg.news\/?p=19065"},"modified":"2025-11-19T12:47:41","modified_gmt":"2025-11-19T11:47:41","slug":"wirken-gegen-wild-sperrung-wegen-jagd-bei-bauerbach","status":"publish","type":"post","link":"http:\/\/marburg.news\/?p=19065","title":{"rendered":"Wirken gegen Wild: Sperrung wegen Jagd bei Bauerbach"},"content":{"rendered":"<p>Der Verbindungsweg zwischen Bauerbach und der L 3092 wird am Freitag (28. November) gesperrt. Das hat der Landkreis am Mittwoch (19. November) angek\u00fcndigt. <!--more--><br \/>\nVon voraussichtlich 8.30 bis 14.30 Uhr ist der Gemeindeverbindungsweg zwischen Marburg-Bauerbach und der Landstra\u00dfe (L) 3092 am Freitag (28. November) gesperrt. Grund daf\u00fcr ist eine Jagd. Bauerbach kann in dieser Zeit \u00fcber die Bundesstra\u00dfe (B) 3 und Marburg-Ginseldorf sowie \u00fcber die L 3088 in Richtung Kirchhain erreicht werden.<\/p>\n<p>* pm: Landkreis Marburg-Biedenkopf<\/p>\n","protected":false},"excerpt":{"rendered":"<p>Der Verbindungsweg zwischen Bauerbach und der L 3092 wird am Freitag (28. November) gesperrt. Das hat der Landkreis am Mittwoch (19. November) angek\u00fcndigt.<\/p>\n","protected":false},"author":2,"featured_media":0,"comment_status":"closed","ping_status":"open","sticky":false,"template":"","format":"standard","meta":{"advanced_seo_description":"","spay_email":"","jetpack_publicize_message":"","jetpack_is_tweetstorm":false,"jetpack_publicize_feature_enabled":true},"categories":[4],"tags":[1422,4548,638],"jetpack_featured_media_url":"","jetpack_publicize_connections":[],"jetpack_sharing_enabled":true,"jetpack_shortlink":"https:\/\/wp.me\/p8mhvd-4Xv","jetpack-related-posts":[{"id":16946,"url":"http:\/\/marburg.news\/?p=16946","url_meta":{"origin":19065,"position":0},"title":"Ohne Durchkommen: Verbindungsweg zwischen Bauerbach und B\u00fcrgeln gesperrt","date":"22. November 2024","format":false,"excerpt":"Gesperrt ist der Verbindungsweg zwischen Bauerbach und der Landstra\u00dfe L3092 am Freitag (29. November). Das hat der Kreis am Freitag (22. November) angek\u00fcndigt. Der Verbindungsweg zwischen Bauerbach und der Landstra\u00dfe (L) 3092 ist am Freitag (29. November) von 8 bis 15 Uhr in beide Richtungen voll gesperrt. Grund daf\u00fcr ist\u2026","rel":"","context":"In &quot;Soziales&quot;","img":{"alt_text":"","src":"","width":0,"height":0},"classes":[]},{"id":11250,"url":"http:\/\/marburg.news\/?p=11250","url_meta":{"origin":19065,"position":1},"title":"Am Freitag: Stra\u00dfensperrung bei Bauerbach wegen Jagd","date":"18. November 2022","format":false,"excerpt":"Eine Stra\u00dfensperrung und ein Tempolimit bei Bauerbach hat die Stra\u00dfenverkehrsbeh\u00f6rde des Landkreises angek\u00fcndigt. Grund daf\u00fcr ist eine Jagd. In beiden Richtungen wird der Verbindungsweg zwischen Bauerbach und der Panoramastra\u00dfe auf den Lahnbergen Am Freitag (25. November) voll gesperrt. Grund f\u00fcr die Sperrung in der Zeit von 8 bis 14.30 Uhr\u2026","rel":"","context":"In &quot;Soziales&quot;","img":{"alt_text":"","src":"","width":0,"height":0},"classes":[]},{"id":14297,"url":"http:\/\/marburg.news\/?p=14297","url_meta":{"origin":19065,"position":2},"title":"Schutz vor Wildunfall: Weitere Stra\u00dfensperrung wegen Jagd","date":"7. November 2023","format":false,"excerpt":"Die Landesstra\u00dfe 3092 wird am Freitag (24. November) zeitweise gesperrt. Eine Jagd macht diese Stra\u00dfensperrung erforderlich. Wegen einer Jagd wird der Verbindungsweg zwischen Bauerbach und der Landesstra\u00dfe L3092 am Freitag (24. November) von zirka 8 bis 15 Uhr in beiden Richtungen voll gesperrt. Dar\u00fcber hinaus wird aufgrund des Jagdbetriebs im\u2026","rel":"","context":"In &quot;Sonstiges&quot;","img":{"alt_text":"","src":"","width":0,"height":0},"classes":[]},{"id":18022,"url":"http:\/\/marburg.news\/?p=18022","url_meta":{"origin":19065,"position":3},"title":"Auf den Lahnbergen: Verbindungsweg nach Bauerbach gesperrt","date":"20. Mai 2025","format":false,"excerpt":"Der Verbindungsweg zwischen Bauerbach und \"Auf den Lahnbergen\"ist bis Juni gesperrt. Das hat die Stadt am Dienstag (20. Mai) mitgeteilt. Voraussichtlich bis Freitag (6. Juni) ist der Verbindungsweg zwischen Bauerbach und der Stra\u00dfe \"Auf den Lahnbergen\" (L3092) vollgesperrt. Grund ist eine Fahrbahnsanierung. Die Umleitung erfolgt \u00fcber die Stra\u00dfe \"Auf den\u2026","rel":"","context":"In &quot;Soziales&quot;","img":{"alt_text":"","src":"","width":0,"height":0},"classes":[]},{"id":16869,"url":"http:\/\/marburg.news\/?p=16869","url_meta":{"origin":19065,"position":4},"title":"vor\u00fcbergehende Sperrung: Jagd an K41 im Wald bei Cappel","date":"11. November 2024","format":false,"excerpt":"Wegen einer Jagd istdie K41 am Donnerstag (21. November) zeitweise gesperrt. Die Sperrung hat auch Auswirkungen auf den Busverkehr. Am Donnerstag (21. November) ist die Kreisstra\u00dfe (K) 41 zwischen Marburg-Cappel und Ebsdorfergrund-Frauenberg von 8 bis 15 Uhr gesperrt. Grund daf\u00fcr ist eine Jagd. Die Umleitung verl\u00e4uft von Ebsdorfergrund-Beltershausen aus \u00fcber\u2026","rel":"","context":"In &quot;Soziales&quot;","img":{"alt_text":"","src":"","width":0,"height":0},"classes":[]},{"id":14288,"url":"http:\/\/marburg.news\/?p=14288","url_meta":{"origin":19065,"position":5},"title":"Voll gejagt: Sperrung der Kreisstra\u00dfe zwischen Cappel und Frauenberg","date":"6. November 2023","format":false,"excerpt":"Wegen einer Jagd wird die Kreisstra\u00dfe 41 zeitweise gesperrt. Die Sperrung hat auch Auswirkungen auf den Busverkehr. Die Kreisstra\u00dfe \"K41\" wird am Samstag (18. November) zwischen Cappel und Ebsdorfergrund-Frauenberg von 8 bis 15 Uhr wegen einer Jagd in beiden Richtungen voll gesperrt. Die Umleitung erfolgt von Beltershausen aus \u00fcber die\u2026","rel":"","context":"In &quot;Sonstiges&quot;","img":{"alt_text":"","src":"","width":0,"height":0},"classes":[]}],"_links":{"self":[{"href":"http:\/\/marburg.news\/index.php?rest_route=\/wp\/v2\/posts\/19065"}],"collection":[{"href":"http:\/\/marburg.news\/index.php?rest_route=\/wp\/v2\/posts"}],"about":[{"href":"http:\/\/marburg.news\/index.php?rest_route=\/wp\/v2\/types\/post"}],"author":[{"embeddable":true,"href":"http:\/\/marburg.news\/index.php?rest_route=\/wp\/v2\/users\/2"}],"replies":[{"embeddable":true,"href":"http:\/\/marburg.news\/index.php?rest_route=%2Fwp%2Fv2%2Fcomments&post=19065"}],"version-history":[{"count":0,"href":"http:\/\/marburg.news\/index.php?rest_route=\/wp\/v2\/posts\/19065\/revisions"}],"wp:attachment":[{"href":"http:\/\/marburg.news\/index.php?rest_route=%2Fwp%2Fv2%2Fmedia&parent=19065"}],"wp:term":[{"taxonomy":"category","embeddable":true,"href":"http:\/\/marburg.news\/index.php?rest_route=%2Fwp%2Fv2%2Fcategories&post=19065"},{"taxonomy":"post_tag","embeddable":true,"href":"http:\/\/marburg.news\/index.php?rest_route=%2Fwp%2Fv2%2Ftags&post=19065"}],"curies":[{"name":"wp","href":"https:\/\/api.w.org\/{rel}","templated":true}]}}