{"id":19058,"date":"2025-11-18T17:05:53","date_gmt":"2025-11-18T16:05:53","guid":{"rendered":"http:\/\/marburg.news\/?p=19058"},"modified":"2025-11-18T17:05:53","modified_gmt":"2025-11-18T16:05:53","slug":"handy-handy-einbruch-in-geschaeft-am-gruen","status":"publish","type":"post","link":"http:\/\/marburg.news\/?p=19058","title":{"rendered":"Handy, Handy: Einbruch in Gesch\u00e4ft Am Gr\u00fcn"},"content":{"rendered":"<p>Einbrecher hatten es am Wochenende von Samstag (15. November) nach 14 Uhr bis Montag (17. November) vor 10 Uhr auf ein Ladengesch\u00e4ft f\u00fcr Handyreparaturen &#8222;Am Gr\u00fcn&#8220; abgesehen. Sie scheiterten zun\u00e4chst an dem Versuch die Glast\u00fcr aufzuhebeln. <!--more--><br \/>\nDaraufhin warfen sie die T\u00fcr mit einem Pflasterstein ein und verschafften sich so Zutritt zu dem Verkaufsraum. Dort nahmen sie unter anderem Smartwatches, diverses Handyzubeh\u00f6r sowie M\u00fcnzgeld mit. Die Einbruchssch\u00e4den sch\u00e4tzt die Polizei auf mindestens 500 Euro. Die Ermittler bitten Zeugen, die verd\u00e4chtige Beobachtungen in der N\u00e4he des Gesch\u00e4fts &#8222;Am Gr\u00fcn&#8220; gemacht haben, sich unter der Telefonnummer 06421\/406-0 zu melden.<\/p>\n<p>* pm: Polizei Marburg<\/p>\n","protected":false},"excerpt":{"rendered":"<p>Einbrecher hatten es am Wochenende von Samstag (15. November) nach 14 Uhr bis Montag (17. November) vor 10 Uhr auf ein Ladengesch\u00e4ft f\u00fcr Handyreparaturen &#8222;Am Gr\u00fcn&#8220; abgesehen. Sie scheiterten zun\u00e4chst an dem Versuch die Glast\u00fcr aufzuhebeln.<\/p>\n","protected":false},"author":2,"featured_media":0,"comment_status":"closed","ping_status":"open","sticky":false,"template":"","format":"standard","meta":{"advanced_seo_description":"","spay_email":"","jetpack_publicize_message":"","jetpack_is_tweetstorm":false,"jetpack_publicize_feature_enabled":true},"categories":[6],"tags":[39,1005,16],"jetpack_featured_media_url":"","jetpack_publicize_connections":[],"jetpack_sharing_enabled":true,"jetpack_shortlink":"https:\/\/wp.me\/p8mhvd-4Xo","jetpack-related-posts":[{"id":15343,"url":"http:\/\/marburg.news\/?p=15343","url_meta":{"origin":19058,"position":0},"title":"Ohne Skrupel: N\u00e4chtlicher Einbruch in Caf\u00e9 Am Gr\u00fcn","date":"8. April 2024","format":false,"excerpt":"Auf Beute aus dem Caf\u00e9 \"Am Gr\u00fcn\" hatten es Diebe abgesehen. In der Nacht von Samstag (6. April) auf Sonntag (7. April) suchten die Unbekannten die Gastst\u00e4tte auf. Gewaltsam drangen sie durch die Eingangst\u00fcr ein und lie\u00dfen die Kassenlade mitgehen. Angaben zur H\u00f6he des gestohlenen Bargelds k\u00f6nnen noch nicht gemacht\u2026","rel":"","context":"In &quot;Sonstiges&quot;","img":{"alt_text":"","src":"","width":0,"height":0},"classes":[]},{"id":19303,"url":"http:\/\/marburg.news\/?p=19303","url_meta":{"origin":19058,"position":1},"title":"Tattermin: T\u00fcren in B\u00fcro aufgebrochen","date":"6. Januar 2026","format":false,"excerpt":"Zutritt zu einem B\u00fcrogeb\u00e4ude \"Am Gr\u00fcn\" verschafften sich Unbekannte zwischen Montag (29. Dezember) und Montag (5. Januar) bis 6.30 Uhr. Dort brachen sie die Eingangst\u00fcr der Jugendhilfe Marburg auf. Anschlie\u00dfend \u00f6ffneten sie gewaltsam mehrere T\u00fcren und durchsuchten die B\u00fcros. Die T\u00e4ter gingen jedoch leer aus. Den entstandenen Sachschaden sch\u00e4tzt die\u2026","rel":"","context":"In &quot;Sonstiges&quot;","img":{"alt_text":"","src":"","width":0,"height":0},"classes":[]},{"id":16962,"url":"http:\/\/marburg.news\/?p=16962","url_meta":{"origin":19058,"position":2},"title":"R\u00fcpelhaft diebisch: Drei Einbr\u00fcche in Wohnungen","date":"25. November 2024","format":false,"excerpt":"Mehrere Hebelspuren hinterlie\u00dfen Unbekannte nach einem Einbruch in ein Einfamilienhaus \"Am Schwanhof\". Die Unbekannten verschafften sich zwischen Mittwoch (20. November) nach 20 Uhr und Samstag (23. November) Zugang \u00fcber die Terassent\u00fcr. In der Wohnung durchsuchten sie s\u00e4mtliche Schr\u00e4nke und Kommoden. Ob und was gestohlen wurde, ist derzeit noch Bestandteil der\u2026","rel":"","context":"In &quot;Sonstiges&quot;","img":{"alt_text":"","src":"","width":0,"height":0},"classes":[]},{"id":15015,"url":"http:\/\/marburg.news\/?p=15015","url_meta":{"origin":19058,"position":3},"title":"Gitter f\u00fcr Gr\u00fcn: Mann warf Metall in die Lahn","date":"20. Februar 2024","format":false,"excerpt":"Die Polizei ermittelt derzeit in einem Fall wegen Gef\u00e4hrlichen Eingriffs in den Stra\u00dfenverkehr und gemeinsch\u00e4dlicher Sachbesch\u00e4digung. Am Montag (5. Februar) gegen 0.10 Uhr rief ein Zeuge die Ordnungsh\u00fcter auf den Plan. Er hatte beobachtet, wie ein Mann auf dem Gehweg \"Am Gr\u00fcn\" zwischen dem Ortsgericht und der Lahn mehrere gusseiserne\u2026","rel":"","context":"In &quot;Sonstiges&quot;","img":{"alt_text":"","src":"","width":0,"height":0},"classes":[]},{"id":18423,"url":"http:\/\/marburg.news\/?p=18423","url_meta":{"origin":19058,"position":4},"title":"In Haft: Einbruch in Wohnung nach diebstahl in Bar","date":"25. Juli 2025","format":false,"excerpt":"Wegen Einbruchsdiebstahls f\u00fchrt die Staatsanwaltschaft Marburg derzeit ein Ermittlungsverfahren gegen zwei M\u00e4nner. Sie befinden sich in Untersuchungshaft. Die beiden stahlen am Sonntag (20. Juli) zwischen 4 und 5 Uhr in einer Bar an der Stra\u00dfe \"Aff\u00f6llerwiesen\" zun\u00e4chst unbemerkt eine Geldb\u00f6rse und eine Jacke samt Schl\u00fcssel und Handy. Als der 24-j\u00e4hrige\u2026","rel":"","context":"In &quot;Sonstiges&quot;","img":{"alt_text":"","src":"","width":0,"height":0},"classes":[]},{"id":14293,"url":"http:\/\/marburg.news\/?p=14293","url_meta":{"origin":19058,"position":5},"title":"Voll gew\u00fchlt: Polizei meldete gleich vier Einbr\u00fcche","date":"6. November 2023","format":false,"excerpt":"Einen Fahnenmast kletterten Unbekannte in der Nacht zum Samstag (4. November) hinauf um in ein in vier Meter H\u00f6he gelegenes Fenster einzudringen. Zwischen 18:30 Uhr und 07:40 Uhr kletterten sie am Mast im Lintzingsweg hoch und drangen durch das Fenster in den Getr\u00e4nkemarkt ein. In dem Markt in Cappel brachen\u2026","rel":"","context":"In &quot;Sonstiges&quot;","img":{"alt_text":"","src":"","width":0,"height":0},"classes":[]}],"_links":{"self":[{"href":"http:\/\/marburg.news\/index.php?rest_route=\/wp\/v2\/posts\/19058"}],"collection":[{"href":"http:\/\/marburg.news\/index.php?rest_route=\/wp\/v2\/posts"}],"about":[{"href":"http:\/\/marburg.news\/index.php?rest_route=\/wp\/v2\/types\/post"}],"author":[{"embeddable":true,"href":"http:\/\/marburg.news\/index.php?rest_route=\/wp\/v2\/users\/2"}],"replies":[{"embeddable":true,"href":"http:\/\/marburg.news\/index.php?rest_route=%2Fwp%2Fv2%2Fcomments&post=19058"}],"version-history":[{"count":0,"href":"http:\/\/marburg.news\/index.php?rest_route=\/wp\/v2\/posts\/19058\/revisions"}],"wp:attachment":[{"href":"http:\/\/marburg.news\/index.php?rest_route=%2Fwp%2Fv2%2Fmedia&parent=19058"}],"wp:term":[{"taxonomy":"category","embeddable":true,"href":"http:\/\/marburg.news\/index.php?rest_route=%2Fwp%2Fv2%2Fcategories&post=19058"},{"taxonomy":"post_tag","embeddable":true,"href":"http:\/\/marburg.news\/index.php?rest_route=%2Fwp%2Fv2%2Ftags&post=19058"}],"curies":[{"name":"wp","href":"https:\/\/api.w.org\/{rel}","templated":true}]}}