{"id":19057,"date":"2025-11-18T16:56:34","date_gmt":"2025-11-18T15:56:34","guid":{"rendered":"http:\/\/marburg.news\/?p=19057"},"modified":"2025-11-18T16:56:34","modified_gmt":"2025-11-18T15:56:34","slug":"schule-schule-einbruch-in-waldschule-wehrda","status":"publish","type":"post","link":"http:\/\/marburg.news\/?p=19057","title":{"rendered":"Schule, Schule: Einbruch in Waldschule Wehrda"},"content":{"rendered":"<p>In die Waldschule Wehrda am L\u00e4rchenweg sind Unbekannte am Wochenende von Freitag (14. November) nach 12 Uhr bis Montag (17. November) vor 7.30 Uhr eingebrochen. Sie hebelten das Fenster eines B\u00fcros auf. <!--more--><br \/>\nDann durchw\u00fchlten sie s\u00e4mtliche Schr\u00e4nke und Schubladen. Den Inhalt verteilten sie auf dem Boden. Derzeit geht die Polizei davon aus, dass die T\u00e4ter keine Beute gemacht haben. Die Einbruchsch\u00e4den belaufen sich auf rund 400 Euro. Hinweise erbittet die Polizei Marburg unter der Telefonnummer 06421\/406-0.<\/p>\n<p>* pm: Polizei Marburg<\/p>\n","protected":false},"excerpt":{"rendered":"<p>In die Waldschule Wehrda am L\u00e4rchenweg sind Unbekannte am Wochenende von Freitag (14. November) nach 12 Uhr bis Montag (17. November) vor 7.30 Uhr eingebrochen. Sie hebelten das Fenster eines B\u00fcros auf.<\/p>\n","protected":false},"author":2,"featured_media":0,"comment_status":"closed","ping_status":"open","sticky":false,"template":"","format":"standard","meta":{"advanced_seo_description":"","spay_email":"","jetpack_publicize_message":"","jetpack_is_tweetstorm":false,"jetpack_publicize_feature_enabled":true},"categories":[6],"tags":[39,16,375],"jetpack_featured_media_url":"","jetpack_publicize_connections":[],"jetpack_sharing_enabled":true,"jetpack_shortlink":"https:\/\/wp.me\/p8mhvd-4Xn","jetpack-related-posts":[{"id":17853,"url":"http:\/\/marburg.news\/?p=17853","url_meta":{"origin":19057,"position":0},"title":"Auf die Ladekoffer: 32 IPads aus Schule gestohlen","date":"16. April 2025","format":false,"excerpt":"Auf zwei Ladekoffer inklusive Tablets hatten es Einbrecher w\u00e4hrend der Schulferien in einer Schule am L\u00e4rchenweg abgesehen. Sie brachen zwischen Samstag (5. April) nach 15 Uhr und Dienstag (15. April) zwei Hauptt\u00fcren auf. So gelangten sie in Klassenr\u00e4ume. Aus zwei R\u00e4umen stahlen sie die Ladekoffer, in dem sich jeweils 16\u2026","rel":"","context":"In &quot;Sonstiges&quot;","img":{"alt_text":"","src":"","width":0,"height":0},"classes":[]},{"id":18839,"url":"http:\/\/marburg.news\/?p=18839","url_meta":{"origin":19057,"position":1},"title":"Schl\u00fcssel stehlen: Einbruch in Schule an der Haselhecke","date":"15. Oktober 2025","format":false,"excerpt":"Durch eine eingeschlagene Fensterscheibe stiegen Einbrecher in der Nacht von Montag (13. Oktober) auf Dienstag (14. Oktober) in die Grundschule Marbach ein. Dabei verursachten sie Sch\u00e4den von knapp 3.000 Euro. In dem Schulgeb\u00e4ude hebelten sie mehrere T\u00fcren auf. In Schr\u00e4nken und Schubladen suchten sie nach Wertgegenst\u00e4nden. Sie lie\u00dfen einen Schl\u00fcssel\u2026","rel":"","context":"In &quot;Sonstiges&quot;","img":{"alt_text":"","src":"","width":0,"height":0},"classes":[]},{"id":18830,"url":"http:\/\/marburg.news\/?p=18830","url_meta":{"origin":19057,"position":2},"title":"F\u00fcr Gierige: Einbruch in Schule am Stadtwald","date":"13. Oktober 2025","format":false,"excerpt":"In eine Schule an der Rudolf-Breitscheid-Stra\u00dfe sind Unbekannte am Wochenende eingestiegen. Der Einbruch erfolgte in der Zeit von Sonntag (12. Oktober) nach 0.30 Uhr bis Sonntagmittag 11.30 Uhr. Derzeit geht die Polizei davon aus, dass sich die T\u00e4ter \u00fcber eine eingeschlagene Fensterscheibe Zutritt verschafften. Im Inneren des Geb\u00e4udes hebelten sie\u2026","rel":"","context":"In &quot;Sonstiges&quot;","img":{"alt_text":"","src":"","width":0,"height":0},"classes":[]},{"id":18753,"url":"http:\/\/marburg.news\/?p=18753","url_meta":{"origin":19057,"position":3},"title":"Drei Etagen: Einbruch in Schule am Stadtwald","date":"29. September 2025","format":false,"excerpt":"In eine Schule an der Rudolf-Breitscheid-Stra\u00dfe drangen Unbekannte Im Zeitraum von Samstag (27. September) nach 18 Uhr bis Sonntag (28. September) vor 11 Uhr ein. Sie stiegen durch ein aufgehebeltes Fenster in das Schulgeb\u00e4ude ein. Auf insgesamt drei Etagen durchw\u00fchlten sie mehrere R\u00e4ume. Angaben zum Diebesgut k\u00f6nnen zum derzeitigen Ermittlungsstand\u2026","rel":"","context":"In &quot;Sonstiges&quot;","img":{"alt_text":"","src":"","width":0,"height":0},"classes":[]},{"id":15626,"url":"http:\/\/marburg.news\/?p=15626","url_meta":{"origin":19057,"position":4},"title":"F\u00fcr Frustrierte: Jugendliche brachen in Schule ein","date":"21. Mai 2024","format":false,"excerpt":"Einen Einbruch in eine Schule am Samstag (18. Mai) hat die Polizei gemeldet. Mehrere Personen verschafften sich gegen 21.15 Uhr Zutritt zur Richtsberg-Gesamtschule (RGS). Dort hatten sie es auf Speiseeis abgesehen. Au\u00dferdem schlugen die T\u00e4ter ein Loch in die Au\u00dfenwand eines Unterrichtsraums. Sie konnten lediglich als zirka 13 bis 14\u2026","rel":"","context":"In &quot;Sonstiges&quot;","img":{"alt_text":"","src":"","width":0,"height":0},"classes":[]},{"id":19562,"url":"http:\/\/marburg.news\/?p=19562","url_meta":{"origin":19057,"position":5},"title":"Hanglage: Polizei sucht Einbrecher von Sybelstra\u00dfe","date":"17. Februar 2026","format":false,"excerpt":"Einbrecher drangen in der Zeit von Sonntag (15. Februar) nach 17 Uhr bis Montag (16. Februar) vor 7 Uhr in die Emil-von-Behring-Schule an der Sybelstra\u00dfe ein. Im Hauptgeb\u00e4ude hebelten sie mehrere T\u00fcren auf. Anschlie\u00dfend durchsuchten sie die R\u00e4umlichkeiten nach Wertgegenst\u00e4nden. Aus einer Kaffeekasse nahmen sie Bargeld mit. Die Kosten einer\u2026","rel":"","context":"In &quot;Sonstiges&quot;","img":{"alt_text":"","src":"","width":0,"height":0},"classes":[]}],"_links":{"self":[{"href":"http:\/\/marburg.news\/index.php?rest_route=\/wp\/v2\/posts\/19057"}],"collection":[{"href":"http:\/\/marburg.news\/index.php?rest_route=\/wp\/v2\/posts"}],"about":[{"href":"http:\/\/marburg.news\/index.php?rest_route=\/wp\/v2\/types\/post"}],"author":[{"embeddable":true,"href":"http:\/\/marburg.news\/index.php?rest_route=\/wp\/v2\/users\/2"}],"replies":[{"embeddable":true,"href":"http:\/\/marburg.news\/index.php?rest_route=%2Fwp%2Fv2%2Fcomments&post=19057"}],"version-history":[{"count":0,"href":"http:\/\/marburg.news\/index.php?rest_route=\/wp\/v2\/posts\/19057\/revisions"}],"wp:attachment":[{"href":"http:\/\/marburg.news\/index.php?rest_route=%2Fwp%2Fv2%2Fmedia&parent=19057"}],"wp:term":[{"taxonomy":"category","embeddable":true,"href":"http:\/\/marburg.news\/index.php?rest_route=%2Fwp%2Fv2%2Fcategories&post=19057"},{"taxonomy":"post_tag","embeddable":true,"href":"http:\/\/marburg.news\/index.php?rest_route=%2Fwp%2Fv2%2Ftags&post=19057"}],"curies":[{"name":"wp","href":"https:\/\/api.w.org\/{rel}","templated":true}]}}