{"id":19053,"date":"2025-11-18T11:50:05","date_gmt":"2025-11-18T10:50:05","guid":{"rendered":"http:\/\/marburg.news\/?p=19053"},"modified":"2025-11-18T11:50:05","modified_gmt":"2025-11-18T10:50:05","slug":"kinder-kinder-bewerbungen-fuer-schulung-zur-tagesmutter","status":"publish","type":"post","link":"http:\/\/marburg.news\/?p=19053","title":{"rendered":"Kinder, Kinder: Bewerbungen f\u00fcr Schulung zur Tagesmutter"},"content":{"rendered":"<p>Bis Freitag (5. Dezember) k\u00f6nnen sich Interessierte als Kindertagespflegeperson f\u00fcr Stadt und Landkreis bewerben. Das hat die Stadt Marburg am Dienstag (18. November) mitgeteilt. <!--more--><br \/>\nEine der tragenden S\u00e4ulen der Kinderbetreuung im Landkreis Marburg-Biedenkopf und der Universit\u00e4tsstadt Marburg ist die Kindertagespflege. Kindertagespflegepersonen betreuen eine kleine Gruppe mit maximal f\u00fcnf Kindern im eigenen Haushalt. Sie stellen eine gleichwertige alternative Betreuungsm\u00f6glichkeit f\u00fcr Kinder bis zum Eintritt in die Kita dar.<br \/>\nDie Qualifizierung der Kindertagespflegepersonen \u00fcbernehmen gemeinsam die Jugend\u00e4mter der Universit\u00e4tsstadt Marburg und des Landkreises Marburg-Biedenkopf sowie die Evangelische Familien-Bildungsst\u00e4tte (fbs) als Bildungstr\u00e4ger. Sie umfasst derzeit 193 Unterrichtseinheiten und bildet die Grundlage f\u00fcr eine qualit\u00e4tsvolle Betreuung von Kindern in der Kindertagespflege. Die Teilnehmenden erwerben fundiertes Wissen in den Bereichen fr\u00fchkindliche Bildung und Entwicklung, rechtliche Grundlagen, Kommunikation, Gestaltung des Alltags sowie Ern\u00e4hrung, Hygiene und Kinderschutz.<br \/>\nIm Jahr 2025 haben zw\u00f6lf Teilnehmerinnen ihre Grundqualifizierung zu Kindertagespflegepersonen erfolgreich abgeschlossen. F\u00fcnf Absolventinnen kommen aus dem Landkreis und sieben aus der Stadt Marburg. Marburgs B\u00fcrgermeisterin Nadine Bernshausen und Landrat Jens Womelsdorf \u00fcbereichten ihnen ihre Zertifikate bei einer Feier im Historischen Saal des Rathauses. Fachbereichsleiterin Merle Hemery sowie Vivien Born vom Verein Kindertagespflege Marburg-Biedenkopf gratulierten ebenfalls.<br \/>\nAm 3. Februar 2026 startet die n\u00e4chste kostenfreie Grundqualifizierung zur Kindertagespflegeperson. Sie endet Mitte Juni 2026. Bis zum 5. Dezember 2025 k\u00f6nnen sich Interessierte beim jeweils \u00f6rtlich zust\u00e4ndigen Jugendhilfetr\u00e4ger bewerben. Die Eignung wird vorab gepr\u00fcft, danach meldet das Jugendamt die ausgew\u00e4hlten Kursteilnehmenden dem beauftragten Bildungstr\u00e4ger, der fbs. Weitere Informationen und Termine f\u00fcr individuelle Beratungsgespr\u00e4che gibt es bei den zust\u00e4ndigen Fachberatungen Christina Trusheim f\u00fcr den Landkreis Marburg-Biedenkopf unter 06421\/405-1794 oder E-Mail TrusheimC@marburg-biedenkopf.de sowie Petra Prenzel f\u00fcr die Stadt Marburg unter der Telefonnummer 06421\/201-5424 oder per Mail an petra.prenzel@marburg-stadt.de.<\/p>\n<p>* pm: Stadt Marburg<\/p>\n","protected":false},"excerpt":{"rendered":"<p>Bis Freitag (5. Dezember) k\u00f6nnen sich Interessierte als Kindertagespflegeperson f\u00fcr Stadt und Landkreis bewerben. Das hat die Stadt Marburg am Dienstag (18. November) mitgeteilt.<\/p>\n","protected":false},"author":2,"featured_media":0,"comment_status":"closed","ping_status":"open","sticky":false,"template":"","format":"standard","meta":{"advanced_seo_description":"","spay_email":"","jetpack_publicize_message":"","jetpack_is_tweetstorm":false,"jetpack_publicize_feature_enabled":true},"categories":[5,4],"tags":[1035,173,4277],"jetpack_featured_media_url":"","jetpack_publicize_connections":[],"jetpack_sharing_enabled":true,"jetpack_shortlink":"https:\/\/wp.me\/p8mhvd-4Xj","jetpack-related-posts":[{"id":16195,"url":"http:\/\/marburg.news\/?p=16195","url_meta":{"origin":19053,"position":0},"title":"Zum Weiterlernen: Elf neue Kindertagespflegepersonen f\u00fcr Stadt und Kreis","date":"27. August 2024","format":false,"excerpt":"Elf neue Kindertagespflegepersonen f\u00fcr Kreis und Stadt Marburg haben ihre Qualifikation abgeschlossen. Die Zertifikate haben ihnen Landrat Jens Womelsdorf und B\u00fcrgermeisterin Nadine Bernshausen \u00fcberreicht. Elf Menschen aus dem Landkreis Marburg-Biedenkopf und der Universit\u00e4tsstadt Marburg haben ihre Grundqualifikation f\u00fcr den Dienst in der Kindertagespflege absolviert. Die Zertifikate haben B\u00fcrgermeisterin Nadine Bernshausen\u2026","rel":"","context":"In &quot;Bildung&quot;","img":{"alt_text":"","src":"","width":0,"height":0},"classes":[]},{"id":14689,"url":"http:\/\/marburg.news\/?p=14689","url_meta":{"origin":19053,"position":1},"title":"Neue Qualifizierung: Kurse f\u00fcr angehende Kindertagespflegepersonen","date":"2. Januar 2024","format":false,"excerpt":"Eine Grundqualifizierung f\u00fcr angehende Kindertagespflegepersonen bieten Stadt und Kreis an. Die Anmeldung ist bis Montag (8. Januar) m\u00f6glich. Um als Kindertagespflegeperson anerkannt zu werden, braucht es eine Grundqualifizierung. Diese Qualifizierung bieten der Landkreis Marburg-Biedenkopf und die Universit\u00e4tsstadt Marburg auch im Jahr 2024 wieder an. Los geht es am Dienstag (27.\u2026","rel":"","context":"In &quot;Bildung&quot;","img":{"alt_text":"","src":"","width":0,"height":0},"classes":[]},{"id":18323,"url":"http:\/\/marburg.news\/?p=18323","url_meta":{"origin":19053,"position":2},"title":"Gegen Gewalt: Fachtag f\u00fcr Personal der Kindertagespflege","date":"7. Juli 2025","format":false,"excerpt":"Den Gewaltschutz in der Kindertagespflege wollen Stadt und Kreis st\u00e4rken. Dazu gab ein Fachtag im Landratsamt wichtige Impulse. Was braucht es f\u00fcr ein gutes Gewaltschutz-Konzept in der Kindertagespflege? Um diese Frage ging es bei einem Fachtag im Marburger Landratsamt, den der Landkreis Marburg-Biedenkopf und die Universit\u00e4tsstadt Marburg gemeinsam ausgerichtet haben.\u2026","rel":"","context":"In &quot;Bildung&quot;","img":{"alt_text":"","src":"","width":0,"height":0},"classes":[]},{"id":11587,"url":"http:\/\/marburg.news\/?p=11587","url_meta":{"origin":19053,"position":3},"title":"EFBS im Januar: Qualifizierung f\u00fcr Kindertagespflege","date":"3. Januar 2023","format":false,"excerpt":"Die Stadt verbessert die Bedingungen f\u00fcr Kindertagespflegepersonen. Sie erhalten mehr Entgelt und einen Zuschuss f\u00fcr R\u00e4ume. Mit ihrem Angebot f\u00fcr Familien sind Kindertagespflegepersonen ein wichtiger Baustein in der Marburger Betreuungslandschaft. Das gilt insbesondere f\u00fcr Kinder bis drei Jahre. Die Stadt zahlt ab sofort mehr Entgelt und gew\u00e4hrt einen Zuschuss f\u00fcr\u2026","rel":"","context":"In &quot;Bildung&quot;","img":{"alt_text":"","src":"","width":0,"height":0},"classes":[]},{"id":17765,"url":"http:\/\/marburg.news\/?p=17765","url_meta":{"origin":19053,"position":4},"title":"Gro\u00dfartige Gelegenheit: Fortbildung f\u00fcr mehr Sicherheit in der Jugendarbeit","date":"1. April 2025","format":false,"excerpt":"Eine Fortbildung f\u00fcr Fachkr\u00e4fte und Ehrenamtliche in der Kinder- und Jugendarbeit soll mehr Sicherheit im Umgang mit Krisensituationen vermitteln. Sie findet am Dienstag (20. Mai) im Kreishaus statt. Mehr Sicherheit im Umgang mit Krisensituationen soll eine Fortbildung bieten. Das Angebot des Landkreises Marburg-Biedenkopf und der Stadt Marburg richtet sich an\u2026","rel":"","context":"In &quot;Bildung&quot;","img":{"alt_text":"","src":"","width":0,"height":0},"classes":[]},{"id":10304,"url":"http:\/\/marburg.news\/?p=10304","url_meta":{"origin":19053,"position":5},"title":"Hereinkommen: 13 neue Kindertagespflegende f\u00fcr Stadt und Kreis","date":"5. August 2022","format":false,"excerpt":"13 neue Kindertagespflegende begr\u00fc\u00dften Kreis und Stadt Marburg. Landrat Jens Womelsdorf und B\u00fcrgermeisterin Nadine Bernshausen \u00fcberreichten ihnen die Zertifikate. Nach dem Abschluss der Grundqualifizierung zur Kindertagespflege-Person haben 13 Teilnehmende aus dem Landkreis Marburg-Biedenkopf und der Universit\u00e4tsstadt Marburg ihre Zertifikate erhalten. Landrat Jens Womelsdorf und B\u00fcrgermeisterin Nadine Bernshausen \u00fcberreichten sie in\u2026","rel":"","context":"In &quot;Soziales&quot;","img":{"alt_text":"","src":"","width":0,"height":0},"classes":[]}],"_links":{"self":[{"href":"http:\/\/marburg.news\/index.php?rest_route=\/wp\/v2\/posts\/19053"}],"collection":[{"href":"http:\/\/marburg.news\/index.php?rest_route=\/wp\/v2\/posts"}],"about":[{"href":"http:\/\/marburg.news\/index.php?rest_route=\/wp\/v2\/types\/post"}],"author":[{"embeddable":true,"href":"http:\/\/marburg.news\/index.php?rest_route=\/wp\/v2\/users\/2"}],"replies":[{"embeddable":true,"href":"http:\/\/marburg.news\/index.php?rest_route=%2Fwp%2Fv2%2Fcomments&post=19053"}],"version-history":[{"count":0,"href":"http:\/\/marburg.news\/index.php?rest_route=\/wp\/v2\/posts\/19053\/revisions"}],"wp:attachment":[{"href":"http:\/\/marburg.news\/index.php?rest_route=%2Fwp%2Fv2%2Fmedia&parent=19053"}],"wp:term":[{"taxonomy":"category","embeddable":true,"href":"http:\/\/marburg.news\/index.php?rest_route=%2Fwp%2Fv2%2Fcategories&post=19053"},{"taxonomy":"post_tag","embeddable":true,"href":"http:\/\/marburg.news\/index.php?rest_route=%2Fwp%2Fv2%2Ftags&post=19053"}],"curies":[{"name":"wp","href":"https:\/\/api.w.org\/{rel}","templated":true}]}}