{"id":19051,"date":"2025-11-17T16:16:43","date_gmt":"2025-11-17T15:16:43","guid":{"rendered":"http:\/\/marburg.news\/?p=19051"},"modified":"2025-11-17T16:16:43","modified_gmt":"2025-11-17T15:16:43","slug":"antisemitisch-agitieren-parolen-und-symbole-auf-litfasssaeule-gesprueht","status":"publish","type":"post","link":"http:\/\/marburg.news\/?p=19051","title":{"rendered":"Antisemitisch agitieren: Parolen und Symbole auf Litfa\u00dfs\u00e4ule gespr\u00fcht"},"content":{"rendered":"<p>Antisemitische Parolen und Symbole haben Unbekannte mit roter Farbe auf eine Litfa\u00dfs\u00e4ule gespr\u00fcht. Begangen wurde diese Straftat zwischen Mittwoch (12. November) nach 8.30 Uhr und Donnerstag (13. November) vor 17.30 Uhr in der Gro\u00dfseelheimer Stra\u00dfe in H\u00f6he der Hausnummer 8a. <!--more--><br \/>\nDas Entfernen der Farbschmierereien wurde veranlasst. Der Staatsschutz der Polizei ermittelt wegen des Verdachts der Volksverhetzung. Hinweise nimmt die Polizei Marburg unter der Telefonnummer 06421\/406-0 entgegen.<\/p>\n<p>* pm: Polizei Marburg<\/p>\n","protected":false},"excerpt":{"rendered":"<p>Antisemitische Parolen und Symbole haben Unbekannte mit roter Farbe auf eine Litfa\u00dfs\u00e4ule gespr\u00fcht. Begangen wurde diese Straftat zwischen Mittwoch (12. November) nach 8.30 Uhr und Donnerstag (13. November) vor 17.30 Uhr in der Gro\u00dfseelheimer Stra\u00dfe in H\u00f6he der Hausnummer 8a.<\/p>\n","protected":false},"author":2,"featured_media":0,"comment_status":"closed","ping_status":"open","sticky":false,"template":"","format":"standard","meta":{"advanced_seo_description":"","spay_email":"","jetpack_publicize_message":"","jetpack_is_tweetstorm":false,"jetpack_publicize_feature_enabled":true},"categories":[6],"tags":[1353,16,2171],"jetpack_featured_media_url":"","jetpack_publicize_connections":[],"jetpack_sharing_enabled":true,"jetpack_shortlink":"https:\/\/wp.me\/p8mhvd-4Xh","jetpack-related-posts":[{"id":19905,"url":"http:\/\/marburg.news\/?p=19905","url_meta":{"origin":19051,"position":0},"title":"Langer Zeitraum: Nazi-Symbole auf Radweg bei Gisselberg","date":"20. April 2026","format":false,"excerpt":"Farbschmierereien auf dem Fahrradweg zwischen Marburg und Gisselberg hat eine Marburger Polizeistreife am Samstag (18. April) gegen 18.30 Uhr nahe der Gie\u00dfener Stra\u00dfe festgestellt. Unbekannte hatten in schwarzer Farbe nationalsozialistische Symbole auf den Asphalt gespr\u00fcht. Das Entfernen der Farbschmierereien wurde veranlasst. Der genaue Tatzeitraum konnte nicht n\u00e4her eingegrenzt werden. Hinweise\u2026","rel":"","context":"In &quot;Sonstiges&quot;","img":{"alt_text":"","src":"","width":0,"height":0},"classes":[]},{"id":18799,"url":"http:\/\/marburg.news\/?p=18799","url_meta":{"origin":19051,"position":1},"title":"Antisemitischer Aufkleber: Parole klebte an Litfa\u00dfs\u00e4ule","date":"7. Oktober 2025","format":false,"excerpt":"Eine antisemitische Parole klebte am Montag (6. Oktober) an einer Litfa\u00dfs\u00e4ule. Eine Zeugin informierte gegen 16.15 Uhr die Polizei dar\u00fcber. Die antisemitische Parole hatte sie an einer Litfa\u00dfs\u00e4ule in der Haspelstra\u00dfe in H\u00f6he der Hausnummer 9 entdeckt. Unbekannte hatten die Parole in roter Farbe auf ein wei\u00dfes Papier gespr\u00fcht und\u2026","rel":"","context":"In &quot;Sonstiges&quot;","img":{"alt_text":"","src":"","width":0,"height":0},"classes":[]},{"id":13749,"url":"http:\/\/marburg.news\/?p=13749","url_meta":{"origin":19051,"position":2},"title":"Angep\u00f6belt: Vorl\u00e4ufige Festnahme wegen Volksverhetzung","date":"31. August 2023","format":false,"excerpt":"Eine Festnahme erfolgte am Mittwoch (30. August) wegen Volksverhetzung. Der 52 Jahre alte Verd\u00e4chtige hatte mehrere Menschen rassistisch beleidigt. Immer wenn eine Person augenscheinlich ausl\u00e4ndischer Herkunft an ihm vorbeilief oder sich in unmittelbarer N\u00e4he befand, rief der Mann lauthals beleidigende und ausl\u00e4nderfeindliche Parolen. Letztlich nahm die Polizei den - in\u2026","rel":"","context":"In &quot;Sonstiges&quot;","img":{"alt_text":"","src":"","width":0,"height":0},"classes":[]},{"id":18923,"url":"http:\/\/marburg.news\/?p=18923","url_meta":{"origin":19051,"position":3},"title":"Gespr\u00fcht: Nazi-Symbole in Fu\u00dfg\u00e4ngerunterf\u00fchrung","date":"30. Oktober 2025","format":false,"excerpt":"Eine Mitteilung \u00fcber verschiedene Farbschmierereien in der Unterf\u00fchrung von der Zimmermannstra\u00dfe zu den Aff\u00f6llerwiesen erhielt die Polizei am Mittwoch (29. Oktober) gegen 11 Uhr. Unbekannte hatten in pinker Farbe nationalsozialistische Symbole auf den Boden der Fu\u00dfg\u00e4ngerunterf\u00fchrung gespr\u00fcht. Den Schaden sch\u00e4tzt die Polizei auf zirka 100 Euro. Das Entfernen der Farbschmierereien\u2026","rel":"","context":"In &quot;Sonstiges&quot;","img":{"alt_text":"","src":"","width":0,"height":0},"classes":[]},{"id":16368,"url":"http:\/\/marburg.news\/?p=16368","url_meta":{"origin":19051,"position":4},"title":"Alles im Zug: Politische Parolen an Hauswand gespr\u00fcht","date":"18. September 2024","format":false,"excerpt":"Einen politisch motivierten Schriftzug schmierten Unbekannte auf die Hauswand eines Mehrfamilienhauses an der Heusingerstra\u00dfe. Der Staatsschutz hat die Ermittlungen aufgenommen. Zeugen, die in diesem Zusammenhang zwischen Montag (16. September) nach 16 Uhr und Dienstag (17. September) bis 18.30 Uhr verd\u00e4chtige Personen beobachtet haben, werden gebeten, sich mit der Kriminalpolizei Marburg\u2026","rel":"","context":"In &quot;Sonstiges&quot;","img":{"alt_text":"","src":"","width":0,"height":0},"classes":[]},{"id":9674,"url":"http:\/\/marburg.news\/?p=9674","url_meta":{"origin":19051,"position":5},"title":"Neue Parolen: Polizei sucht Urheber von Hakenkreuz und Schriftzug","date":"27. Mai 2022","format":false,"excerpt":"Ein kleines Hakenkreuz und einen Schriftzug hinterlie\u00dfen Unbekannte an einem Spielh\u00e4uschen auf dem Spielplatz im Northamptonpark am Friedensplatz. Der Schaden betr\u00e4gt etwa 50 Euro. Entstanden sind die Schmierereien zwischen Dienstag (24. Mai) und Mittwoch (25. Mai). Der Staatsschutz hat die Ermittlungen \u00fcbernommen und bittet um Hinweise. * pm: Polizei Marburg","rel":"","context":"In &quot;Sonstiges&quot;","img":{"alt_text":"","src":"","width":0,"height":0},"classes":[]}],"_links":{"self":[{"href":"http:\/\/marburg.news\/index.php?rest_route=\/wp\/v2\/posts\/19051"}],"collection":[{"href":"http:\/\/marburg.news\/index.php?rest_route=\/wp\/v2\/posts"}],"about":[{"href":"http:\/\/marburg.news\/index.php?rest_route=\/wp\/v2\/types\/post"}],"author":[{"embeddable":true,"href":"http:\/\/marburg.news\/index.php?rest_route=\/wp\/v2\/users\/2"}],"replies":[{"embeddable":true,"href":"http:\/\/marburg.news\/index.php?rest_route=%2Fwp%2Fv2%2Fcomments&post=19051"}],"version-history":[{"count":0,"href":"http:\/\/marburg.news\/index.php?rest_route=\/wp\/v2\/posts\/19051\/revisions"}],"wp:attachment":[{"href":"http:\/\/marburg.news\/index.php?rest_route=%2Fwp%2Fv2%2Fmedia&parent=19051"}],"wp:term":[{"taxonomy":"category","embeddable":true,"href":"http:\/\/marburg.news\/index.php?rest_route=%2Fwp%2Fv2%2Fcategories&post=19051"},{"taxonomy":"post_tag","embeddable":true,"href":"http:\/\/marburg.news\/index.php?rest_route=%2Fwp%2Fv2%2Ftags&post=19051"}],"curies":[{"name":"wp","href":"https:\/\/api.w.org\/{rel}","templated":true}]}}