{"id":19048,"date":"2025-11-17T14:25:05","date_gmt":"2025-11-17T13:25:05","guid":{"rendered":"http:\/\/marburg.news\/?p=19048"},"modified":"2025-11-17T14:25:05","modified_gmt":"2025-11-17T13:25:05","slug":"permanent-protestieren-jana-trommer-diesmal-auf-der-biegenstrasse","status":"publish","type":"post","link":"http:\/\/marburg.news\/?p=19048","title":{"rendered":"Permanent protestieren: Jana Trommer diesmal auf der Biegenstra\u00dfe"},"content":{"rendered":"<p>Eine &#8222;Kunstaktion&#8220; zur Weltklimakonferenz &#8222;#COP30&#8220; hat Jana Trommer f\u00fcr Freitag (21. November) angek\u00fcndigt. Sie soll &#8222;#F\u00fcrsLebenStehen&#8220;. <!--more--><br \/>\nGem\u00e4\u00df ihrer \u00f6ffentlichen Aktions-Ank\u00fcndigung von Montag (17. November) will Jana Trommer am Freitag (21. November) von 16 bis 16.15 Uhr auf der Biegenstra\u00dfe beim Fu\u00dfg\u00e4nger\u00fcbergang zum Cineplex eine &#8222;Kunstaktion durchf\u00fchren, mit der ich die St\u00f6rungen durch die Klimakrise symbolisiere, auf die Gefahren durch fehlenden Klimaschutz hinweise und zugleich von meiner Regie\u00adrung fordere, ernsthafte Schutzma\u00dfnahmen durch Klimaschutz zu ergreifen&#8220;. Sie werde dann die Stra\u00dfe \u00fcber eine gr\u00fcne Fu\u00dfg\u00e4ngerampel betreten und die Fahrbahn nicht wieder verlassen. &#8222;Ich werde vor 16.15 Uhr nicht freiwillig aufstehen und gehen. Wenn ich davor von der Stra\u00dfe getragen oder gezogen werde, werde ich versuchen, dorthin zur\u00fcckzukehren.&#8220;<br \/>\n<a href=\"http:\/\/marburg.news\/?p=19002\">\u00c4hnliche Aktionen<\/a> hat die Marburger Kinderpsychologin in den vorangegangenen Wochen wiederholt durchgef\u00fchrt. Sie versteht sie als &#8222;Akt Zivilen Ungehorsams in der Klimakrise, gegen die unsere Regierung zu wenig unternimmt, um Menschen zu sch\u00fctzen&#8220; Ihr Verhalten sei dabei strikt gewaltfrei.<br \/>\n&#8222;Wenn der Staat meinen Protest bestraft statt Menschen vor der Klimakrise zu sch\u00fctzen, sind Straf- oder Bu\u00df\u00adgeld\u00adverfahren Teil meines Protests&#8220;, erkl\u00e4rte Trommer. &#8222;Ich fordere von der Bundesregierung, z\u00fcgig Ma\u00dfnahmen f\u00fcr sozial gerechten Klimaschutz einzuleiten. Ich appelliere an die wartenden Autofahrer*innen, die Wartezeit zu nutzen, um sich ebenfalls an die Bundesregierung zu wenden.&#8220;<\/p>\n<p>* pm: Jana Trommer, Marburg<\/p>\n","protected":false},"excerpt":{"rendered":"<p>Eine &#8222;Kunstaktion&#8220; zur Weltklimakonferenz &#8222;#COP30&#8220; hat Jana Trommer f\u00fcr Freitag (21. November) angek\u00fcndigt. Sie soll &#8222;#F\u00fcrsLebenStehen&#8220;.<\/p>\n","protected":false},"author":2,"featured_media":0,"comment_status":"closed","ping_status":"open","sticky":false,"template":"","format":"standard","meta":{"advanced_seo_description":"","spay_email":"","jetpack_publicize_message":"","jetpack_is_tweetstorm":false,"jetpack_publicize_feature_enabled":true},"categories":[2,4],"tags":[470,5169,506],"jetpack_featured_media_url":"","jetpack_publicize_connections":[],"jetpack_sharing_enabled":true,"jetpack_shortlink":"https:\/\/wp.me\/p8mhvd-4Xe","jetpack-related-posts":[{"id":19166,"url":"http:\/\/marburg.news\/?p=19166","url_meta":{"origin":19048,"position":0},"title":"Auf der Biegenstra\u00dfe: Trommer widersetzt sich und setzt sich wieder","date":"7. Dezember 2025","format":false,"excerpt":"Ihre n\u00e4chste \"Kunstaktion\" m\u00f6chte Jana Trommer am Freitag (12. Dezember) von 16 bis 16.15 Uhr auf der Biegenstra\u00dfe durchf\u00fchren. Erneut protestiert die Marburger Psychologin damit gegen mangelnden Klimaschutz in Deutschland. Beim Fu\u00dfg\u00e4nger\u00fcbergang an der Einm\u00fcndung der Wolffstra\u00dfe will Jana Trommer die St\u00f6rungen durch die Klimakrise symbolisieren und zugleich auf die\u2026","rel":"","context":"In &quot;Kultur&quot;","img":{"alt_text":"","src":"","width":0,"height":0},"classes":[]},{"id":19002,"url":"http:\/\/marburg.news\/?p=19002","url_meta":{"origin":19048,"position":1},"title":"F\u00fcr Klimaschutz: Jana Trommer setzt sich auf die Ketzerbach","date":"10. November 2025","format":false,"excerpt":"Jana Trommer macht weiter. Am Freitag (14. November) will sie in der Ketzerbach aktiv werden. Die Fahrbahn von Autos als Symbol fossiler Lebensweise ist der einzige \u00f6ffentliche - gut erreichbare, sinnvolle und zwangsl\u00e4ufig notwendige - Ausdrucksraum, um Gef\u00fchle zur Klimakatastrophe im direkten Zusammenhang zu deren Bedingungen zu symbolisieren und gleichsam\u2026","rel":"","context":"In &quot;Politik&quot;","img":{"alt_text":"","src":"","width":0,"height":0},"classes":[]},{"id":19124,"url":"http:\/\/marburg.news\/?p=19124","url_meta":{"origin":19048,"position":2},"title":"Kunst f\u00fcrs Klima: Jana Trommer setzt sich vor die Elisabethkirche","date":"1. Dezember 2025","format":false,"excerpt":"Ihre allw\u00f6chentliche \"Kunstaktion\" f\u00fcr Klimaschutz m\u00f6chte Jana Trommer diesmal vor der Elisabethkirche durchf\u00fchren. Das hat die Psychologin am Montag (1. Dezember) angek\u00fcndigt. Ihre Aktionsank\u00fcndigung entspricht inhaltlich wieder einmal den vorherigen Verlautbarungen: \"Am Freitag (5. Dezember) von 16 bis 16.15 Uhr werde ich in Marburg an der Elisabethkirche - Fu\u00dfg\u00e4nger\u00fcbergang Elisabethstra\u00dfe\u2026","rel":"","context":"In &quot;Kultur&quot;","img":{"alt_text":"","src":"","width":0,"height":0},"classes":[]},{"id":19603,"url":"http:\/\/marburg.news\/?p=19603","url_meta":{"origin":19048,"position":3},"title":"Versucht: Jana Trommer setzt sich auf die Biegenstra\u00dfe","date":"23. Februar 2026","format":false,"excerpt":"Mit dem immer gleichen Text k\u00fcndigt Jana Trommer ihre w\u00f6chentlichen Aktionen an. Mit der Forderung nach wirksamem klimaschutz setzt sie sich auf Stra\u00dfen in der Marburger Innenstadt. Am Freitag (27. Februar) will sie von etwa 15.30 bis 15.45 Uhr auf der Biegenstra\u00dfe beim Fu\u00dfg\u00e4nger\u00fcbergang an der Einm\u00fcndung der Wolfstra\u00dfe sitzen.\u2026","rel":"","context":"In &quot;Kultur&quot;","img":{"alt_text":"","src":"","width":0,"height":0},"classes":[]},{"id":19677,"url":"http:\/\/marburg.news\/?p=19677","url_meta":{"origin":19048,"position":4},"title":"Gegen Gleichg\u00fcltigkeit: Jana Trommer sitzt diemsal im S\u00fcdviertel","date":"9. M\u00e4rz 2026","format":false,"excerpt":"Jana Trommer macht weiter. Ihre n\u00e4chste \"Kunstaktion\" hat sie f\u00fcr Freitag (13. M\u00e4rz) angek\u00fcndigt. Diesmal m\u00f6chte Jana Trommer ihre allw\u00f6chentliche \"Kunstaktion\" f\u00fcr Klimaschutz auf der Frankfurter Stra\u00dfe beim Fu\u00dfg\u00e4nger\u00fcbergang \"Auf der Weide\" durchf\u00fchren. Mit ihrer Aktion am Freitag (13. M\u00e4rz) von 16.30 bis 16.45 Uhr m\u00f6chte die Marburger Psychologin wieder\u2026","rel":"","context":"In &quot;Kultur&quot;","img":{"alt_text":"","src":"","width":0,"height":0},"classes":[]},{"id":19495,"url":"http:\/\/marburg.news\/?p=19495","url_meta":{"origin":19048,"position":5},"title":"Aktionsank\u00fcndigung: Jana Trommer setzt sich auf die Gutenbergstra\u00dfe","date":"9. Februar 2026","format":false,"excerpt":"Ihre n\u00e4chste \u00f6ffentliche Aktions-Ank\u00fcndigung hat die Psychologin Jana Trommer am Montag (9. Februar) verschickt. Stattfinden soll sie am Freitag (13. Februar). Von 16.30 bis 16.45 Uhr werde sie auf der Gutenbergstra\u00dfe beim Fu\u00dfg\u00e4nger\u00fcbergang an der Ecke zur Universit\u00e4tsstra\u00dfe eine \"Kunstaktion\" durchf\u00fchren. Damit wolle sie die St\u00f6rungen durch die Klimakrise symbolisieren\u2026","rel":"","context":"In &quot;Kultur&quot;","img":{"alt_text":"","src":"","width":0,"height":0},"classes":[]}],"_links":{"self":[{"href":"http:\/\/marburg.news\/index.php?rest_route=\/wp\/v2\/posts\/19048"}],"collection":[{"href":"http:\/\/marburg.news\/index.php?rest_route=\/wp\/v2\/posts"}],"about":[{"href":"http:\/\/marburg.news\/index.php?rest_route=\/wp\/v2\/types\/post"}],"author":[{"embeddable":true,"href":"http:\/\/marburg.news\/index.php?rest_route=\/wp\/v2\/users\/2"}],"replies":[{"embeddable":true,"href":"http:\/\/marburg.news\/index.php?rest_route=%2Fwp%2Fv2%2Fcomments&post=19048"}],"version-history":[{"count":0,"href":"http:\/\/marburg.news\/index.php?rest_route=\/wp\/v2\/posts\/19048\/revisions"}],"wp:attachment":[{"href":"http:\/\/marburg.news\/index.php?rest_route=%2Fwp%2Fv2%2Fmedia&parent=19048"}],"wp:term":[{"taxonomy":"category","embeddable":true,"href":"http:\/\/marburg.news\/index.php?rest_route=%2Fwp%2Fv2%2Fcategories&post=19048"},{"taxonomy":"post_tag","embeddable":true,"href":"http:\/\/marburg.news\/index.php?rest_route=%2Fwp%2Fv2%2Ftags&post=19048"}],"curies":[{"name":"wp","href":"https:\/\/api.w.org\/{rel}","templated":true}]}}