{"id":19047,"date":"2025-11-17T13:57:54","date_gmt":"2025-11-17T12:57:54","guid":{"rendered":"http:\/\/marburg.news\/?p=19047"},"modified":"2025-11-17T13:57:54","modified_gmt":"2025-11-17T12:57:54","slug":"parallel-praesentieren-sonderausstellung-von-susanna-hertrich","status":"publish","type":"post","link":"http:\/\/marburg.news\/?p=19047","title":{"rendered":"Parallel pr\u00e4sentieren: Sonderausstellung von Susanna Hertrich"},"content":{"rendered":"<p>Das Kunstmuseum und das Mineralogische Museum zeigen Werke von Susanna Hertrich. Gleichzeitig sind sie im Kunstmuseum und im Schloss zu bewundern. <!--more--><br \/>\nMit der neuen Sonderausstellung &#8222;Susanna Hertrich &#8211; Crystalline Cosmologies. Unruhige Anordnungen&#8220; pr\u00e4sentieren das Kunstmuseum Marburg und das Mineralogische Museum eine gemeinsame Ausstellung der K\u00fcnstlerin Susanna Hertrich. Auf zwei Orte verteilt entfaltet sich im Landgrafenschloss und im Kunstmuseum eine Werkschau, die k\u00fcnstlerische Forschung, spekulative Technologie und wissenschaftliche Denkmodelle miteinander verkn\u00fcpft. Im Kleinen Rittersaal des Landgrafenschlosses pr\u00e4sentiert Hertrich neue Arbeiten zu Zeitkristallen, quantenphysikalischen Zust\u00e4nden, die sich g\u00e4ngigen Wahrnehmungskategorien entziehen. Erg\u00e4nzt werden sie durch Objekte aus den universit\u00e4ren Mineralien- und physikalischen Sammlungen.<br \/>\nIm Foyer des Kunstmuseums an der Biegenstra\u00dfe steht das Forschungsprojekt &#8222;Sensorium of Animals&#8220; im Mittelpunkt. Inspiriert vom Elefantenr\u00fcsselfisch, der elektromagnetische Felder wahrnimmt, untersucht Hertrich, wie sich unsichtbare Signalwelten auf unsere Gesellschaft auswirken k\u00f6nnten. Die Werke von Hertrich machen deutlich, dass Kunst und Wissenschaft keine Gegens\u00e4tze sind, sondern unterschiedliche Werkzeuge, um die Welt zu verstehen und neu zu denken.<br \/>\nDie Sonderausstellung &#8222;Susanna Hertrich &#8211; Crystalline Cosmologies. Unruhige Anordnungen&#8220; ist von Freitag (21. November) bis 15. Februar 2026 im Kunstmuseum Marburg und vom 21. November 2025 bis 19. April 2026 im Landgrafenschloss Marburg zu sehen. Hertrich wurde in Paris geboren und lebt in Berlin. Ihre international gezeigten Arbeiten bewegen sich an der Schnittstelle von Kunst und Techno-Wissenschaft und untersuchen das Zusammenspiel von Mensch, Technologie und Umwelt.<br \/>\nHertrichs Projekte wurden unter anderem in der Triennale Milano, dem Vitra Design Museum und dem Haus der Kulturen der Welt in Berlin gezeigt. Sie erhielt zahlreiche F\u00f6rderungen und Residenzen unter anderem von der Kulturstiftung des Bundes und dem Goethe-Institut, und kooperierte mit Forschungslaboren wie dem Critical Media Lab Basel. 2021\/22 erschien ihr Buch &#8222;Following the Elephant-nosed Fish. Reimagining our Sensorium&#8220;, basierend auf dem Forschungsprojekt &#8222;Sensorium of Animals&#8220;.<\/p>\n<p>* pm: Philipps-Universit\u00e4t Marburg<\/p>\n","protected":false},"excerpt":{"rendered":"<p>Das Kunstmuseum und das Mineralogische Museum zeigen Werke von Susanna Hertrich. Gleichzeitig sind sie im Kunstmuseum und im Schloss zu bewundern.<\/p>\n","protected":false},"author":2,"featured_media":0,"comment_status":"closed","ping_status":"open","sticky":false,"template":"","format":"standard","meta":{"advanced_seo_description":"","spay_email":"","jetpack_publicize_message":"","jetpack_is_tweetstorm":false,"jetpack_publicize_feature_enabled":true},"categories":[5,3],"tags":[216,6946,7200],"jetpack_featured_media_url":"","jetpack_publicize_connections":[],"jetpack_sharing_enabled":true,"jetpack_shortlink":"https:\/\/wp.me\/p8mhvd-4Xd","jetpack-related-posts":[{"id":19104,"url":"http:\/\/marburg.news\/?p=19104","url_meta":{"origin":19047,"position":0},"title":"Keine Koinzidenz: Zeitgleich zwei Ausstellungen von Susanna Hertrich","date":"25. November 2025","format":false,"excerpt":"Susanna Hertrich zeigt \"Crystalline Cosmologies - unruhige Anordnungen\". Die Sonderausstellung l\u00e4uft im Kunstmuseum und Mineralogischen Museum bis Februar beziehungsweise April 2026. Mit \"Crystalline Cosmologies\" pr\u00e4sentieren das Kunstmuseum und das Mineralogische Museum seit Freitag (21. November) eine gemeinsame Ausstellung der K\u00fcnstlerin Susanna Hertrich. Auf zwei Orte verteilt - im Landgrafenschloss (Kleiner\u2026","rel":"","context":"In &quot;Bildung&quot;","img":{"alt_text":"","src":"","width":0,"height":0},"classes":[]},{"id":18896,"url":"http:\/\/marburg.news\/?p=18896","url_meta":{"origin":19047,"position":1},"title":"Gegen Gew\u00f6hnung: Zum 100. Geburtstag von Hanna Korfl\u00fcr","date":"24. Oktober 2025","format":false,"excerpt":"Hanna Korfl\u00fcr war eine bedeutende Marburger K\u00fcnstlerin. Zu ihrem 100. Geburtstag pr\u00e4sentieren das Universit\u00e4tsmuseum eine Sonderausstellung und die Statt ein Werkverzeichnis. Mit der Sonderausstellung \"Hanna Korfl\u00fcr (1925-1993) - Leben. Zeit. Raum.\" und einem Werkverzeichnis bieten das Kunstmuseum der Philipps-Universit\u00e4t und die Universit\u00e4tsstadt Marburg einen Blick auf das beeindruckende Schaffen der\u2026","rel":"","context":"In &quot;Kultur&quot;","img":{"alt_text":"","src":"","width":0,"height":0},"classes":[]},{"id":16721,"url":"http:\/\/marburg.news\/?p=16721","url_meta":{"origin":19047,"position":2},"title":"Museum und Marburg: Ausstellung pr\u00e4sentiert Graphik und Zeichnungen","date":"23. Oktober 2024","format":false,"excerpt":"Die Ausstellung \"Sehen. Vergleichen Lernen.\"wird am Donnerstag (31. Oktober)im Kunstmuseum er\u00f6ffnet. Sie pr\u00e4sentiert Druckgraphiken und Zeichnungen der vergangenen 500 Jahre. Wie ver\u00e4nderte sich die graphische Sammlung des Kunstmuseums in Marburg seit seiner Gr\u00fcndung im Jahr 1927? Was k\u00f6nnen wir durch sie lernen? Die Ausstellung \"Sehen. Vergleichen. Lernen.\" im Kunstmuseum der\u2026","rel":"","context":"In &quot;Kultur&quot;","img":{"alt_text":"","src":"","width":0,"height":0},"classes":[]},{"id":19921,"url":"http:\/\/marburg.news\/?p=19921","url_meta":{"origin":19047,"position":3},"title":"Gespr\u00e4chsstoff: Retrospektive w\u00fcrdigt Katharina Natalie Eitel","date":"22. April 2026","format":false,"excerpt":"Eine gro\u00dfe Retrospektive w\u00fcrdigt Katharina Natalie Eitel. Die neue Sonderausstellung im Kunstmuseum Marburg findet von Sonntag (26. April) bis Freitag (12. Juli) statt. Mit der neuen Sonderausstellung \"sehen ? innehalten ? werden. Katharina Natalie Eitel\" werfen das Museum f\u00fcr Kunst und Kulturgeschichte der Philipps-Universit\u00e4t Marburg und die \"Stiftung HOFFNUNG13\" einen\u2026","rel":"","context":"In &quot;Kultur&quot;","img":{"alt_text":"","src":"","width":0,"height":0},"classes":[]},{"id":19942,"url":"http:\/\/marburg.news\/?p=19942","url_meta":{"origin":19047,"position":4},"title":"Im Kunstmuseum: Retrospektive w\u00fcrdigt Katharina Natalie Eitel","date":"27. April 2026","format":false,"excerpt":"Eine gro\u00dfe Retrospektive w\u00fcrdigt Katharina Natalie Eitel. Die neue Sonderausstellung im Kunstmuseum Marburg wurde am Sonntag (26. April) er\u00f6ffnet. Erstmals werden in einer umfangreichen Retrospektive gro\u00dfe Teile des Gesamtwerks der Marburger K\u00fcnstlerin Katharina Natalie Eitel gezeigt. In mehreren S\u00e4len zeigt das Kunstmuseum Marburg einen \u00dcberblick \u00fcber das vielf\u00e4ltige Schaffen mit\u2026","rel":"","context":"In &quot;Kultur&quot;","img":{"alt_text":"","src":"","width":0,"height":0},"classes":[]},{"id":10135,"url":"http:\/\/marburg.news\/?p=10135","url_meta":{"origin":19047,"position":5},"title":"Allte Ansichten: Marburg neu entdecken im Museum","date":"15. Juli 2022","format":false,"excerpt":"Marburg neu entdecken k\u00f6nnen Interessierte im Universit\u00e4tsmuseum. Eine Ausstellung zeigt dort Stadtansichten vom 16. bis zum 20. Jahrhundert. Mit rund 300 Bildern von Marburg aus den Bereichen Graphik und Malerei besitzt das Museum f\u00fcr Kunst und Kulturgeschichte der Philipps-Universit\u00e4t einen umfassenden Bestand historischer Darstellungen der Universit\u00e4tsstadt an der Lahn. Zum\u2026","rel":"","context":"In &quot;Kultur&quot;","img":{"alt_text":"","src":"","width":0,"height":0},"classes":[]}],"_links":{"self":[{"href":"http:\/\/marburg.news\/index.php?rest_route=\/wp\/v2\/posts\/19047"}],"collection":[{"href":"http:\/\/marburg.news\/index.php?rest_route=\/wp\/v2\/posts"}],"about":[{"href":"http:\/\/marburg.news\/index.php?rest_route=\/wp\/v2\/types\/post"}],"author":[{"embeddable":true,"href":"http:\/\/marburg.news\/index.php?rest_route=\/wp\/v2\/users\/2"}],"replies":[{"embeddable":true,"href":"http:\/\/marburg.news\/index.php?rest_route=%2Fwp%2Fv2%2Fcomments&post=19047"}],"version-history":[{"count":0,"href":"http:\/\/marburg.news\/index.php?rest_route=\/wp\/v2\/posts\/19047\/revisions"}],"wp:attachment":[{"href":"http:\/\/marburg.news\/index.php?rest_route=%2Fwp%2Fv2%2Fmedia&parent=19047"}],"wp:term":[{"taxonomy":"category","embeddable":true,"href":"http:\/\/marburg.news\/index.php?rest_route=%2Fwp%2Fv2%2Fcategories&post=19047"},{"taxonomy":"post_tag","embeddable":true,"href":"http:\/\/marburg.news\/index.php?rest_route=%2Fwp%2Fv2%2Ftags&post=19047"}],"curies":[{"name":"wp","href":"https:\/\/api.w.org\/{rel}","templated":true}]}}