{"id":19046,"date":"2025-11-17T13:05:55","date_gmt":"2025-11-17T12:05:55","guid":{"rendered":"http:\/\/marburg.news\/?p=19046"},"modified":"2025-11-17T13:05:55","modified_gmt":"2025-11-17T12:05:55","slug":"sorgenvoll-suchen-13-jaehrige-vermisste-wohlbehalten-aufgefunden","status":"publish","type":"post","link":"http:\/\/marburg.news\/?p=19046","title":{"rendered":"Sorgenvoll suchen: 13-j\u00e4hrige Vermisste wohlbehalten aufgefunden"},"content":{"rendered":"<p>Die 13-j\u00e4hrige Vermisste aus Marburg ist wohlauf. Die Suche nach ihr wurde eingestellt. <!--more--><br \/>\nVermisst wurde sie seit Sonntag (13. November). Am Montag (14. November) gab die Polizei einen <a href=\"http:\/\/marburg.news\/?p=19034\">Suchaufruf nach der 13-j\u00e4hrigen Sch\u00fclerin<\/a> heraus. Nun wurde das M\u00e4dchen wohlbehalten aufgefunden.<\/p>\n<p>* pm: Polizei Marburg<\/p>\n","protected":false},"excerpt":{"rendered":"<p>Die 13-j\u00e4hrige Vermisste aus Marburg ist wohlauf. Die Suche nach ihr wurde eingestellt.<\/p>\n","protected":false},"author":2,"featured_media":0,"comment_status":"closed","ping_status":"open","sticky":false,"template":"","format":"standard","meta":{"advanced_seo_description":"","spay_email":"","jetpack_publicize_message":"","jetpack_is_tweetstorm":false,"jetpack_publicize_feature_enabled":true},"categories":[6],"tags":[263,16,123],"jetpack_featured_media_url":"","jetpack_publicize_connections":[],"jetpack_sharing_enabled":true,"jetpack_shortlink":"https:\/\/wp.me\/p8mhvd-4Xc","jetpack-related-posts":[{"id":19258,"url":"http:\/\/marburg.news\/?p=19258","url_meta":{"origin":19046,"position":0},"title":"Fort f\u00fcr Wochen: 14-j\u00e4hrige Vermisste ist heimgekehrt","date":"22. Dezember 2025","format":false,"excerpt":"Zur\u00fcckgenommen wurde am Montag (22. Dezember) Die \u00d6ffentlichkeitsfahndung nach einer 14-j\u00e4hrigen Vermissten aus Marburg. Das M\u00e4dchen kehrte wohlbehalten nach Hause zur\u00fcck. Die Polizei bedankte sich f\u00fcr die Unterst\u00fctzung. Ddie Jugendliche war seit Freitag (28. November) vermisst worden. * pm: Polizei Marburg","rel":"","context":"In &quot;Sonstiges&quot;","img":{"alt_text":"","src":"","width":0,"height":0},"classes":[]},{"id":16911,"url":"http:\/\/marburg.news\/?p=16911","url_meta":{"origin":19046,"position":1},"title":"Wohlbehalten: Vermisste Jugendliche kehrte zur\u00fcck","date":"18. November 2024","format":false,"excerpt":"Die 14-j\u00e4hrige Vermisste aus Marburg ist wohlbehalten zu Ihrer Familie zur\u00fcckgekehrt. Die \u00d6ffentlichkeitsfahndung wurde daraufhin zur\u00fcckgenommen. Ver\u00f6ffentlicht hatte die Polizei den Aufruf am Freitag (15. November). * pm: Polizei Marburg","rel":"","context":"In &quot;Sonstiges&quot;","img":{"alt_text":"","src":"","width":0,"height":0},"classes":[]},{"id":15043,"url":"http:\/\/marburg.news\/?p=15043","url_meta":{"origin":19046,"position":2},"title":"Weimar als Fundort: Vermisste Seniorin tot aufgefunden","date":"23. Februar 2024","format":false,"excerpt":"Tot aufgefunden wurde eine 78 j\u00e4hrige Vermisste am Dienstag (13. Februar). Das teilte die Polizei am Freitag (23. Februar) mit. Seit dem 9. Dezember 2023 suchte die Polizei nach der 78-j\u00e4hrigen Frau aus Marburg. Am Dienstag (13. Februar) wurde in Weimar eine Person tot aufgefunden. DNA-Untersuchungen ergaben, dass es sich\u2026","rel":"","context":"In &quot;Sonstiges&quot;","img":{"alt_text":"","src":"","width":0,"height":0},"classes":[]},{"id":19212,"url":"http:\/\/marburg.news\/?p=19212","url_meta":{"origin":19046,"position":3},"title":"Neuer Fahndungserfolg: 14-j\u00e4hrige Vermisste ist wohlauf","date":"15. Dezember 2025","format":false,"excerpt":"Die 14-j\u00e4hrige Vermisste aus Marburg ist wohlauf. Die Suche nach ihr kann eingestellt werden. Die Jugendliche war seit Freitag (5. Dezember) vermisst worden. Mittlerweile wurde sie wohlbehalten angetroffen. * pm: Polizei Marburg","rel":"","context":"In &quot;Sonstiges&quot;","img":{"alt_text":"","src":"","width":0,"height":0},"classes":[]},{"id":17190,"url":"http:\/\/marburg.news\/?p=17190","url_meta":{"origin":19046,"position":4},"title":"Fahndung: 13-j\u00e4hrige Vermisste ist wieder da","date":"16. Dezember 2024","format":false,"excerpt":"Die Fahndung nach einer 13-j\u00e4hrigen Vermissten aus Marburg wird zur\u00fcckgenommen. Das M\u00e4dchen ist wieder da. vom Die Polizei hatte die Fahndung am Donnerstag (28. November) ver\u00f6ffentlicht. Vermisst wurde das M\u00e4dchen seit Mittwoch (27. November). Ihr geht es gut, Straftaten wurden in diesem Zusammenhang nicht bekannt. * pm: Polizei Marburg","rel":"","context":"In &quot;Sonstiges&quot;","img":{"alt_text":"","src":"","width":0,"height":0},"classes":[]},{"id":16156,"url":"http:\/\/marburg.news\/?p=16156","url_meta":{"origin":19046,"position":5},"title":"Ganz gesund: Vermisste Jugendliche ist wieder da","date":"20. August 2024","format":false,"excerpt":"Die seit Montag (22. Juli)vermisste - Jugendliche ist wieder da. Nach einem Zeugenhinweis wurde sie in Marburg wohlbehalten angetroffen. Die Polizei hatte am Mittwoch (14. August) eine \u00d6ffentlichkeitsfahndung nach der 16-j\u00e4hrigen Jugendlichen herausgegeben. Diese Fahndung wurde am Dienstag (20. August) wieder zur\u00fcckgenommen. * pm: Polizei Marburg","rel":"","context":"In &quot;Sonstiges&quot;","img":{"alt_text":"","src":"","width":0,"height":0},"classes":[]}],"_links":{"self":[{"href":"http:\/\/marburg.news\/index.php?rest_route=\/wp\/v2\/posts\/19046"}],"collection":[{"href":"http:\/\/marburg.news\/index.php?rest_route=\/wp\/v2\/posts"}],"about":[{"href":"http:\/\/marburg.news\/index.php?rest_route=\/wp\/v2\/types\/post"}],"author":[{"embeddable":true,"href":"http:\/\/marburg.news\/index.php?rest_route=\/wp\/v2\/users\/2"}],"replies":[{"embeddable":true,"href":"http:\/\/marburg.news\/index.php?rest_route=%2Fwp%2Fv2%2Fcomments&post=19046"}],"version-history":[{"count":0,"href":"http:\/\/marburg.news\/index.php?rest_route=\/wp\/v2\/posts\/19046\/revisions"}],"wp:attachment":[{"href":"http:\/\/marburg.news\/index.php?rest_route=%2Fwp%2Fv2%2Fmedia&parent=19046"}],"wp:term":[{"taxonomy":"category","embeddable":true,"href":"http:\/\/marburg.news\/index.php?rest_route=%2Fwp%2Fv2%2Fcategories&post=19046"},{"taxonomy":"post_tag","embeddable":true,"href":"http:\/\/marburg.news\/index.php?rest_route=%2Fwp%2Fv2%2Ftags&post=19046"}],"curies":[{"name":"wp","href":"https:\/\/api.w.org\/{rel}","templated":true}]}}