{"id":19044,"date":"2025-11-17T12:21:53","date_gmt":"2025-11-17T11:21:53","guid":{"rendered":"http:\/\/marburg.news\/?p=19044"},"modified":"2025-11-17T12:21:53","modified_gmt":"2025-11-17T11:21:53","slug":"gemeinsam-gestalten-tag-der-lehre-an-der-philipps-universitaet","status":"publish","type":"post","link":"http:\/\/marburg.news\/?p=19044","title":{"rendered":"Gemeinsam gestalten: Tag der Lehre an der Philipps-Universit\u00e4t"},"content":{"rendered":"<p>&#8222;Gemeinsam Lehre gestalten&#8220; lautete das Motto des &#8222;Tags der Lehre&#8220; 2025. Bereits zum neunten Mal hat ihn die Philipps-Universit\u00e4t am Freitag (14. November) durchgef\u00fchrt. <!--more--><br \/>\nBeim 9. &#8222;Tag der Lehre&#8220; an der Philipps-Universit\u00e4t Marburg standen Inspiration und Austausch f\u00fcr die Lehrpraxis im Mittelpunkt. Lehrende, Studierende und Lehrinteressierte hatten am Freitag (14. November) Gelegenheit, in Workshops und an Projektstationeninnovative Lehrkonzepte und Lernmethoden kennenzulernen und deren Einsatzm\u00f6glichkeiten zu diskutieren. Mit dem Lehrpreis &#8222;Lehre@Philipp&#8220; ehrte die Universit\u00e4t zudem drei Projekte, die Lehre neu denken und weiterentwickeln &#8211; insgesamt wurden daf\u00fcr \u00fcber 32.000 Euro Preisgeld vergeben.<br \/>\n&#8222;Mit dem Tag der Lehre schaffen wir Raum f\u00fcr Austausch, Inspiration und Vernetzung&#8220;, sagte Uni-Vizepr\u00e4sidentin Prof. Dr. Yvonne Zimmermann bei der Preisverleihung. &#8222;Die ausgezeichneten Projekte beim Tag der Lehre machen deutlich: Hochschullehre kann mehr als Wissensvermittlung. Sie st\u00e4rkt die Kompetenzen, die Studierende brauchen, um in einer komplexen und dynamischen Arbeitswelt erfolgreich zu sein.&#8220;<br \/>\nDie &#8222;Virtuelle Exkursion Island&#8220; ist ein nachhaltiges, flexibles und barrierearmes Lehrformat von Prof. Dr. Peter Chifflard vom Fachbereich Geographie, das die traditionelle Exkursion im Geographiestudium durch eine virtuelle Exkursion nach Island erg\u00e4nzt. Durch den Einsatz von &#8222;Virtual Reality&#8220;, &#8222;Augmented Reality&#8220;, virtuellen Standortansprachen sowie Kurzvideos wird eine innovative Plattform f\u00fcr die Erkundung und das Studium entfernter Naturlandschaften erstellt, die eigenst\u00e4ndiges Arbeiten, digitales Lernen und eine standortunabh\u00e4ngige Vermittlung geographischer Inhalte f\u00f6rdert. Das erm\u00f6glicht eine gleichwertige Teilhabe aller Studierenden am Exkursionsformat. Die Videovorstellung der Lehridee ist zu finden auf <a href=\"https:\/\/www.youtube.com\/watch?v=DE50ERxm0og\">www.youtube.com\/watch?v=DE50ERxm0og<\/a>.<br \/>\nProf. Dr. Felix Tacke vom Fachbereich Fremdsprachliche Philologien verfolgt mit &#8222;Pronunciation Matters &#8211; Fremdsprachen digital erforschen und lehren&#8220; das Ziel, die Aussprache von Lernenden in verschiedenen Sprachen systematisch zu untersuchen und digital zu erfassen. Unter Lernendenaussprache versteht man die Art und Weise, wie Personen, die eine Sprache als Fremd- oder Zweitsprache lernen, Laute, W\u00f6rter und Satzmelodien produzieren &#8211; sie pr\u00e4gt oft ma\u00dfgeblich unseren ersten Eindruck vom Sprachniveau einer Person. Innerhalb des Projektes wird die Aussprache von Lernenden aufgezeichnet, transkribiert und in einer mehrsprachigen Plattform geb\u00fcndelt. Die Lehridee baut dabei auf bereits entwickelte spanischsprachige Datens\u00e4tzen auf und erweitert sie systematisch um weitere Sprachen wie Franz\u00f6sisch, Englisch und Deutsch.<br \/>\nDie Videovorstellung der Lehridee ist unter <a href=\"https:\/\/www.youtube.com\/watch?v=ucvpPAONGoY\">www.youtube.com\/watch?v=ucvpPAONGoY<\/a> zu finden.<br \/>\nDie Lehridee &#8222;Mehr als Seminarraum: \u00dcber ein Semesterthema zur gro\u00dfen Studierendenkonferenz&#8220; von Dr. Monika Wei\u00df, Dr. Vera Cuntz-Leng, Dr. Alena Strohmaier und Marie Kr\u00e4mer vom Fachbereich Germanistik und Kunstwissenschaften bef\u00e4higt Studierende, komplexe Themen in einen gr\u00f6\u00dferen gesellschaftlichen oder theoretischen Rahmen einzuordnen und unterschiedliche Perspektiven auf ein Thema zu verbinden. Innerhalb des Projektes entwickeln die Studierenden ein Konzept zum Semesterthema &#8222;BLICK&#8220;, dem verschiedene Lehrveranstaltungen zugeordnet sind und in eine Studierendenkonferenz am Semesterende m\u00fcndet. Dabei erwerben sie wichtige Future Skills. Interessierte gelangen \u00fcber <a href=\"https:\/\/www.youtube.com\/watch?v=GGNqfHdBxGs\">www.youtube.com\/watch?v=GGNqfHdBxGs<\/a> zur Videovorstellung dieser Lehridee.<br \/>\nAm &#8222;Tag der Lehre&#8220; haben Lehrende, Studierende und Lehrinteressierte jedes Jahr die Gelegenheit, neue Lehrmethoden, spannende Projekte und digitale Lernformate kennenzulernen. Neben Workshops und Projektstationen bietet der Tag die M\u00f6glichkeit, \u00fcber aktuelle Herausforderungen in der Lehre zu diskutieren und ,best practices&#8216; auszuzeichnen. Mit dem Lehrpreis &#8222;Lehre@Philipp&#8220; werden j\u00e4hrlich Projekte geehrt, die die Lehre neu denken, weiterentwickeln oder besonders praxisnah gestalten &#8211; dabei werden besonders die Lehrideen ausgezeichnet, die konstruktiv auf aktuelle Entwicklungen und besondere Herausforderungen in der Lehre reagieren und zu einer nachhaltigen und strukturellen Verbesserung der Lehre beitragen. Die finanzielle F\u00f6rderung durch den Lehrpreis erm\u00f6glicht, diese Ideen weiter erproben und umzusetzen.<\/p>\n<p>* pm: Philipps-Universit\u00e4t Marburg<\/p>\n","protected":false},"excerpt":{"rendered":"<p>&#8222;Gemeinsam Lehre gestalten&#8220; lautete das Motto des &#8222;Tags der Lehre&#8220; 2025. Bereits zum neunten Mal hat ihn die Philipps-Universit\u00e4t am Freitag (14. November) durchgef\u00fchrt.<\/p>\n","protected":false},"author":2,"featured_media":0,"comment_status":"closed","ping_status":"open","sticky":false,"template":"","format":"standard","meta":{"advanced_seo_description":"","spay_email":"","jetpack_publicize_message":"","jetpack_is_tweetstorm":false,"jetpack_publicize_feature_enabled":true},"categories":[5],"tags":[67,2737,788],"jetpack_featured_media_url":"","jetpack_publicize_connections":[],"jetpack_sharing_enabled":true,"jetpack_shortlink":"https:\/\/wp.me\/p8mhvd-4Xa","jetpack-related-posts":[{"id":18998,"url":"http:\/\/marburg.news\/?p=18998","url_meta":{"origin":19044,"position":0},"title":"F\u00fcr Lehre: Uni l\u00e4dt zu kreativem Austausch ein","date":"10. November 2025","format":false,"excerpt":"Die Philipps-Universit\u00e4t feiert am Freitag (14. November) ihren \"Tag der Lehre\". Interessierte k\u00f6nnen dabei innovative Lehrkonzepte kennenlernen und herausragende Projekte feiern. Zum neunten Mal wird an der Philipps-Universit\u00e4t Marburg der \"Tag der Lehre\" gefeiert. Das ist ein wichtiger Termin im Kalender f\u00fcr alle Lehrenden, der nicht nur zum Austausch einl\u00e4dt,\u2026","rel":"","context":"In &quot;Bildung&quot;","img":{"alt_text":"","src":"","width":0,"height":0},"classes":[]},{"id":16948,"url":"http:\/\/marburg.news\/?p=16948","url_meta":{"origin":19044,"position":1},"title":"Ohne Ber\u00fchrungs\u00e4ngste: Anregungen und Austausch beim Tag der Lehre","date":"22. November 2024","format":false,"excerpt":"Gemeinsam Lehre gestalten wollten die Anwesenden beim Achten \"Tag der Lehre\" der Philipps-Universit\u00e4t am Donnerstag (21. November). Er befasste sich mit dem Thema \"Partizipatives Lehren und Lernen\". Auch in diesem Jahr gab es beim \"Tag der Lehre\" der Philipps-Universit\u00e4t vielf\u00e4ltige M\u00f6glichkeiten der Inspiration und des Austauschs f\u00fcr die eigene Lehrpraxis.\u2026","rel":"","context":"In &quot;Bildung&quot;","img":{"alt_text":"","src":"","width":0,"height":0},"classes":[]},{"id":11181,"url":"http:\/\/marburg.news\/?p=11181","url_meta":{"origin":19044,"position":2},"title":"Besondere Lehre: Uni pr\u00e4sentiert sich am 17. November","date":"10. November 2022","format":false,"excerpt":"Der sechste \"Tag der Lehre\" mit dem Thema \"Lehre@Philipp - innovativ, divers, digital\" findet am Donnerstag (17. November) statt. Dann wird auch ein Lehrpreis verliehen. Auch 2022 gibt es beim \"Tag der Lehre\" der Philipps-Universit\u00e4t vielf\u00e4ltige M\u00f6glichkeiten der Inspiration und des Austauschs f\u00fcr die eigene Lehrpraxis. In verschiedenen Formaten, darunter\u2026","rel":"","context":"In &quot;Bildung&quot;","img":{"alt_text":"","src":"","width":0,"height":0},"classes":[]},{"id":14340,"url":"http:\/\/marburg.news\/?p=14340","url_meta":{"origin":19044,"position":3},"title":"Zweit\u00e4gig zweisprachig: Gemeinsame Konferenz zur Zukunft der Lehre","date":"12. November 2023","format":false,"excerpt":"Eine gemeinsame Konferenz findet am 15. und 16. November 2023 in Marburg und online statt. Thema ist die Zukunft der Lehre. Unter dem Titel \"Teaching Futures - Zuk\u00fcnfte der Lehre\" laden die Philipps-Universit\u00e4t, die Justus-Liebig-Universit\u00e4t Gie\u00dfen (JLU) und die Technische Hochschule Mittelhessen (THM) gemeinsam zu den \"Tagen der Lehre\" 2023\u2026","rel":"","context":"In &quot;Bildung&quot;","img":{"alt_text":"","src":"","width":0,"height":0},"classes":[]},{"id":11245,"url":"http:\/\/marburg.news\/?p=11245","url_meta":{"origin":19044,"position":4},"title":"Am Tag der Lehre: Vorbildliche Projekte ausgezeichnet","date":"18. November 2022","format":false,"excerpt":"Ihren Sechsten Tag der Lehre hat die Philipps-Universit\u00e4t am Donnerstag (17. November) veranstaltet. Unter dem Motto \u201eLehre@Philipp \u2013 innovativ, divers, digital\u201c wurden sechs besondere Lehrprojekte ausgezeichnet. Auch in diesem Jahr gab es beim Tag der Lehre der Universit\u00e4t Marburg vielf\u00e4ltige M\u00f6glichkeiten der Inspiration und des Austauschs f\u00fcr die eigene Lehrpraxis.\u2026","rel":"","context":"In &quot;Bildung&quot;","img":{"alt_text":"","src":"","width":0,"height":0},"classes":[]},{"id":8187,"url":"http:\/\/marburg.news\/?p=8187","url_meta":{"origin":19044,"position":5},"title":"Inspirierende Ideen: &#8222;Tag der Lehre&#8220; an der Philipps-Universit\u00e4t","date":"19. November 2021","format":false,"excerpt":"\"Mehr als digital\" war der f\u00fcnfte \"Tag der Lehre\" an der Philipps-Universit\u00e4t. Dabei wurden inspirierende Lehrideen ausgezeichnet. Was macht gute Lehre aus? Welche neuen Formate kann man an der Philipps-Universit\u00e4t etablieren? Wo und wie erhalten Interessierte dabei Unterst\u00fctzung? Am Donnerstag (18. November) tauschten sich Marburger Lehrende beim f\u00fcnften \"Tag der\u2026","rel":"","context":"In &quot;Bildung&quot;","img":{"alt_text":"","src":"","width":0,"height":0},"classes":[]}],"_links":{"self":[{"href":"http:\/\/marburg.news\/index.php?rest_route=\/wp\/v2\/posts\/19044"}],"collection":[{"href":"http:\/\/marburg.news\/index.php?rest_route=\/wp\/v2\/posts"}],"about":[{"href":"http:\/\/marburg.news\/index.php?rest_route=\/wp\/v2\/types\/post"}],"author":[{"embeddable":true,"href":"http:\/\/marburg.news\/index.php?rest_route=\/wp\/v2\/users\/2"}],"replies":[{"embeddable":true,"href":"http:\/\/marburg.news\/index.php?rest_route=%2Fwp%2Fv2%2Fcomments&post=19044"}],"version-history":[{"count":0,"href":"http:\/\/marburg.news\/index.php?rest_route=\/wp\/v2\/posts\/19044\/revisions"}],"wp:attachment":[{"href":"http:\/\/marburg.news\/index.php?rest_route=%2Fwp%2Fv2%2Fmedia&parent=19044"}],"wp:term":[{"taxonomy":"category","embeddable":true,"href":"http:\/\/marburg.news\/index.php?rest_route=%2Fwp%2Fv2%2Fcategories&post=19044"},{"taxonomy":"post_tag","embeddable":true,"href":"http:\/\/marburg.news\/index.php?rest_route=%2Fwp%2Fv2%2Ftags&post=19044"}],"curies":[{"name":"wp","href":"https:\/\/api.w.org\/{rel}","templated":true}]}}