{"id":19034,"date":"2025-11-14T13:50:55","date_gmt":"2025-11-14T12:50:55","guid":{"rendered":"http:\/\/marburg.news\/?p=19034"},"modified":"2025-11-14T13:50:55","modified_gmt":"2025-11-14T12:50:55","slug":"maedchenhaftes-marburg-polizei-sucht-13-jaehrige-vermisste","status":"publish","type":"post","link":"http:\/\/marburg.news\/?p=19034","title":{"rendered":"M\u00e4dchenhaftes Marburg: Polizei sucht 13-j\u00e4hrige Vermisste"},"content":{"rendered":"<p>Seit Donnerstag (13. November) wird die 13-j\u00e4hrige Mia Sophie Weber aus ihrer elterlichen Wohnung in Marburg vermisst. Sie wurde dort zuletzt gegen 7.10 Uhr gesehen. <!--more--><br \/>\nDie Sch\u00fclerin ist zirka 1,60 Meter gro\u00df und schlank. Sie hat blaue Augen und dunkelblonde Haare. Zum Zeitpunkt ihres Verschwindens trug sie eine lilafarbene Nike-Jacke, eine Jeansschlaghose und schwarze Schuhe. Au\u00dferdem hatte sie einen t\u00fcrkisfarbenen Nike-Schulranzen dabei.<br \/>\nDie Polizei bittet um Hinweise und fragt: Wer hat das M\u00e4dchen seit Donnerstag (13. November) 2025 gesehen? Wer kann Angaben zum derzeitigen Aufenthaltsort der Vermissten machen? Hinweise nimmt die Marburger Polizei unter der Telefonnummer 06421\/406-0 oder jede andere Polizeidienststelle entgegen.<\/p>\n<p>* pm: Polizei Marburg<\/p>\n","protected":false},"excerpt":{"rendered":"<p>Seit Donnerstag (13. November) wird die 13-j\u00e4hrige Mia Sophie Weber aus ihrer elterlichen Wohnung in Marburg vermisst. Sie wurde dort zuletzt gegen 7.10 Uhr gesehen.<\/p>\n","protected":false},"author":2,"featured_media":0,"comment_status":"closed","ping_status":"open","sticky":false,"template":"","format":"standard","meta":{"advanced_seo_description":"","spay_email":"","jetpack_publicize_message":"","jetpack_is_tweetstorm":false,"jetpack_publicize_feature_enabled":true},"categories":[6],"tags":[263,16,123],"jetpack_featured_media_url":"","jetpack_publicize_connections":[],"jetpack_sharing_enabled":true,"jetpack_shortlink":"https:\/\/wp.me\/p8mhvd-4X0","jetpack-related-posts":[{"id":18271,"url":"http:\/\/marburg.news\/?p=18271","url_meta":{"origin":19034,"position":0},"title":"Aufenthaltsm\u00f6glichkeiten: Polizei sucht 14-j\u00e4hrige Vermisste","date":"27. Juni 2025","format":false,"excerpt":"Seit Donnerstag (26. Juni) wird die 14-j\u00e4hrige Jana aus Marburg vermisst. Zuletzt gesehen wurde sie um 10.55 Uhr. Sie ist etwa 1,61 Meter gro\u00df und schlank. Sie hat dunkelbraune Haare und braun-gr\u00fcne Augen. Sie tr\u00e4gt eine Brille. Au\u00dferdem hat sie vermutlich eine blaue Sportjacke mit Vereinsaufschrift an. Dazu tr\u00e4gt sie\u2026","rel":"","context":"In &quot;Sonstiges&quot;","img":{"alt_text":"","src":"","width":0,"height":0},"classes":[]},{"id":19192,"url":"http:\/\/marburg.news\/?p=19192","url_meta":{"origin":19034,"position":1},"title":"In Marburg: Polizei sucht 14-j\u00e4hrige Vermisste","date":"11. Dezember 2025","format":false,"excerpt":"Seit Freitag (5. Dezember)wird eine 14-j\u00e4hrige Jugendliche aus Marburg vermisst. Sie ist circa 1,66 Meter gro\u00df und schlank. Cassi Leonie W. hat braune Augen und lockige schwarze Haare. Zum Zeitpunkt ihres Verschwindens trug sie einen beigefarbenen Wintermantel und eine schwarze Hose. Au\u00dferdem hatte sie einen Rucksack dabei. Die Polizei bittet\u2026","rel":"","context":"In &quot;Sonstiges&quot;","img":{"alt_text":"","src":"","width":0,"height":0},"classes":[]},{"id":19913,"url":"http:\/\/marburg.news\/?p=19913","url_meta":{"origin":19034,"position":2},"title":"Gesucht: 14-j\u00e4hrige Jugendliche vermisst","date":"21. April 2026","format":false,"excerpt":"Eine 14-j\u00e4hrige Jugendliche aus Marburg wird seit Donnerstag (9. April) vermisst. Die Polizei bittet um Mithilfe bei der Suche nach dem M\u00e4dchen. Aliana ist zirka 1,60 Meter gro\u00df und schlank. Sie hat dunkelbraune Haare. Das M\u00e4dchen ist oftmals stark geschminkt. Zur Bekleidung ist bislang nichts bekannt. Zuletzt wurde Aliana am\u2026","rel":"","context":"In &quot;Sonstiges&quot;","img":{"alt_text":"","src":"","width":0,"height":0},"classes":[]},{"id":18266,"url":"http:\/\/marburg.news\/?p=18266","url_meta":{"origin":19034,"position":3},"title":"M\u00e4dchen melden: Polizei sucht 13-j\u00e4hrige Vermisste","date":"26. Juni 2025","format":false,"excerpt":"Bei der Suche nach der 13-j\u00e4hrigen Alisha aus Marburg bittet die Polizei um Mithilfe. Die Vermisste wurde letztmals am Dienstag (17. Juni) in Marburg gesehen. Alisha ist zirka 1,50 Meter gro\u00df und schlank. Sie hat lange glatte dunkelbraune Haare sowie braune Augen. Sie ist stark geschminkt und hat k\u00fcnstliche Wimpern.\u2026","rel":"","context":"In &quot;Sonstiges&quot;","img":{"alt_text":"","src":"","width":0,"height":0},"classes":[]},{"id":19323,"url":"http:\/\/marburg.news\/?p=19323","url_meta":{"origin":19034,"position":4},"title":"M\u00e4dchen vermisst: Jugendliche k\u00f6nnte in Frankfurt sein","date":"12. Januar 2026","format":false,"excerpt":"Eine 14-j\u00e4hrige Jugendliche aus Marburg wird seit Sonntagabend vermisst. Die Polizei bittet um Mithilfe bei der Suche nach dem M\u00e4dchen. Seit Sonntag (11. Januar) wird die 14-j\u00e4hrige Nadia Anna Nowak aus Marburg vermisst. Zuletzt wurde sie gegen 16 Uhr gesehen. In der Vergangenheit hielt sie sich in Frankfurt am Main\u2026","rel":"","context":"In &quot;Sonstiges&quot;","img":{"alt_text":"","src":"","width":0,"height":0},"classes":[]},{"id":12720,"url":"http:\/\/marburg.news\/?p=12720","url_meta":{"origin":19034,"position":5},"title":"Abgegangen: Polizei sucht 15-j\u00e4hrige Vermisste","date":"1. Juni 2023","format":false,"excerpt":"Die Polizei sucht eine 15-j\u00e4hrige Jugendliche Das M\u00e4dchen wird seit Freitag (26. Mai) vermisst. Die 15-j\u00e4hrige Alina verlie\u00df am Freitag (26. Mai) um 19 Uhr ihre Wohngruppe in Marburg und kehrte bislang noch nicht wieder zur\u00fcck. Sie befand sich in Begleitung einer weiteren vermissten Jugendlichen, die man aufgrund der eingeleiteten\u2026","rel":"","context":"In &quot;Sonstiges&quot;","img":{"alt_text":"","src":"","width":0,"height":0},"classes":[]}],"_links":{"self":[{"href":"http:\/\/marburg.news\/index.php?rest_route=\/wp\/v2\/posts\/19034"}],"collection":[{"href":"http:\/\/marburg.news\/index.php?rest_route=\/wp\/v2\/posts"}],"about":[{"href":"http:\/\/marburg.news\/index.php?rest_route=\/wp\/v2\/types\/post"}],"author":[{"embeddable":true,"href":"http:\/\/marburg.news\/index.php?rest_route=\/wp\/v2\/users\/2"}],"replies":[{"embeddable":true,"href":"http:\/\/marburg.news\/index.php?rest_route=%2Fwp%2Fv2%2Fcomments&post=19034"}],"version-history":[{"count":0,"href":"http:\/\/marburg.news\/index.php?rest_route=\/wp\/v2\/posts\/19034\/revisions"}],"wp:attachment":[{"href":"http:\/\/marburg.news\/index.php?rest_route=%2Fwp%2Fv2%2Fmedia&parent=19034"}],"wp:term":[{"taxonomy":"category","embeddable":true,"href":"http:\/\/marburg.news\/index.php?rest_route=%2Fwp%2Fv2%2Fcategories&post=19034"},{"taxonomy":"post_tag","embeddable":true,"href":"http:\/\/marburg.news\/index.php?rest_route=%2Fwp%2Fv2%2Ftags&post=19034"}],"curies":[{"name":"wp","href":"https:\/\/api.w.org\/{rel}","templated":true}]}}