{"id":19026,"date":"2025-11-13T16:26:20","date_gmt":"2025-11-13T15:26:20","guid":{"rendered":"http:\/\/marburg.news\/?p=19026"},"modified":"2025-11-13T16:26:20","modified_gmt":"2025-11-13T15:26:20","slug":"schirm-im-blick-hakenkreuz-auf-rotem-regenschirm-im-suedviertel","status":"publish","type":"post","link":"http:\/\/marburg.news\/?p=19026","title":{"rendered":"Schirm im Blick: Hakenkreuz auf rotem Regenschirm im S\u00fcdviertel"},"content":{"rendered":"<p>Einen roten Regenschirm mit einem Hakenkreuz haben Unbekannte auf der Frankfurter Stra\u00dfe abgelegt. Eine Zeugin meldete der Polizei am Mittwoch (12. November) gegen 7.50 Uhr Einen ge\u00f6ffneten Regenschirm auf dem Gehweg in H\u00f6he der Hausnummer 12. <!--more--><br \/>\nMit wei\u00dfer Farbe hatten Unbekannte ein Hakenkreuz auf die Schirmfl\u00e4che gemalt. Au\u00dferdem hinterlie\u00dfen sie darauf mehrere beleidigende Schriftz\u00fcge. Den Schirm legten sie dann so auf dem Gehweg ab. Der Staatsschutz der Polizei hat die Ermittlungen aufgenommen. Hinweise nimmt die Marburger Polizei unter der Telefonnummer 06421\/4060 entgegen.<\/p>\n<p>* pm: Polizei Marburg<\/p>\n","protected":false},"excerpt":{"rendered":"<p>Einen roten Regenschirm mit einem Hakenkreuz haben Unbekannte auf der Frankfurter Stra\u00dfe abgelegt. Eine Zeugin meldete der Polizei am Mittwoch (12. November) gegen 7.50 Uhr Einen ge\u00f6ffneten Regenschirm auf dem Gehweg in H\u00f6he der Hausnummer 12.<\/p>\n","protected":false},"author":2,"featured_media":0,"comment_status":"closed","ping_status":"open","sticky":false,"template":"","format":"standard","meta":{"advanced_seo_description":"","spay_email":"","jetpack_publicize_message":"","jetpack_is_tweetstorm":false,"jetpack_publicize_feature_enabled":true},"categories":[6],"tags":[146,16,7193],"jetpack_featured_media_url":"","jetpack_publicize_connections":[],"jetpack_sharing_enabled":true,"jetpack_shortlink":"https:\/\/wp.me\/p8mhvd-4WS","jetpack-related-posts":[{"id":18793,"url":"http:\/\/marburg.news\/?p=18793","url_meta":{"origin":19026,"position":0},"title":"Sichere Symbolik: Hakenkreuz an Haltestelle Behringwerke","date":"6. Oktober 2025","format":false,"excerpt":"Ein Hakenkreuz haben Unbekannte in der Zeit von Donnerstag (2. Oktober) nach 19.15 Uhr bis Samstag (4. Oktober) vor 13.50 Uhr an eine Bushaltestelle gespr\u00fcht. Betroffen ist die Haltestelle \"Behringwerke\" an der Emil-von-Behring-Stra\u00dfe. Unbekannte spr\u00fchten mit schwarzer Farbe ein Hakenkreuz sowie einen Schriftzug auf die R\u00fcckseite der Haltestelle. Den Sachschaden\u2026","rel":"","context":"In &quot;Sonstiges&quot;","img":{"alt_text":"","src":"","width":0,"height":0},"classes":[]},{"id":1128,"url":"http:\/\/marburg.news\/?p=1128","url_meta":{"origin":19026,"position":1},"title":"Schirm schlagen: Angriff auf sehbehinderte Sch\u00fcler","date":"21. September 2017","format":false,"excerpt":"Nach einem Angriff auf einen sehbehinderten Sch\u00fcler in der Stra\u00dfe \"Zwischenhausen\" ermittelt die Polizei wegen K\u00f6rperverletzung. Der Vorfall hat sich am Donnerstag (14. September) ereignet. Ein etwa 25 bis 30 Jahre alter und 1,85 Meter gro\u00dfer Mann mit dunklem Teint schlug gegen 15.30 Uhr grundlos mit einem karierten Regenschirm auf\u2026","rel":"","context":"In &quot;Sonstiges&quot;","img":{"alt_text":"","src":"","width":0,"height":0},"classes":[]},{"id":9674,"url":"http:\/\/marburg.news\/?p=9674","url_meta":{"origin":19026,"position":2},"title":"Neue Parolen: Polizei sucht Urheber von Hakenkreuz und Schriftzug","date":"27. Mai 2022","format":false,"excerpt":"Ein kleines Hakenkreuz und einen Schriftzug hinterlie\u00dfen Unbekannte an einem Spielh\u00e4uschen auf dem Spielplatz im Northamptonpark am Friedensplatz. Der Schaden betr\u00e4gt etwa 50 Euro. Entstanden sind die Schmierereien zwischen Dienstag (24. Mai) und Mittwoch (25. Mai). Der Staatsschutz hat die Ermittlungen \u00fcbernommen und bittet um Hinweise. * pm: Polizei Marburg","rel":"","context":"In &quot;Sonstiges&quot;","img":{"alt_text":"","src":"","width":0,"height":0},"classes":[]},{"id":2172,"url":"http:\/\/marburg.news\/?p=2172","url_meta":{"origin":19026,"position":3},"title":"Rechts angeschmiert: Hakenkreuz an Verteilerkasten der Telekom","date":"30. April 2018","format":false,"excerpt":"Ein Hakenkreuz spr\u00fchten Unbekannte in der Sommerbadstra\u00dfe an der Einm\u00fcndung der Poitiersstra\u00dfe mit schwarzer Farbe auf einen Verteilerkasten der Telekom. Die genaue Tatzeit ist nicht bekannt. Festgestellt wurde die Schmiererei am Freitag (27. April). Der Staatsschutz hat die Ermittlungen \u00fcbernommen. * pm: Polizei Marburg","rel":"","context":"In &quot;Sonstiges&quot;","img":{"alt_text":"","src":"","width":0,"height":0},"classes":[]},{"id":14900,"url":"http:\/\/marburg.news\/?p=14900","url_meta":{"origin":19026,"position":4},"title":"Das war rechts: Hakenkreuz auf dem Amtsgericht Marburg","date":"9. Februar 2024","format":false,"excerpt":"Unbekannte ritzten ein 25 mal 25 Zentimeter gro\u00dfes Hakenkreuz in eine Fensterscheibe des Amtsgerichts an der Universit\u00e4tsstra\u00dfe. Festgestellt wurde das am Donnerstag (8. Februar) um 18 Uhr. Der Schaden wird mit 300 Euro beziffert. Die Ermittlungen hat der Staatsschutz der Kriminalpolizei aufgenommen. * pm: Polizei Marburg","rel":"","context":"In &quot;Sonstiges&quot;","img":{"alt_text":"","src":"","width":0,"height":0},"classes":[]},{"id":4323,"url":"http:\/\/marburg.news\/?p=4323","url_meta":{"origin":19026,"position":5},"title":"Schaden an Demokratie: Erneut Hakenkreuze und Nazi-Schmierereien in Marburg","date":"17. Oktober 2019","format":false,"excerpt":"Erneut muss der Staatsschutz der Kriminalpolizei Marburg wegen Hakenkreuze ermitteln. In einem Fall kommt noch Beleidigung dazu. Tatorte waren die Eingangst\u00fcr des Kinder- und Jugendclubs im Geb\u00e4ude der Kulturscheune Michelbach und der Gehweg gegen\u00fcber einer Kindertagesst\u00e4tte in der Stra\u00dfe Am Schwanhof. In Michelbach ritzten Unbekannte zwischen Mittwoch (25. September) und\u2026","rel":"","context":"In &quot;Sonstiges&quot;","img":{"alt_text":"","src":"","width":0,"height":0},"classes":[]}],"_links":{"self":[{"href":"http:\/\/marburg.news\/index.php?rest_route=\/wp\/v2\/posts\/19026"}],"collection":[{"href":"http:\/\/marburg.news\/index.php?rest_route=\/wp\/v2\/posts"}],"about":[{"href":"http:\/\/marburg.news\/index.php?rest_route=\/wp\/v2\/types\/post"}],"author":[{"embeddable":true,"href":"http:\/\/marburg.news\/index.php?rest_route=\/wp\/v2\/users\/2"}],"replies":[{"embeddable":true,"href":"http:\/\/marburg.news\/index.php?rest_route=%2Fwp%2Fv2%2Fcomments&post=19026"}],"version-history":[{"count":0,"href":"http:\/\/marburg.news\/index.php?rest_route=\/wp\/v2\/posts\/19026\/revisions"}],"wp:attachment":[{"href":"http:\/\/marburg.news\/index.php?rest_route=%2Fwp%2Fv2%2Fmedia&parent=19026"}],"wp:term":[{"taxonomy":"category","embeddable":true,"href":"http:\/\/marburg.news\/index.php?rest_route=%2Fwp%2Fv2%2Fcategories&post=19026"},{"taxonomy":"post_tag","embeddable":true,"href":"http:\/\/marburg.news\/index.php?rest_route=%2Fwp%2Fv2%2Ftags&post=19026"}],"curies":[{"name":"wp","href":"https:\/\/api.w.org\/{rel}","templated":true}]}}