{"id":19006,"date":"2025-11-11T15:50:21","date_gmt":"2025-11-11T14:50:21","guid":{"rendered":"http:\/\/marburg.news\/?p=19006"},"modified":"2025-11-11T15:50:21","modified_gmt":"2025-11-11T14:50:21","slug":"vor-dem-ionentherapiezentrum-unbekannter-verursacher-beging-unfallflucht","status":"publish","type":"post","link":"http:\/\/marburg.news\/?p=19006","title":{"rendered":"Vor dem Ionentherapiezentrum: Unbekannter Verursacher beging Unfallflucht"},"content":{"rendered":"<p>Zu einer Unfallflucht kam es am Donnerstag (6. November) gegen 14.30 Uhr auf dem Parkplatz des Ionentherapiezentrums an der Albrecht-Kossel-Stra\u00dfe . Ein grauer Mercedes stand auf dem Parkplatz. <!--more--><br \/>\nEin bislang unbekanntes Fahrzeug fuhr mutma\u00dflich beim Ein- oder Ausparkten gegen die linke Fahrzeugfront des Mercedes. Den Blechschaden sch\u00e4tzt die Polizei auf knapp 3.500 Euro. Hinweise zum Unfallfahrer oder dessen Fahrzeug nimmt die Polizei Marburg unter der Telefonnummer 06421\/406-0 entgegen.<\/p>\n<p>* pm: Polizei Marburg<\/p>\n","protected":false},"excerpt":{"rendered":"<p>Zu einer Unfallflucht kam es am Donnerstag (6. November) gegen 14.30 Uhr auf dem Parkplatz des Ionentherapiezentrums an der Albrecht-Kossel-Stra\u00dfe . Ein grauer Mercedes stand auf dem Parkplatz.<\/p>\n","protected":false},"author":2,"featured_media":0,"comment_status":"closed","ping_status":"open","sticky":false,"template":"","format":"standard","meta":{"advanced_seo_description":"","spay_email":"","jetpack_publicize_message":"","jetpack_is_tweetstorm":false,"jetpack_publicize_feature_enabled":true},"categories":[6],"tags":[969,16,34],"jetpack_featured_media_url":"","jetpack_publicize_connections":[],"jetpack_sharing_enabled":true,"jetpack_shortlink":"https:\/\/wp.me\/p8mhvd-4Wy","jetpack-related-posts":[{"id":18987,"url":"http:\/\/marburg.news\/?p=18987","url_meta":{"origin":19006,"position":0},"title":"Nachgefragt: Unfallflucht auf Parkplatz in Moischt","date":"7. November 2025","format":false,"excerpt":"Eine Unfallflucht auf dem Parkplatz der Mehrzweckhalle Moischt an der Eulenkopfstra\u00dfe hat die Polizei am Freitag (7. November) gemeldet. Zu dem Unfallf kam es am Dienstag (4. November) zwischen 17.15 und 19.20 Uhr. Ein roter Kia Ceed stand auf dem Parkplatz. Ein bislang unbekannter Fahrer fuhr mit seinem Fahrzeug gegen\u2026","rel":"","context":"In &quot;Sonstiges&quot;","img":{"alt_text":"","src":"","width":0,"height":0},"classes":[]},{"id":18573,"url":"http:\/\/marburg.news\/?p=18573","url_meta":{"origin":19006,"position":1},"title":"Weggefahren: Unfallflucht auf dem Parkplatz des Landratsamts","date":"21. August 2025","format":false,"excerpt":"Nach einem Unfall beim Kreishaus gefl\u00fcchtet ist am Dienstag (19. August) ein Cabrio mit auff\u00e4lligen Felgen. Die Polizei sucht Zeugen, die dnen Unfall \"Im Lichtenholz\"beobachtet haben. Eine graue Mercedes-Benz Limousine stand in der Zeit von 9.50 bis 11.10 Uhr auf einem Parkplatz. Ein unbekannter Autofahrer hat den Wagen an der\u2026","rel":"","context":"In &quot;Sonstiges&quot;","img":{"alt_text":"","src":"","width":0,"height":0},"classes":[]},{"id":18851,"url":"http:\/\/marburg.news\/?p=18851","url_meta":{"origin":19006,"position":2},"title":"Gr\u00fcner Golf: Unfallflucht vor Gesundheitszentrum &#8222;Am Krekel&#8220;","date":"17. Oktober 2025","format":false,"excerpt":"Nach einer Unfallflucht am Dienstag (14. Oktober) sucht die Polizei Zeugen. Bei dem Unfall wurde ein gr\u00fcner VW Golf besch\u00e4digt. Der gr\u00fcne Golf stand zwischen 7.30 und 17.30 Uhr auf dem Parkplatz des Gesundheitszentrums \"Am Krekel\". Ein bislang unbekannter Autofahrer stie\u00df mit seinem Fahrzeug mutma\u00dflich beim Ein- oder Ausparken gegen\u2026","rel":"","context":"In &quot;Sonstiges&quot;","img":{"alt_text":"","src":"","width":0,"height":0},"classes":[]},{"id":17264,"url":"http:\/\/marburg.news\/?p=17264","url_meta":{"origin":19006,"position":3},"title":"Geflohen: Zwei ungekl\u00e4rte Unf\u00e4lle auf Parkpl\u00e4tzen","date":"3. Januar 2025","format":false,"excerpt":"auf dem Bewohnerparkplatz des Mehrfamilienhauses Sudetenstra\u00dfe 6 parkte ein schwarzer BMW der 3er Reihe zwischen Montag (30. Dezember) nach 22 Uhr und Dienstag (31. Dezember) bis 15.30 Uhr. Vermutlich beim Ein- oder Ausparken touchierte ein unbekanntes Fahrzeug den BMW. Auf dem Parkplatz einer Pizzeria an der Sonnenblickallee kam es bereits\u2026","rel":"","context":"In &quot;Sonstiges&quot;","img":{"alt_text":"","src":"","width":0,"height":0},"classes":[]},{"id":12696,"url":"http:\/\/marburg.news\/?p=12696","url_meta":{"origin":19006,"position":4},"title":"Gegen Autos: Vier weitere F\u00e4lle von Unfallflucht","date":"30. Mai 2023","format":false,"excerpt":"Eine Unfallflucht erfolgte am Samstag (27. Mai) auf dem Lidl-Parkplatz in Wehrda. Der Unfall passierte zwischen 20 und 20.26 Uhr. Auf dem Lidl-Parkplatz im Industriegebiet Wehrda kollidierte ein noch unbekanntes Fahrzeug mit einem geparkten grauen Seat Alhambra. Hinten links an dem Familienvan entstand ein Schaden von - nach ersten Sch\u00e4tzungen\u2026","rel":"","context":"In &quot;Sonstiges&quot;","img":{"alt_text":"","src":"","width":0,"height":0},"classes":[]},{"id":13118,"url":"http:\/\/marburg.news\/?p=13118","url_meta":{"origin":19006,"position":5},"title":"F\u00fcnf f\u00fcr Flucht: Polizei sucht Zeugen von Unf\u00e4llen","date":"3. Juli 2023","format":false,"excerpt":"Gleich f\u00fcnf F\u00e4lle von Unfallflucht hat die Polizei Marburg am Montag (3. Juli) gemeldet. Sie sucht Zeugen und bittet um Hinweise. Die erste Unfallflucht erfolgte am Freitag (30. Juni) auf dem tegut-Parkplatz im Industriegebiet Wehrda. Wer hat dort zwischen 12.20 und 12.45 Uhr ein Fahrman\u00f6ver beobachtet, bei dem es zur\u2026","rel":"","context":"In &quot;Sonstiges&quot;","img":{"alt_text":"","src":"","width":0,"height":0},"classes":[]}],"_links":{"self":[{"href":"http:\/\/marburg.news\/index.php?rest_route=\/wp\/v2\/posts\/19006"}],"collection":[{"href":"http:\/\/marburg.news\/index.php?rest_route=\/wp\/v2\/posts"}],"about":[{"href":"http:\/\/marburg.news\/index.php?rest_route=\/wp\/v2\/types\/post"}],"author":[{"embeddable":true,"href":"http:\/\/marburg.news\/index.php?rest_route=\/wp\/v2\/users\/2"}],"replies":[{"embeddable":true,"href":"http:\/\/marburg.news\/index.php?rest_route=%2Fwp%2Fv2%2Fcomments&post=19006"}],"version-history":[{"count":0,"href":"http:\/\/marburg.news\/index.php?rest_route=\/wp\/v2\/posts\/19006\/revisions"}],"wp:attachment":[{"href":"http:\/\/marburg.news\/index.php?rest_route=%2Fwp%2Fv2%2Fmedia&parent=19006"}],"wp:term":[{"taxonomy":"category","embeddable":true,"href":"http:\/\/marburg.news\/index.php?rest_route=%2Fwp%2Fv2%2Fcategories&post=19006"},{"taxonomy":"post_tag","embeddable":true,"href":"http:\/\/marburg.news\/index.php?rest_route=%2Fwp%2Fv2%2Ftags&post=19006"}],"curies":[{"name":"wp","href":"https:\/\/api.w.org\/{rel}","templated":true}]}}