{"id":19000,"date":"2025-11-10T15:54:50","date_gmt":"2025-11-10T14:54:50","guid":{"rendered":"http:\/\/marburg.news\/?p=19000"},"modified":"2025-11-10T15:54:50","modified_gmt":"2025-11-10T14:54:50","slug":"fuer-manipulation-das-digitale-bild-im-lichte-der-ki","status":"publish","type":"post","link":"http:\/\/marburg.news\/?p=19000","title":{"rendered":"F\u00fcr Manipulation: Das digitale Bild im Lichte der KI"},"content":{"rendered":"<p>Die Abschlusstagung des DFG-Schwerpunktprogramms &#8222;Das digitale Bild&#8220; thematisiert die &#8222;autorit\u00e4re Wende&#8220;. Digitale Bilder betrachtet sie im Spannungsfeld von Manipulation und Macht. <!--more--><br \/>\nWelche Rolle spielen digitale Bilder beim aktuellen tiefgreifenden Wandel der globalen politischen Ordnung? Diesem Thema widmet sich die Abschlusstagung des DFG-Schwerpunktprogramms (SPP) &#8222;Das digitale Bild&#8220;. Unter dem Titel &#8222;Digitale Bilder und der Authoritarian Turn. Visualisierung, Manipulation, Kontrolle&#8220; tauschen sich Forschende von Mittwoch (12. November) bis Freitag (14. November) an der Philipps-Universit\u00e4t Marburg \u00fcber die politische Dimension des digitalen Bildes unter den aktuellen Bedingungen dessen aus, was h\u00e4ufig als &#8222;autorit\u00e4re Wende&#8220; bezeichnet wird. Denn digitale Bilder scheinen bei dieser Wende eine entscheidende Rolle zu spielen.<br \/>\nVor dem Siegeszug der sogenannten &#8222;K\u00fcnstlichen Intelligenz&#8220; (KI) galten fotografische Bilder als manipulierbar aber zugleich realit\u00e4tsnah. Heute dagegen ist oft unklar, ob es \u00fcberhaupt ein reales Originalfoto gibt. Bilder werden nicht nur digital aufbereitet und beliebig ver\u00e4ndert, sondern zunehmend auch synthetisch und algorithmisch erzeugt und verbreitet. Sie werden zunehmend und systematisch f\u00fcr politische Zwecke genutzt und erzielen enorme Reichweiten, vor allem \u00fcber Social-Media-Plattformen. In der Regel werden diese Plattformen nicht von demokratischen Instanzen, sondern von Unternehmen kontrolliert.<br \/>\n&#8222;Bilder haben ein enormes Potenzial, Botschaften emotional zu \u00fcbermitteln und aufzuladen, eine breite \u00d6ffentlichkeit zu manipulieren und damit zur Etablierung autorit\u00e4rer Strukturen oder zur Konsolidierung von Macht beizutragen&#8220;, erkl\u00e4rte Prof. Dr. Hubert Locher. Er ist Sprecher der zweiten Phase des Schwerpunktprogramms (SPP) und Direktor des Deutschen Dokumentationszentrums f\u00fcr Kunstgeschichte &#8211; Bildarchiv Foto Marburg (DDK) an der Philipps-Universit\u00e4t Marburg. Die Thematisierung digitaler Bildmedien in ihrer politischen Funktion als Fokus der Tagung tr\u00e4gt auch der Entwicklung der vergangenen sechs Jahre Rechnung. Denn die Situation hat sich seit dem Start des SPP im Dezember 2019 &#8211; noch vor der Corona-Pandemie &#8211; deutlich ver\u00e4ndert.<br \/>\n&#8222;W\u00e4hrend der Laufzeit des Programms ist nicht nur ein rasanter Wandel der digitalen Technologien zu beobachten &#8211; eine Entwicklung, die in dieser Dynamik nicht vorhersehbar war &#8211; sondern gleichzeitig ein signifikanter Wandel der politischen Situation&#8220;, erkl\u00e4rte Prof. Dr. Hubertus Kohle vom Institut f\u00fcr Kunstgeschichte der Ludwig-Maximilians-Universit\u00e4t M\u00fcnchen. Er war Sprecher der ersten Phase des SPP. \u00dcberwog zu Beginn des Projekts die Begeisterung f\u00fcr die produktiven und erkenntnisf\u00f6rdernden Aspekte neuer Technologien f\u00fcr digitale Bilder, macht sich inzwischen vielfach Ern\u00fcchterung breit.<br \/>\nDenn gleichzeitig mit den gewaltigen Entwicklungsspr\u00fcngen im Bereich der KI gibt es anhaltende Monopolisierungsbestrebungen der Big-Tech-Konzerne. Deren Auswirkungen auf die Wissenschaft seien noch kaum absch\u00e4tzbar, konstatieren die Forschenden. Und in eigent\u00fcmlicher Weise verb\u00e4nden sich diese Konzentrationsprozesse mit dem bedenklichen Erfolg rechter bis rechtsextremer Populismusbewegungen in den Vereinigten Staaten von Amerika (USA), aber auch in vielen L\u00e4ndern Europas. Die Forschenden wollen deshalb der Frage nachgehen, inwiefern digitale Bilder in die Entstehung und Festigung autorit\u00e4rer Regime verwickelt sind, wie sie in den Plattform\u00f6konomien der Gegenwart funktionieren und ob sie noch immer ein emanzipatorisches Potenzial haben.<br \/>\nIm DFG-Schwerpunktprogramm sollte &#8222;Das digitale Bild&#8220; urspr\u00fcnglich besonders im Blick auf das Fach Kunstgeschichte und andere geisteswissenschaftlich orientierte Disziplinen erkundet werden, um den methodischen und technologischen Herausforderungen des digitalen Zeitalters gerecht zu werden. Der Fokus richtete sich auf das Bild und den Umgang damit aus technischer Perspektive. Diese Situation hat sich in den vergangenen sechs Jahren dramatisch ver\u00e4ndert. Geisteswissenschaftliche Arbeit findet im Vergleich zu 2019 unter v\u00f6llig neuen Vorzeichen statt und stellt sich neuen Anspr\u00fcchen und Herausforderungen. Bei der Tagung wollen die Forschenden daher die Diskussion \u00fcber das Entwicklungspotenzial der digitalen Technologien hinaus ausweiten und digitale Technologien f\u00fcr die im SPP vertretenen F\u00e4cher in einen gr\u00f6\u00dferen politischen Rahmen einordnen.<\/p>\n<p>* pm: Philipps-Universit\u00e4t Marburg<\/p>\n","protected":false},"excerpt":{"rendered":"<p>Die Abschlusstagung des DFG-Schwerpunktprogramms &#8222;Das digitale Bild&#8220; thematisiert die &#8222;autorit\u00e4re Wende&#8220;. Digitale Bilder betrachtet sie im Spannungsfeld von Manipulation und Macht.<\/p>\n","protected":false},"author":2,"featured_media":0,"comment_status":"closed","ping_status":"open","sticky":false,"template":"","format":"standard","meta":{"advanced_seo_description":"","spay_email":"","jetpack_publicize_message":"","jetpack_is_tweetstorm":false,"jetpack_publicize_feature_enabled":true},"categories":[5,3,2,4],"tags":[882,1341,2102],"jetpack_featured_media_url":"","jetpack_publicize_connections":[],"jetpack_sharing_enabled":true,"jetpack_shortlink":"https:\/\/wp.me\/p8mhvd-4Ws","jetpack-related-posts":[{"id":14769,"url":"http:\/\/marburg.news\/?p=14769","url_meta":{"origin":19000,"position":0},"title":"Erfolgreiche Kreationen: KI und das digitale Bild","date":"17. Januar 2024","format":false,"excerpt":"\"KI und das digitale Bild\" ist Thema einer Tagung in Marburg. Ein DFG-Schwerpunktprogramm l\u00e4dt dazu ein. Die technischen Neuerungen des maschinellen Lernens erhielten j\u00fcngst mit frei zug\u00e4nglichen k\u00fcnstlich-intelligenten Programmen wie DALL-E oder ChatGPT gro\u00dfe Aufmerksamkeit bei einem breiten Publikum. Die \u00f6ffentliche Debatte changiert zwischen Bewunderung, Neugier und Sorge. Diesem Themenkomplex\u2026","rel":"","context":"In &quot;Bildung&quot;","img":{"alt_text":"","src":"","width":0,"height":0},"classes":[]},{"id":5844,"url":"http:\/\/marburg.news\/?p=5844","url_meta":{"origin":19000,"position":1},"title":"Wechsel im Verst\u00e4ndnis: Wie ver\u00e4ndern digitale Bilder die Gesellschaft","date":"14. Oktober 2020","format":false,"excerpt":"Wie ver\u00e4ndert das digitale Bild die Gesellschaft? Das DFG-Schwerpunktprogramm \"Das digitale Bild\" erforscht Auswirkungen digitaler Bilder bei einem Workshop in Marburg. Was ist ein digitales Bild? Und wie ver\u00e4ndert es unsere Sehgewohnheiten, unser Handeln, unsere Denkstrukturen? Diesen Fragen geht das Projekt \"Das digitale Bild\" nach. Es wird als Schwerpunktprogramm von\u2026","rel":"","context":"In &quot;Bildung&quot;","img":{"alt_text":"","src":"","width":0,"height":0},"classes":[]},{"id":11775,"url":"http:\/\/marburg.news\/?p=11775","url_meta":{"origin":19000,"position":2},"title":"Gemeinsam sehen: Das digitale Bild in der Architektur","date":"27. Januar 2023","format":false,"excerpt":"Ein kooperatives Forschungsprojekt pr\u00e4sentiert Ergebnisse im Kunstmuseum Marburg. Die Ausstellung \"Architecture Transformed\" l\u00e4uft ab Donnerstag (9. Februar). Die Ausstellung \"\"Architecture Transformed - Das digitale Bild in der Architektur 1980 - 2020\" bildet den Abschluss des Forschungsprojekts \"Architecture Transformed - Architekturprozesse im digitalen Bildraum\", das von 2019 bis 2022 in Zusammenarbeit\u2026","rel":"","context":"In &quot;Bildung&quot;","img":{"alt_text":"","src":"","width":0,"height":0},"classes":[]},{"id":1948,"url":"http:\/\/marburg.news\/?p=1948","url_meta":{"origin":19000,"position":3},"title":"Forschungsdrang: Mehrere Millionen f\u00fcr das digitale Bild","date":"20. M\u00e4rz 2018","format":false,"excerpt":"\"Das digitale Bild\" hei\u00dft ein neues Schwerpunktprogramm der Deutschen Forschungsgemeinschaft (DFG). Koordiniert wird die erste Phase von der Philipps-Universit\u00e4t und der Ludwig-Maximilians-Universit\u00e4t M\u00fcnchen (LMU). Man muss nur einen aktuellen Online-Auftritt mit einer Website aus den 1990er-Jahren vergleichen, um zu sehen, wie sehr die digitale Welt heute visuell gepr\u00e4gt ist. Das\u2026","rel":"","context":"In &quot;Bildung&quot;","img":{"alt_text":"","src":"","width":0,"height":0},"classes":[]},{"id":11969,"url":"http:\/\/marburg.news\/?p=11969","url_meta":{"origin":19000,"position":4},"title":"Chancenreiche Marburger: Bilderdialog zu Architektur mit Florian Henrich","date":"17. Februar 2023","format":false,"excerpt":"Architekturdarstellungen im Zeichen digitalen Wandels sind Thema beim Bilder-Dialog am Donnerstag (23. Februar). Florian Henrich spricht dazu ab 18 Uhr im Kunstmuseum an der Biegenstra\u00dfe. Ein Bilder-Dialog mit Florian Henrich findet am Donnerstag (23. Februar ab 18 Uhr statt. Der Kunsthistoriker arbeitet am Deutschen Dokumentationszentrum f\u00fcr Kunstgeschichte und spricht \u00fcber\u2026","rel":"","context":"In &quot;Bildung&quot;","img":{"alt_text":"","src":"","width":0,"height":0},"classes":[]},{"id":11648,"url":"http:\/\/marburg.news\/?p=11648","url_meta":{"origin":19000,"position":5},"title":"Ausblicke des Jahres: Programm des Kunstmuseums f\u00fcr 2023","date":"10. Januar 2023","format":false,"excerpt":"Bunt und vielf\u00e4ltig ist das Jahresprogramm des Kunstmuseums f\u00fcr 2023. Einen Ausblick darauf hat das Museum am Dienstag (10. Januar) gegeben. Im Kunstmuseum Marburg stehen f\u00fcr 2023 zahlreiche Ausstellungen im Kalender und bringen neue Perspektiven. Noch bis Sonntag (22. Januar) sind die r\u00e4tselhaften Schattenwelten von Hans Schohl zu sehen. Ab\u2026","rel":"","context":"In &quot;Kultur&quot;","img":{"alt_text":"","src":"","width":0,"height":0},"classes":[]}],"_links":{"self":[{"href":"http:\/\/marburg.news\/index.php?rest_route=\/wp\/v2\/posts\/19000"}],"collection":[{"href":"http:\/\/marburg.news\/index.php?rest_route=\/wp\/v2\/posts"}],"about":[{"href":"http:\/\/marburg.news\/index.php?rest_route=\/wp\/v2\/types\/post"}],"author":[{"embeddable":true,"href":"http:\/\/marburg.news\/index.php?rest_route=\/wp\/v2\/users\/2"}],"replies":[{"embeddable":true,"href":"http:\/\/marburg.news\/index.php?rest_route=%2Fwp%2Fv2%2Fcomments&post=19000"}],"version-history":[{"count":0,"href":"http:\/\/marburg.news\/index.php?rest_route=\/wp\/v2\/posts\/19000\/revisions"}],"wp:attachment":[{"href":"http:\/\/marburg.news\/index.php?rest_route=%2Fwp%2Fv2%2Fmedia&parent=19000"}],"wp:term":[{"taxonomy":"category","embeddable":true,"href":"http:\/\/marburg.news\/index.php?rest_route=%2Fwp%2Fv2%2Fcategories&post=19000"},{"taxonomy":"post_tag","embeddable":true,"href":"http:\/\/marburg.news\/index.php?rest_route=%2Fwp%2Fv2%2Ftags&post=19000"}],"curies":[{"name":"wp","href":"https:\/\/api.w.org\/{rel}","templated":true}]}}