{"id":18996,"date":"2025-11-10T12:24:30","date_gmt":"2025-11-10T11:24:30","guid":{"rendered":"http:\/\/marburg.news\/?p=18996"},"modified":"2025-11-10T12:24:30","modified_gmt":"2025-11-10T11:24:30","slug":"fuer-familien-gemeinsam-medienkompetenz-staerken","status":"publish","type":"post","link":"http:\/\/marburg.news\/?p=18996","title":{"rendered":"F\u00fcr Familien: Gemeinsam Medienkompetenz st\u00e4rken"},"content":{"rendered":"<p>Gemeinsam k\u00f6nnen Familien am Samstag (29. November) ihre die Medienkompetenz st\u00e4rken. Die Veranstaltung findet im &#8222;Haus der Jugend&#8220; statt. <!--more--><br \/>\nSeine T\u00fcren \u00f6ffnet das &#8222;Haus der Jugend&#8220; an der Frankfurter Stra\u00dfe am Samstag (29. November) von 14 bis 18 Uhr f\u00fcr den zweiten Familien-Medientag. Dieser Tag richtet sich an Kinder ab sechs Jahre und ihre Erziehungsberechtigten, um das Verst\u00e4ndnis f\u00fcr medienp\u00e4dagogische Themen zu f\u00f6rdern. Organisiert wird er von den Mediennetzwerken &#8222;Medisa&#8220; im Landkreis Marburg-Biedenkopf und &#8222;*klick*&#8220; in der Universit\u00e4tsstadt Marburg sowie vom Sch\u00fclerforschungszentrum Mittelhessen. F\u00fcr die Teilnahme ist keine Anmeldung erforderlich und der Eintritt ist kostenlos.<br \/>\nDie Veranstaltung bietet interaktive Stationen, an denen Familien spielerisch lernen und ihre Medienerfahrungen reflektieren k\u00f6nnen. Zu den H\u00f6hepunkten geh\u00f6ren das Bauen und Programmieren von Robotern, KI-Mitmachstationen, eine Family-Gaming-Arena, ein Drohnenparcours und das selbst\u00e4ndige drehen eines Stop-Motion Filmes. F\u00fcr Eltern wird der Vortrag &#8222;Aufwachsen zwischen Likes und Livestreams&#8220; des Instituts f\u00fcr Medien und Kommunikation Hessen wertvolle Infos zur Medienregeln in der Familie liefern. Au\u00dferdem pr\u00e4sentieren verschiedene Institutionen und Beratungsstellen ihre Angebote in den R\u00e4umen des Jugendtreffs und stehen f\u00fcr Fragen zur Verf\u00fcgung.<br \/>\n&#8222;Wir freuen uns darauf, erneut eine Plattform f\u00fcr den Dialog \u00fcber digitale Medien zu schaffen&#8220;, erkl\u00e4rte Landrat Jens Womelsdorf. &#8222;Es ist wichtig, f\u00fcr Gro\u00df und Klein den richtigen Umgang mit den Medien zu w\u00e4hlen, denn diese sind stetig im Wandel. Und mit den positiven R\u00fcckmeldungen im vergangenen Jahr und dem klaren Bedarf an Austausch ist es uns ein Anliegen gewesen, den Ansto\u00df f\u00fcr diesen Tag erneut zu geben.&#8220;<br \/>\nIn Familien bringt das Thema Medien oft Fragen, Unsicherheiten und durchaus auch Konflikte mit sich. &#8222;Der Familien-Medientag schafft einen Ort, an dem wir genau dar\u00fcber ins Gespr\u00e4ch kommen k\u00f6nnen mit Offenheit, Neugier und gegenseitigem Verst\u00e4ndnis&#8220;, erl\u00e4uterte B\u00fcrgermeisterin Nadine Bernshausen. &#8222;Denn Medienkompetenz entsteht nicht allein vor dem Bildschirm, sondern im Miteinander.&#8220;<br \/>\nAlle Teilnehmenden, die mindestens vier Stationen besuchen, erhalten eine kleine \u00dcberraschung. Der Familienmedientag verspricht ein spannendes und lehrreiches Erlebnis f\u00fcr die ganze Familie.<\/p>\n<p>* pm: Landkreis Marburg-Biedenkopf<\/p>\n","protected":false},"excerpt":{"rendered":"<p>Gemeinsam k\u00f6nnen Familien am Samstag (29. November) ihre die Medienkompetenz st\u00e4rken. Die Veranstaltung findet im &#8222;Haus der Jugend&#8220; statt.<\/p>\n","protected":false},"author":2,"featured_media":0,"comment_status":"closed","ping_status":"open","sticky":false,"template":"","format":"standard","meta":{"advanced_seo_description":"","spay_email":"","jetpack_publicize_message":"","jetpack_is_tweetstorm":false,"jetpack_publicize_feature_enabled":true},"categories":[5,4],"tags":[2630,7024,1923],"jetpack_featured_media_url":"","jetpack_publicize_connections":[],"jetpack_sharing_enabled":true,"jetpack_shortlink":"https:\/\/wp.me\/p8mhvd-4Wo","jetpack-related-posts":[{"id":16851,"url":"http:\/\/marburg.news\/?p=16851","url_meta":{"origin":18996,"position":0},"title":"Marburg macht Medienkompetenz: Familien sollen dabei zusammen Spa\u00df haben","date":"7. November 2024","format":false,"excerpt":"Ein Familien-Medientag findet am Samstag (16. November) statt. Eltern und Kinder sollen dabei ihre Medienkompetenz st\u00e4rken und gemeinsam Spa\u00df haben. Wie k\u00f6nnen Kinder einen reflektierten Umgang mit digitalen Medien lernen? Und wie k\u00f6nnen Eltern sie dabei unterst\u00fctzen? Um diese und viele andere Themen geht es beim Familien-Medientag des Landkreises Marburg-Biedenkopf\u2026","rel":"","context":"In &quot;Bildung&quot;","img":{"alt_text":"","src":"","width":0,"height":0},"classes":[]},{"id":17219,"url":"http:\/\/marburg.news\/?p=17219","url_meta":{"origin":18996,"position":1},"title":"Achtsamkeit bitte: Medientag f\u00fcr Familien vermittelte Einblicke","date":"20. Dezember 2024","format":false,"excerpt":"Auf reges Interesse ist der Medientag f\u00fcr Familien gesto\u00dfen. Er unterbreitete ihnen spannende Angebote zur spielerischen Vermittlung von digitalen Kompetenzen. Zahlreiche Familien haben den \"Familien-Medientag\" im Marburger \"Haus der Jugend\" genutzt, um sich aktiv mit digitalen Medien auseinanderzusetzen: Unter dem Motto \"Gemeinsam Medien erleben!\" bot der Aktionstag eine Mischung aus\u2026","rel":"","context":"In &quot;Bildung&quot;","img":{"alt_text":"","src":"","width":0,"height":0},"classes":[]},{"id":19434,"url":"http:\/\/marburg.news\/?p=19434","url_meta":{"origin":18996,"position":2},"title":"Bedingungen erkl\u00e4rt: 2. Familien-Medientag vermittelte gemeinsame Erfahrungen","date":"2. Februar 2026","format":false,"excerpt":"Auf reges Interesse traf der zweite \"Familien-Medientag\" von Kreis und Stadt Marburg. Familien konnten dabei gemeinsam in die digitale Welt eintauchen. Die Gelegenheit, Sich aktiv mit digitalen Medien auseinanderzusetzen, haben rund 110 Kinder, Jugendliche und ihre Familien aus der Universit\u00e4tsstadt Marburg und dem Landkreis Marburg-Biedenkopf beim \"Familien-Medientag\" genutzt. Organisiert von\u2026","rel":"","context":"In &quot;Bildung&quot;","img":{"alt_text":"","src":"","width":0,"height":0},"classes":[]},{"id":18027,"url":"http:\/\/marburg.news\/?p=18027","url_meta":{"origin":18996,"position":3},"title":"Auf den Familien: 8. Pr\u00e4ventionskonferenz am 18. Juni im EPH","date":"20. Mai 2025","format":false,"excerpt":"Familien stehen im Fokus der achten Pr\u00e4ventionskonferenz. Sie findet am Mittwoch (18. Juni) statt. Bei der achten Pr\u00e4ventionskonferenz stehen Familien mit besonderen Bed\u00fcrfnissen im Mittelpunkt. Die Veranstaltung der Initiative \"Gesundheit f\u00f6rdern - Versorgung st\u00e4rken\" des Landkreises Marburg-Biedenkopf und der Universit\u00e4tsstadt Marburg findet am Mittwoch (18. Juni) von 10 bis 14\u2026","rel":"","context":"In &quot;Soziales&quot;","img":{"alt_text":"","src":"","width":0,"height":0},"classes":[]},{"id":12378,"url":"http:\/\/marburg.news\/?p=12378","url_meta":{"origin":18996,"position":4},"title":"Nicht nachgelassen: Solar-Picknick f\u00fcr Familien am 22. April","date":"17. April 2023","format":false,"excerpt":"Ein Solar-Picknick findet am Samstag (22. April) im Northamptonpark statt. Es richtet sich an Familien und Frauen mit Kindern. auch 2023 l\u00e4dt die Stadt Marburg mit einem Familien-Solar-Picknick Frauen und Familien dazu ein, sich kostenlos \u00fcber Photovoltaik-Anlagen und Balkonmodule zu informieren. Dazu stehen die Solar-Berater*innen der Stadt f\u00fcr alle Fragen\u2026","rel":"","context":"In &quot;Soziales&quot;","img":{"alt_text":"","src":"","width":0,"height":0},"classes":[]},{"id":18349,"url":"http:\/\/marburg.news\/?p=18349","url_meta":{"origin":18996,"position":5},"title":"Besonderer Bedarf: 8. Pr\u00e4ventionskonferenz von Kreis und Stadt","date":"11. Juli 2025","format":false,"excerpt":"Familien mit besonderem Bedarf standen im Fokus der 8. Pr\u00e4ventionskonferenz von Kreis und Stadt. Sie brachte Fachwelt und \u00d6ffentlichkeit zusammen. Unter dem Titel \"Familien mit besonderen Bedarfen im Fokus\" haben der Landkreis Marburg-Biedenkopf und die Universit\u00e4tsstadt Marburg gemeinsam die inzwischen achte Pr\u00e4ventionskonferenz veranstaltet. Rund 100 Teilnehmende kamen im Erwin-Piscator-Haus (EPH)\u2026","rel":"","context":"In &quot;Soziales&quot;","img":{"alt_text":"","src":"","width":0,"height":0},"classes":[]}],"_links":{"self":[{"href":"http:\/\/marburg.news\/index.php?rest_route=\/wp\/v2\/posts\/18996"}],"collection":[{"href":"http:\/\/marburg.news\/index.php?rest_route=\/wp\/v2\/posts"}],"about":[{"href":"http:\/\/marburg.news\/index.php?rest_route=\/wp\/v2\/types\/post"}],"author":[{"embeddable":true,"href":"http:\/\/marburg.news\/index.php?rest_route=\/wp\/v2\/users\/2"}],"replies":[{"embeddable":true,"href":"http:\/\/marburg.news\/index.php?rest_route=%2Fwp%2Fv2%2Fcomments&post=18996"}],"version-history":[{"count":0,"href":"http:\/\/marburg.news\/index.php?rest_route=\/wp\/v2\/posts\/18996\/revisions"}],"wp:attachment":[{"href":"http:\/\/marburg.news\/index.php?rest_route=%2Fwp%2Fv2%2Fmedia&parent=18996"}],"wp:term":[{"taxonomy":"category","embeddable":true,"href":"http:\/\/marburg.news\/index.php?rest_route=%2Fwp%2Fv2%2Fcategories&post=18996"},{"taxonomy":"post_tag","embeddable":true,"href":"http:\/\/marburg.news\/index.php?rest_route=%2Fwp%2Fv2%2Ftags&post=18996"}],"curies":[{"name":"wp","href":"https:\/\/api.w.org\/{rel}","templated":true}]}}