{"id":18995,"date":"2025-11-10T10:40:18","date_gmt":"2025-11-10T09:40:18","guid":{"rendered":"http:\/\/marburg.news\/?p=18995"},"modified":"2025-11-10T10:40:18","modified_gmt":"2025-11-10T09:40:18","slug":"fuer-menschlichkeit-ausstellung-und-konzert-in-der-lutherischen-pfarrkirche","status":"publish","type":"post","link":"http:\/\/marburg.news\/?p=18995","title":{"rendered":"F\u00fcr Menschlichkeit: Ausstellung und Konzert in der Lutherischen Pfarrkirche"},"content":{"rendered":"<p>Die Ausstellung &#8222;Ein j\u00fcdisches Jahrhundertleben&#8220; und und ein Konzert &#8222;pal\u00e4stinensische Stimmen&#8220; finden in der Lutherischen Pfarrkirche statt. Das ist eine bewusste Setzung der Kirchengemeinde. <!--more--><br \/>\nNachdem es vor kurzem eine Debatte \u00fcber ein Exponat in einer Ausstellung in der Lutherischen Pfarrkirche gegeben hatte, l\u00e4dt die Kirchengemeinde nun zu einer neuen Ausstellung und zu einem Konzert ein. Dabei werden sich &#8222;ein j\u00fcdisches Jahrhundertleben&#8220; und pal\u00e4stinensische Stimmen begegnen. Das ist ein bewusstes Signal f\u00fcr das Miteinander von Religionen, Kulturen und Menschen, das der Kirchengemeinde und Pfarrer Ulrich Biskamp schon immer ein Anliegen war und ist. &#8222;Seid Menschen&#8220;, lautet der Appell.<br \/>\nAls \u00dcberlebende der Shoah und eine der letzten Zeitzeuginnen hat sie die deutsche Erinnerungskultur wie kaum eine andere gepr\u00e4gt &#8211; deshalb haben Maryam Abdolahi und Samuel Linn der in diesem Jahr verstorbenen Margot Friedl\u00e4nder eine Ausstellung gewidmet. Die war bereits zu einer Filmvorf\u00fchrung im Marburger Capitol vor wenigen Wochen zu sehen und h\u00e4ngt nun in der Lutherischen Pfarrkirche.<br \/>\n&#8222;Der Ort ist bewusst gew\u00e4hlt&#8220;, sagt Maryam Abdolahi. Sie sei auf Pfarrer Ulrich Biskamp zugegangen, nachdem er und die Kirchengemeinde sich im Rahmen der vorherigen Ausstellung in der Pfarrkirche mit dem Vorwurf des Antisemitismus konfrontiert sahen. Der Ausstellungsmacher hatte ein missverst\u00e4ndliches Exponat trotz Aufforderung nicht aus der Ausstellung genommen.<br \/>\nBiskamp sprach diesen Hintergrund bei der Vernissage der Ausstellung &#8222;Ein j\u00fcdisches Jahrhundertleben&#8220; noch einmal an und betonte, dass er und die Pfarrkirche schon immer f\u00fcr ein Miteinander von Religionen und Menschen eingestanden haben. Auch Margot Friedl\u00e4nder habe sich mit ihrer Stimme unerm\u00fcdlich f\u00fcr j\u00fcdisches Leben, gegen Antisemitismus und f\u00fcr demokratische Werte eingesetzt, hei\u00dft es in der Beschreibung der Ausstellung. &#8222;Seien wir Menschen&#8220;, sagte Biskamp in Anlehnung an das ber\u00fchmte Zitat von Margot Friedl\u00e4nder.<br \/>\nDie Ausstellung w\u00fcrdigt das Wirken der Shoa-\u00dcberlebenden auch optisch auf ganz besondere Weise: Die Exponate sind aus unterschiedlichen Stoffen &#8211; eine Referenz an den Berufswunsch von Margot Friedl\u00e4nder, die Modedesignerin hatte werden wollen. Integriert in den Ausstellungszeitraum bis 23. November ist ein Konzert der Berliner Gruppe &#8222;Make Freedom Ring&#8220; &#8211; ein Benefizkonzert f\u00fcr die notleidenden Menschen in Gaza.<br \/>\n&#8222;Make Freedom Ring&#8220; &#8211; geleitet von Prof. Michael Barenboim &#8211; ist ein Zusammenschluss j\u00fcdischer, pal\u00e4stinensischer, arabischer und \u00fcberkonfessioneller K\u00fcnsterlerinnen und K\u00fcnstler, der pal\u00e4stinensische Stimmen h\u00f6rbar macht und Spenden f\u00fcr humanit\u00e4re Hilfe sammelt. Im Vorfeld der Planungen wurden Gespr\u00e4che mit Vertreterinnen und Vertretern beider Seiten gef\u00fchrt, auch unter Beteiligung des Dekans Dr. Burkhard von D\u00f6rnberg.<br \/>\nDie Ausstellung &#8222;Ein j\u00fcdisches Jahrhundertleben&#8220; ist noch bis Sonntag (23. November) t\u00e4glich in der Lutherischen Pfarrkirche zu sehen. Das Konzert findet am Freitag (14. November) um 18 Uhr statt. Der Eintritt kostet 25 Euro und erm\u00e4\u00dfigt 15 Euro, wobei 90 Prozent als Spende weitergegeben werden.<br \/>\n&#8222;Aus diesem Grund habe ich meine Ausstellung bewusst in dieser Kirche pr\u00e4sentiert, einem Ort, der sich dem Dialog und dem interreligi\u00f6sen Austausch verpflichtet f\u00fchlt&#8220;, erkl\u00e4rte Maryam Abdolahi. &#8222;Solche R\u00e4ume des Gespr\u00e4chs d\u00fcrfen nicht durch ideologische oder politische Interessen vereinnahmt werden, um unmenschliche oder spaltende Positionen zu rechtfertigen. Kritik an politischen Entscheidungen &#8211; auch an der Regierung Israels &#8211; ist legitim und notwendig.&#8220;<br \/>\nDoch dort, wo die Grenze zwischen berechtigter Kritik und pauschalen Urteilen \u00fcber j\u00fcdische Menschen verschwimmt, ende der Dialog. &#8222;Nur wenn wir diese Unterscheidung klar benennen und bewahren, kann ein respektvoller und aufrichtiger Austausch stattfinden&#8220;, fuhr sie fort. &#8222;Gerade dort, wo antisemitische Narrative oder ideologische Instrumentalisierungen Raum gewinnen, sollten wir nicht schweigen, sondern pr\u00e4sent sein &#8211; und meine Stimme als J\u00fcdin soll dort ihren Platz haben. In der Hoffnung, dass sich vielleicht ein oder zwei Menschen von antisemitischen oder extremistischen Haltungen distanzieren &#8211; das w\u00e4re mein gr\u00f6\u00dfter Erfolg.&#8220;<\/p>\n<p>* pm: Evangelischer Kirchenkreis Marburg<\/p>\n","protected":false},"excerpt":{"rendered":"<p>Die Ausstellung &#8222;Ein j\u00fcdisches Jahrhundertleben&#8220; und und ein Konzert &#8222;pal\u00e4stinensische Stimmen&#8220; finden in der Lutherischen Pfarrkirche statt. Das ist eine bewusste Setzung der Kirchengemeinde.<\/p>\n","protected":false},"author":2,"featured_media":0,"comment_status":"closed","ping_status":"open","sticky":false,"template":"","format":"standard","meta":{"advanced_seo_description":"","spay_email":"","jetpack_publicize_message":"","jetpack_is_tweetstorm":false,"jetpack_publicize_feature_enabled":true},"categories":[3,2,4],"tags":[216,358,6842],"jetpack_featured_media_url":"","jetpack_publicize_connections":[],"jetpack_sharing_enabled":true,"jetpack_shortlink":"https:\/\/wp.me\/p8mhvd-4Wn","jetpack-related-posts":[{"id":16615,"url":"http:\/\/marburg.news\/?p=16615","url_meta":{"origin":18995,"position":0},"title":"F\u00fcr Gr\u00fcn: Zur Umgestaltung des Lutherischen Kirchhofs","date":"14. Oktober 2024","format":false,"excerpt":"Einen Wettbewerb zur Umgestaltung des Lutherischen Kirchhofs hat die Stadt durchgef\u00fchrt. Unter dem Titel \"Wir gestalten unseren Stadtbalkon\" zeigt eine Ausstellung einige der Ideen. Unter dem Motto \"Wir gestalten unseren Stadtbalkon\" hat die Stadt Marburg einen Wettbewerb zur Umgestaltung des Lutherischen Kirchhofs ausgelobt. Eine Ausstellung in der Lutherischen Pfarrkirche zeigt\u2026","rel":"","context":"In &quot;Politik&quot;","img":{"alt_text":"","src":"","width":0,"height":0},"classes":[]},{"id":16483,"url":"http:\/\/marburg.news\/?p=16483","url_meta":{"origin":18995,"position":1},"title":"Ausstellung f\u00fcr Ausgestaltung: Ideen zur Versch\u00f6nerung des Stadtbalkons","date":"1. Oktober 2024","format":false,"excerpt":"Einen Wettbewerb zum Lutherischen Kirchhof hat die Stadt durchgef\u00fchrt. Eine Ausstellung zeigt die Ideen f\u00fcr den \"Stadtbalkon\". Der Lutherische Kirchhof mit seinen pr\u00e4chtigen Lindenb\u00e4umen, den historischen Geb\u00e4uden und der fantastischen Aussicht ist ein beliebter \"Stadtbalkon\" mit Weitblick. Aber er kann eine neue Gestaltung vertragen. Dazu gab es einen Wettbewerb. Die\u2026","rel":"","context":"In &quot;Politik&quot;","img":{"alt_text":"","src":"","width":0,"height":0},"classes":[]},{"id":19103,"url":"http:\/\/marburg.news\/?p=19103","url_meta":{"origin":18995,"position":2},"title":"Keine Klangeweile: Schulen pr\u00e4sentieren H\u00f6rgenuss im Advent","date":"25. November 2025","format":false,"excerpt":"Beim \"H\u00f6rgenuss im Advent\" stimmen vier Schulen das Publikum auf Weihnachten ein. Das Konzert findet am Freitag (5. Dezember) in der Lutherischen Pfarrkirche statt. \u00dcber 200 Sch\u00fclerinnen und Sch\u00fcler pr\u00e4sentieren am Freitag (5. Dezember) in der Lutherischen Pfarrkirche St. Marien am Lutherischen Kirchhof in Marburg unter dem Titel \"H\u00f6rgenuss im\u2026","rel":"","context":"In &quot;Kultur&quot;","img":{"alt_text":"","src":"","width":0,"height":0},"classes":[]},{"id":18833,"url":"http:\/\/marburg.news\/?p=18833","url_meta":{"origin":18995,"position":3},"title":"Erinnerung und Ausstellung: Veranstaltungen zum Gedenken an Margot Friedl\u00e4nder","date":"14. Oktober 2025","format":false,"excerpt":"Zu einem Abend des Gedenkens an Margot Friedl\u00e4nder laden die jungj\u00fcdische Community in Marburg, das AStA Referat \"Chai\" - Gegen Antisemitismus und f\u00fcr j\u00fcdisches Leben sowie der Verband J\u00fcdischer Studierender Hessen (VJSH) ein. Stattfinden soll er am Mittwoch (22. Oktober) um 18 Uhr im Capitol-Kino. Im Rahmen des Abends wird\u2026","rel":"","context":"In &quot;Bildung&quot;","img":{"alt_text":"","src":"","width":0,"height":0},"classes":[]},{"id":15761,"url":"http:\/\/marburg.news\/?p=15761","url_meta":{"origin":18995,"position":4},"title":"Frankreich-Festival: Deutsch-franz\u00f6sische Initiative feiert im Sommer","date":"8. Juni 2024","format":false,"excerpt":"Im Sommer wird die Stadt Marburg Schauplatz eines besonderen Festivals: Die erste Auflage des \"Festival fran\u00e7ais \u00e0 Marburg\" findet von Mittwoch (12. Juni) bis Mittwoch (7. Juli) statt. Die Deutsch-Franz\u00f6sische Initiative Marburg l\u00e4dt dazu ein, die Vielfalt der franz\u00f6sischen Sprache, Musik und Kultur zu entdecken und gemeinsam zu feiern. Die\u2026","rel":"","context":"In &quot;Kultur&quot;","img":{"alt_text":"","src":"","width":0,"height":0},"classes":[]},{"id":11295,"url":"http:\/\/marburg.news\/?p=11295","url_meta":{"origin":18995,"position":5},"title":"Hineingesungen: Sch\u00fcler pr\u00e4sentieren H\u00f6rgenuss im Advent","date":"25. November 2022","format":false,"excerpt":"Drei Schulen pr\u00e4sentieren in der Lutherischen Pfarrkirche einen \"H\u00f6rgenuss im Advent\". Vielf\u00e4ltige Musikbeitr\u00e4ge stimmen am Freitag (2. Dezember) auf die Weihnachtszeit ein. Mehr als 100 Sch\u00fclerinnen und Sch\u00fcler pr\u00e4sentieren am Freitag (2. Dezember) in der Lutherischen Pfarrkirche St. Marien die musikalische Vielfalt der Schulen im Landkreis Marburg-Biedenkopf. Das Konzert beginnt\u2026","rel":"","context":"In &quot;Kultur&quot;","img":{"alt_text":"","src":"","width":0,"height":0},"classes":[]}],"_links":{"self":[{"href":"http:\/\/marburg.news\/index.php?rest_route=\/wp\/v2\/posts\/18995"}],"collection":[{"href":"http:\/\/marburg.news\/index.php?rest_route=\/wp\/v2\/posts"}],"about":[{"href":"http:\/\/marburg.news\/index.php?rest_route=\/wp\/v2\/types\/post"}],"author":[{"embeddable":true,"href":"http:\/\/marburg.news\/index.php?rest_route=\/wp\/v2\/users\/2"}],"replies":[{"embeddable":true,"href":"http:\/\/marburg.news\/index.php?rest_route=%2Fwp%2Fv2%2Fcomments&post=18995"}],"version-history":[{"count":0,"href":"http:\/\/marburg.news\/index.php?rest_route=\/wp\/v2\/posts\/18995\/revisions"}],"wp:attachment":[{"href":"http:\/\/marburg.news\/index.php?rest_route=%2Fwp%2Fv2%2Fmedia&parent=18995"}],"wp:term":[{"taxonomy":"category","embeddable":true,"href":"http:\/\/marburg.news\/index.php?rest_route=%2Fwp%2Fv2%2Fcategories&post=18995"},{"taxonomy":"post_tag","embeddable":true,"href":"http:\/\/marburg.news\/index.php?rest_route=%2Fwp%2Fv2%2Ftags&post=18995"}],"curies":[{"name":"wp","href":"https:\/\/api.w.org\/{rel}","templated":true}]}}