{"id":18987,"date":"2025-11-07T14:55:52","date_gmt":"2025-11-07T13:55:52","guid":{"rendered":"http:\/\/marburg.news\/?p=18987"},"modified":"2025-11-07T14:55:52","modified_gmt":"2025-11-07T13:55:52","slug":"nachgefragt-unfallflucht-auf-parkplatz-in-moischt","status":"publish","type":"post","link":"http:\/\/marburg.news\/?p=18987","title":{"rendered":"Nachgefragt: Unfallflucht auf Parkplatz in Moischt"},"content":{"rendered":"<p>Eine Unfallflucht auf dem Parkplatz der Mehrzweckhalle Moischt an der Eulenkopfstra\u00dfe hat die Polizei am Freitag (7. November) gemeldet. Zu dem Unfallf kam es am Dienstag (4. November) zwischen 17.15 und 19.20 Uhr. <!--more--><br \/>\nEin roter Kia Ceed stand auf dem Parkplatz. Ein bislang unbekannter Fahrer fuhr mit seinem Fahrzeug gegen das Heck des Kias. Anschlie\u00dfend fl\u00fcchtete er. Den Blechschaden sch\u00e4tzt die Polizei auf knapp 2.000 Euro. Zeugen, die den Unfall beobachtet haben und Hinweise auf den Unfallverursacher oder dessen Fahrzeug geben k\u00f6nnen, werden gebeten, die Polizei Marburg unter der Telefonnummer 06421\/406-0 zu kontaktieren.<\/p>\n<p>* pm: Polizei Marburg<\/p>\n","protected":false},"excerpt":{"rendered":"<p>Eine Unfallflucht auf dem Parkplatz der Mehrzweckhalle Moischt an der Eulenkopfstra\u00dfe hat die Polizei am Freitag (7. November) gemeldet. Zu dem Unfallf kam es am Dienstag (4. November) zwischen 17.15 und 19.20 Uhr.<\/p>\n","protected":false},"author":2,"featured_media":0,"comment_status":"closed","ping_status":"open","sticky":false,"template":"","format":"standard","meta":{"advanced_seo_description":"","spay_email":"","jetpack_publicize_message":"","jetpack_is_tweetstorm":false,"jetpack_publicize_feature_enabled":true},"categories":[6],"tags":[744,16,34],"jetpack_featured_media_url":"","jetpack_publicize_connections":[],"jetpack_sharing_enabled":true,"jetpack_shortlink":"https:\/\/wp.me\/p8mhvd-4Wf","jetpack-related-posts":[{"id":19604,"url":"http:\/\/marburg.news\/?p=19604","url_meta":{"origin":18987,"position":0},"title":"Ausgewichen: Unfallflucht zwischen Moischt und Cappel","date":"24. Februar 2026","format":false,"excerpt":"Auf der Landesstra\u00dfe L3125 ist ein Kleintransporter am Donnerstag (19. Februar) in den Gegenverkehr geraten. Ein BMW musste ihm ausweichen und stie\u00df in die Leitplanke. Nach dem Unfall auf der Landesstra\u00dfe 3125 zwischen Moischt und dem Friedhof Cappel suchen die Ermittler Zeugen. Ein 25-j\u00e4hriger Fahrer war mit seinem dunkelgrauen BMW\u2026","rel":"","context":"In &quot;Sonstiges&quot;","img":{"alt_text":"","src":"","width":0,"height":0},"classes":[]},{"id":19006,"url":"http:\/\/marburg.news\/?p=19006","url_meta":{"origin":18987,"position":1},"title":"Vor dem Ionentherapiezentrum: Unbekannter Verursacher beging Unfallflucht","date":"11. November 2025","format":false,"excerpt":"Zu einer Unfallflucht kam es am Donnerstag (6. November) gegen 14.30 Uhr auf dem Parkplatz des Ionentherapiezentrums an der Albrecht-Kossel-Stra\u00dfe . Ein grauer Mercedes stand auf dem Parkplatz. Ein bislang unbekanntes Fahrzeug fuhr mutma\u00dflich beim Ein- oder Ausparkten gegen die linke Fahrzeugfront des Mercedes. Den Blechschaden sch\u00e4tzt die Polizei auf\u2026","rel":"","context":"In &quot;Sonstiges&quot;","img":{"alt_text":"","src":"","width":0,"height":0},"classes":[]},{"id":18909,"url":"http:\/\/marburg.news\/?p=18909","url_meta":{"origin":18987,"position":2},"title":"Ins Heck: Unfallflucht nach Auffahrunfall auf Schulparkplatz","date":"28. Oktober 2025","format":false,"excerpt":"Zu einer Unfallflucht auf dem Parkplatz der \"Kaufm\u00e4nnischen Schulen\" an der Leopold-Lucas-Stra\u00dfe kam es am Donnerstag (23. Oktober) gegen 13.45 Uhr. In diesem Zusammenhang sucht die Polizei die Fahrerin eines schwarzen VW Tiguan. Zudem sucht sie Zeugen, die den Unfall beobachtet haben. Ein Ford und der VW Tiguan waren in\u2026","rel":"","context":"In &quot;Sonstiges&quot;","img":{"alt_text":"","src":"","width":0,"height":0},"classes":[]},{"id":1281,"url":"http:\/\/marburg.news\/?p=1281","url_meta":{"origin":18987,"position":3},"title":"Flucht wird verflucht: Unf\u00e4lle in Moischt und im S\u00fcdviertel","date":"3. November 2017","format":false,"excerpt":"Ein Verkehrsunfall ereignete sich in der Nacht zum Donnerstag (2. November) in der Hahnerheide. Die Unfallzeit liegt zwischen 2 und 3 Uhr. Vermutlich fuhr das verursachende Fahrzeug von der Landstra\u00dfe 3125 aus \u00fcber die Kreisstra\u00dfe 38 \"Hahnerheide\" zur Ortsmitte von Moischt. In einer Rechtskurve kam das Auto nach links von\u2026","rel":"","context":"In &quot;Sonstiges&quot;","img":{"alt_text":"","src":"","width":0,"height":0},"classes":[]},{"id":19771,"url":"http:\/\/marburg.news\/?p=19771","url_meta":{"origin":18987,"position":4},"title":"Verkehrsunfallflucht: Schaden auf Parkplatz hinter Woolworth","date":"25. M\u00e4rz 2026","format":false,"excerpt":"Eine Unfallflucht erfolgte am Freitag (20. M\u00e4rz) auf einem Parkplatz an der Rosenstra\u00dfe. Einen Unfallschaden von knapp 5.000 Euro verursachte ein bislang unbekannter Verkehrsteilnehmer dort zwischen 15.30 und 16.15 Uhr. Mit seinem Fahrzeug touchierte er auf dem Parkplatz hinter dem Woolworth-Markt an der Bahnhofstra\u00dfe vermutlich beim Rangieren einen grauen BMW\u2026","rel":"","context":"In &quot;Sonstiges&quot;","img":{"alt_text":"","src":"","width":0,"height":0},"classes":[]},{"id":19762,"url":"http:\/\/marburg.news\/?p=19762","url_meta":{"origin":18987,"position":5},"title":"Im Lichtenholz: Unfallflucht beim Kreishaus in Cappel","date":"23. M\u00e4rz 2026","format":false,"excerpt":"Nach einer Unfallflucht am Samstag (21. M\u00e4rz) auf der Beltersh\u00e4user Stra\u00dfe sucht die Polizei Zeugen. Ein silberner Kleinwagen war auf der Stra\u00dfe \"Im Lichtenholz\" unterwegs. Gegen 11.30 Uhr bog er nach links auf die Beltersh\u00e4user Stra\u00dfe ab. Den Angaben zufolge missachtete der unbekannte Autofahrer dabei die Vorfahrt eines 36-j\u00e4hrigen VW-Fahrers,\u2026","rel":"","context":"In &quot;Sonstiges&quot;","img":{"alt_text":"","src":"","width":0,"height":0},"classes":[]}],"_links":{"self":[{"href":"http:\/\/marburg.news\/index.php?rest_route=\/wp\/v2\/posts\/18987"}],"collection":[{"href":"http:\/\/marburg.news\/index.php?rest_route=\/wp\/v2\/posts"}],"about":[{"href":"http:\/\/marburg.news\/index.php?rest_route=\/wp\/v2\/types\/post"}],"author":[{"embeddable":true,"href":"http:\/\/marburg.news\/index.php?rest_route=\/wp\/v2\/users\/2"}],"replies":[{"embeddable":true,"href":"http:\/\/marburg.news\/index.php?rest_route=%2Fwp%2Fv2%2Fcomments&post=18987"}],"version-history":[{"count":0,"href":"http:\/\/marburg.news\/index.php?rest_route=\/wp\/v2\/posts\/18987\/revisions"}],"wp:attachment":[{"href":"http:\/\/marburg.news\/index.php?rest_route=%2Fwp%2Fv2%2Fmedia&parent=18987"}],"wp:term":[{"taxonomy":"category","embeddable":true,"href":"http:\/\/marburg.news\/index.php?rest_route=%2Fwp%2Fv2%2Fcategories&post=18987"},{"taxonomy":"post_tag","embeddable":true,"href":"http:\/\/marburg.news\/index.php?rest_route=%2Fwp%2Fv2%2Ftags&post=18987"}],"curies":[{"name":"wp","href":"https:\/\/api.w.org\/{rel}","templated":true}]}}