{"id":18971,"date":"2025-11-05T17:40:00","date_gmt":"2025-11-05T16:40:00","guid":{"rendered":"http:\/\/marburg.news\/?p=18971"},"modified":"2025-11-05T17:40:00","modified_gmt":"2025-11-05T16:40:00","slug":"ansporn-bundesverdienstkreuz-fuerangelika-sautter","status":"publish","type":"post","link":"http:\/\/marburg.news\/?p=18971","title":{"rendered":"Ansporn: Bundesverdienstkreuz f\u00fcrAngelika Sautter"},"content":{"rendered":"<p>Mit dem Bundesverdienstkreuz hat Staatssekret\u00e4rin Manuela Strube am Dienstag (4. November) Angelika Sautter aus C\u00f6lbe F\u00fcr ihr ehrenamtliches soziales Engagement gew\u00fcrdigt. Erfolgt sei es &#8222;mit gro\u00dfer Leidenschaft und immer im Sinne der Mitmenschlichkeit&#8220;. <!--more--><br \/>\nStaatssekret\u00e4rin Manuela Strube hat am Dienstag (4. November) in der Hessischen Staatskanzlei in Wiesbaden stellvertretend f\u00fcr Bundespr\u00e4sident Frank-Walter Steinmeiner den Verdienstorden am Bande an Angelika Sautter aus C\u00f6lbe im Landkreis Marburg-Biedenkopf ausgeh\u00e4ndigt und damit das au\u00dferordentliche soziale Engagement der 76-j\u00e4hrigen Lehrerin gew\u00fcrdigt: &#8222;Angelika Sautter leistet seit 2011 als langj\u00e4hriges Team-Mitglied der &#8222;Gr\u00fcnen Damen und Herren&#8220; w\u00f6chentlich mehrere Stunden Besuchsdienste im Diakonie-Krankenhaus Wehrda in Marburg, zudem ist sie seit vielen Jahren als ehrenamtliche Einsatzkraft beim Kriseninterventionsdienst (KID) des Landkreises Marburg-Biedenkopf aktiv.&#8220; Bis zu ihrem Eintritt in den Ruhestand 2011 arbeitete Sautter als Deutsch-<br \/>\nund Geschichtslehrerin. Danach informierte sich die Mutter zweier Kinder bei der Freiwilligenagentur Marburg-Biedenkopf \u00fcber M\u00f6glichkeiten ehrenamtlichen Engagements. So kam sie zu den &#8222;Gr\u00fcnen Damen und Herren&#8220;, die es sich zur Aufgabe gemacht haben, kranke, alte und einsame Menschen in Kliniken und Altenheimen zu besuchen und zu begleiten.<br \/>\nBeim Kriseninterventionsdienst des Landkreises unterst\u00fctzt sie nach intensiven Aus- und Fortbildungen die Arbeit der Notfallseelsorgerinnen und Notfallseelsorger, ist zus\u00e4tzlich aber auch eigenverantwortlich unterwegs, um etwa Gewaltopfern oder Hinterbliebenen und Angeh\u00f6rigen von Suizidopfern seelisch beizustehen. Auch in der schulischen Krisenintervention bringt Sautter sich ein.<br \/>\n&#8222;Bis heute leistet Frau Sautter regelm\u00e4\u00dfig 24-Stunden-Bereitschaftsdienste und richtet ihr Privatleben so aus, dass sie gegebenenfalls spontan Eins\u00e4tze \u00fcbernehmen kann&#8220;, berichtete Staatssekret\u00e4rin Strube. &#8222;Inzwischen leitet sie zudem neue Ehrenamtliche an, die sich in der Ausbildung zur Mitarbeit im Kriseninterventionsteam befinden und unterst\u00fctzt seit 2019 auch in der Ausbildung neuer Notfallseelsorgerinnen und Notfallseelsorger. All diese T\u00e4tigkeiten \u00fcbt sie mit gro\u00dfer Leidenschaft und immer im Sinne der Mitmenschlichkeit aus.&#8220; Ihre Rede schloss Strube mit den Worten: &#8222;Deshalb freue ich mich au\u00dferordentlich, sie f\u00fcr dieses unerm\u00fcdliche und beispielgebende Engagement im Namen des Bundespr\u00e4sidenten und unserer Hessischen Landesregierung zu w\u00fcrdigen und danke Angelika Sautter von ganzem Herzen.&#8220;<\/p>\n<p>* pm: Hessisches Ministerium f\u00fcr Arbeit, Integration, Jugend und Soziales, Wiesbaden<\/p>\n","protected":false},"excerpt":{"rendered":"<p>Mit dem Bundesverdienstkreuz hat Staatssekret\u00e4rin Manuela Strube am Dienstag (4. November) Angelika Sautter aus C\u00f6lbe F\u00fcr ihr ehrenamtliches soziales Engagement gew\u00fcrdigt. Erfolgt sei es &#8222;mit gro\u00dfer Leidenschaft und immer im Sinne der Mitmenschlichkeit&#8220;.<\/p>\n","protected":false},"author":2,"featured_media":0,"comment_status":"closed","ping_status":"open","sticky":false,"template":"","format":"standard","meta":{"advanced_seo_description":"","spay_email":"","jetpack_publicize_message":"","jetpack_is_tweetstorm":false,"jetpack_publicize_feature_enabled":true},"categories":[4],"tags":[7175,3581,7176],"jetpack_featured_media_url":"","jetpack_publicize_connections":[],"jetpack_sharing_enabled":true,"jetpack_shortlink":"https:\/\/wp.me\/p8mhvd-4VZ","jetpack-related-posts":[{"id":18421,"url":"http:\/\/marburg.news\/?p=18421","url_meta":{"origin":18971,"position":0},"title":"Teure Arbeit: Land unterst\u00fctzt Selbsthilfe mit 24.000 Euro","date":"24. Juli 2025","format":false,"excerpt":"Mit rund 24.000 Euro unterst\u00fctzt das Land Hessen die Landesarbeitsgemeinschaft Selbsthilfe Hessen (LAGH). Staatssekret\u00e4rin Manuela Strube hat ihr den F\u00f6rderbescheid in Marburg \u00fcberreicht. Sozialstaatssekret\u00e4rin Manuela Strube hat der Landesarbeitsgemeinschaft Selbsthilfe Hessen (LAGH) einen F\u00f6rderbescheid \u00fcber rund 24.000 Euro f\u00fcr die F\u00f6rderung der Gesch\u00e4fts- und Beratungsstelle \u00fcbergeben. Im Rahmen ihrer Sommertour\u2026","rel":"","context":"In &quot;Soziales&quot;","img":{"alt_text":"","src":"","width":0,"height":0},"classes":[]},{"id":17477,"url":"http:\/\/marburg.news\/?p=17477","url_meta":{"origin":18971,"position":1},"title":"Job, Job: Staatssekret\u00e4rin besuchte Projekte im Landkreis","date":"10. Februar 2025","format":false,"excerpt":"Die Sozial-Staatssekret\u00e4rin Manuela Strube aht integrative Arbeitsmarktprojekte in Marburg-Biedenkopf besucht. Dabei hat der Kreis mit erfolgreicher Arbeit \u00fcberzeugt. Gemeinsam mit Landrat Jens Womelsdorf und dem Ersten Kreisbeigeordneten Peter Neidel sowie Volker Breustedt von der Agentur f\u00fcr Arbeit hat Staatssekret\u00e4rin Manuela Strube vom Hessischen Sozialministerium verschiedene Einrichtungen besucht, die sich mit\u2026","rel":"","context":"In &quot;Soziales&quot;","img":{"alt_text":"","src":"","width":0,"height":0},"classes":[]},{"id":17840,"url":"http:\/\/marburg.news\/?p=17840","url_meta":{"origin":18971,"position":2},"title":"In Stadteilen: Land f\u00f6rdert Gemeinwesenarbeit","date":"15. April 2025","format":false,"excerpt":"Einen F\u00f6rderbescheid \u00fcber 235.400 Euro hat die hessische Staatssekret\u00e4rin Manuela Strube der Stadt Marburg \u00fcberbracht. Vorgesehen ist das Geld f\u00fcr Gemeinwesenarbeit. 235.400 Euro f\u00fcr die Gemeinwesenarbeit in Marburgs Stadtteilen Richtsberg, Ockershausen-Stadtwald und Waldtal stellt das Land Hessen der Universit\u00e4tsstadt zur Verf\u00fcgung. Staatssekret\u00e4rin Manuela Strube hat den F\u00f6rderbescheid \u00fcbergeben. \"Wir sind\u2026","rel":"","context":"In &quot;Soziales&quot;","img":{"alt_text":"","src":"","width":0,"height":0},"classes":[]},{"id":10725,"url":"http:\/\/marburg.news\/?p=10725","url_meta":{"origin":18971,"position":3},"title":"Musical in Marburg: Das Phantom der Oper im EPH","date":"26. September 2022","format":false,"excerpt":"Ein echtes Musical-Highlight kommt am Dienstag (27. Dezember) ins Erwin-Piscator-Haus (EPH). \"Das Phantom der Oper\" von Deborah Sasson & Jochen Sautter macht in Marburg Station. \"Das Phantom der Oper\" von Sasson und Sautter nach einer Romanvorlage von Gaston Leroux ist eins der erfolgreichsten Tournee Musicals in Europa. Nach vielen Jahren\u2026","rel":"","context":"In &quot;Kultur&quot;","img":{"alt_text":"","src":"","width":0,"height":0},"classes":[]},{"id":18470,"url":"http:\/\/marburg.news\/?p=18470","url_meta":{"origin":18971,"position":4},"title":"Mit viel Engagement: Verdienstorden f\u00fcr Dieter Weyel\u00a0","date":"31. Juli 2025","format":false,"excerpt":"Dieter Weyel aus Biedenkopf erh\u00e4lt den Verdienstorden der Bundesrepublik Deutschland. Ausgezeichnet wird er f\u00fcr seinen langj\u00e4hrigen und au\u00dfergew\u00f6hnlichen ehrenamtlichen Einsatz. Besonders gew\u00fcrdigt wird sein Engagement beim Deutschen Roten Kreuz und im Katastrophenschutz. Landrat Jens Womelsdorf \u00fcberreicht ihm die Auszeichnung am Mittwoch (6. August). Die Ehrung findet im Marburger Landratsamt statt.\u2026","rel":"","context":"In &quot;Soziales&quot;","img":{"alt_text":"","src":"","width":0,"height":0},"classes":[]},{"id":17581,"url":"http:\/\/marburg.news\/?p=17581","url_meta":{"origin":18971,"position":5},"title":"Engagement ausgezeichnet: Bundesverdienstkreuz f\u00fcr Renate Oberlik","date":"26. Februar 2025","format":false,"excerpt":"Renate Oberlik engagiert sich f\u00fcr benachteiligte Familien. Daf\u00fcr wurde ihr am Dienstag (25. Februar) das Bundesverdienstkreuz \u00fcberreicht. Renate Oberlik engagiert sich mit besonderer Tatkraft im sozialen Bereich. Wichtig sind ihr dabei Chancengleichheit in der Bildung und die Rechte von Kindern. F\u00fcr ihren Einsatz im Deutschen Kinderschutzbund (DKSB) und vielen anderen\u2026","rel":"","context":"In &quot;Bildung&quot;","img":{"alt_text":"","src":"","width":0,"height":0},"classes":[]}],"_links":{"self":[{"href":"http:\/\/marburg.news\/index.php?rest_route=\/wp\/v2\/posts\/18971"}],"collection":[{"href":"http:\/\/marburg.news\/index.php?rest_route=\/wp\/v2\/posts"}],"about":[{"href":"http:\/\/marburg.news\/index.php?rest_route=\/wp\/v2\/types\/post"}],"author":[{"embeddable":true,"href":"http:\/\/marburg.news\/index.php?rest_route=\/wp\/v2\/users\/2"}],"replies":[{"embeddable":true,"href":"http:\/\/marburg.news\/index.php?rest_route=%2Fwp%2Fv2%2Fcomments&post=18971"}],"version-history":[{"count":0,"href":"http:\/\/marburg.news\/index.php?rest_route=\/wp\/v2\/posts\/18971\/revisions"}],"wp:attachment":[{"href":"http:\/\/marburg.news\/index.php?rest_route=%2Fwp%2Fv2%2Fmedia&parent=18971"}],"wp:term":[{"taxonomy":"category","embeddable":true,"href":"http:\/\/marburg.news\/index.php?rest_route=%2Fwp%2Fv2%2Fcategories&post=18971"},{"taxonomy":"post_tag","embeddable":true,"href":"http:\/\/marburg.news\/index.php?rest_route=%2Fwp%2Fv2%2Ftags&post=18971"}],"curies":[{"name":"wp","href":"https:\/\/api.w.org\/{rel}","templated":true}]}}