{"id":18969,"date":"2025-11-05T17:15:00","date_gmt":"2025-11-05T16:15:00","guid":{"rendered":"http:\/\/marburg.news\/?p=18969"},"modified":"2025-11-05T17:15:00","modified_gmt":"2025-11-05T16:15:00","slug":"absenkung-linke-begruesst-tempo-30-in-der-innenstadt","status":"publish","type":"post","link":"http:\/\/marburg.news\/?p=18969","title":{"rendered":"Absenkung: Linke begr\u00fc\u00dft Tempo 30 in der Innenstadt"},"content":{"rendered":"<p>Ausdr\u00fccklich begr\u00fc\u00dft Die Linke die Ank\u00fcndigung Tempo 30 auf der Marburger Hauptverkehrsachse einzuf\u00fchren. Das hat deren Kreisvorsitzende Miriam Stoll am Mittwoch (5. November) erkl\u00e4rt. <!--more--><br \/>\n&#8222;<a href=\"http:\/\/marburg.news\/?p=18956\">Tempo 30 in der Innenstadt<\/a> wird nicht nur von uns, sondern auch von allen Verkehrswender*innen vor Ort seit langem gefordert&#8220;, betonte Miriam Stoll. Es ist wissenschaftlich vielfach belegt, dass Unf\u00e4lle deutlich geringere Folgen haben als bei Tempo 50 oder gar mehr. Hinzu kommt die deutliche L\u00e4rmminderung.<br \/>\nDamit diese Ma\u00dfnahme aber auch tats\u00e4chlich wirksam menschengef\u00e4hrdende Raserei in der Innenstadt ausbremst und sich nicht nur als Vorwahlcoup zur Ablenkung von den &#8211; Schritt f\u00fcr Schritt bekannt werdenden &#8211; unsozialen Sparma\u00dfnahmen entpuppt, sind ihrer Ansicht nach dringend begleitenden Ma\u00dfnahmen erforderlich : Stoll forderte wirksame geschwindigkeitsmindernde Umbauten im Stra\u00dfenraum,die wie im Bereich des Erwin-Piscator-Hauses (EPH) und des H\u00f6rsaalgeb\u00e4udes und auch der viel frequentierten &#8211; bisher nicht gesicherten &#8211; Querung Firmaneiplatz zur UB l\u00e4ngst nicht nur angedacht, sondern schon in der Schublade liegen und bisher vergeblich auf ihre Realisierung warten. Notwendig seien zudem wirksame regelm\u00e4\u00dfige Kontrollen und Sanktionierungen insbesondere in den Bereichen , in denen mit Vorliebe gerast wird wie rund um die Universit\u00e4tsstra\u00dfe sowie die Biegen- und Deutschhausstra\u00dfe.<\/p>\n<p>* pm: Die Linke Marburg<\/p>\n","protected":false},"excerpt":{"rendered":"<p>Ausdr\u00fccklich begr\u00fc\u00dft Die Linke die Ank\u00fcndigung Tempo 30 auf der Marburger Hauptverkehrsachse einzuf\u00fchren. Das hat deren Kreisvorsitzende Miriam Stoll am Mittwoch (5. November) erkl\u00e4rt.<\/p>\n","protected":false},"author":2,"featured_media":0,"comment_status":"closed","ping_status":"open","sticky":false,"template":"","format":"standard","meta":{"advanced_seo_description":"","spay_email":"","jetpack_publicize_message":"","jetpack_is_tweetstorm":false,"jetpack_publicize_feature_enabled":true},"categories":[2],"tags":[280,7174,650],"jetpack_featured_media_url":"","jetpack_publicize_connections":[],"jetpack_sharing_enabled":true,"jetpack_shortlink":"https:\/\/wp.me\/p8mhvd-4VX","jetpack-related-posts":[{"id":19481,"url":"http:\/\/marburg.news\/?p=19481","url_meta":{"origin":18969,"position":0},"title":"Miriam Stoll: Junge StVV-Kandidatin f\u00fcr Die Linke","date":"7. Februar 2026","format":false,"excerpt":"Miriam Stoll Seit zw\u00f6lf Jahren lebt Miriam Stoll in Marburg. Bei der Kommunalwahl am 15. M\u00e4rz 2026 kandidiert sie f\u00fcr Die Linke zum Stadtparlament. Nach Marburg gekommen ist sie zum Studieren. Nach einem Bachelorabschluss in \"Politikwissenschaft\" an der Philipps-Universit\u00e4t hat sie an der Justus-Liebig-Universit\u00e4t Gie\u00dfen einen Master in \"Demokratie und\u2026","rel":"","context":"In &quot;Politik&quot;","img":{"alt_text":"","src":"https:\/\/i0.wp.com\/marburg.news\/wp-content\/uploads\/2026\/02\/Miriam_Oberkoerper-digital-scaled.jpg?resize=350%2C200","width":350,"height":200},"classes":[]},{"id":18785,"url":"http:\/\/marburg.news\/?p=18785","url_meta":{"origin":18969,"position":1},"title":"Klare Kante: Partei tritt zur Kommunalwahl als &#8222;Die Linke&#8220; an","date":"3. Oktober 2025","format":false,"excerpt":"Bei den Kommunalwahlen am 15. M\u00e4rz 2026 tritt Die Linke in Marburg - anders als die letzten Jahrzehnte - nicht mehr als \"Marburger Linke\" an sondern als Die Linke. Dieses \"kurzzeitige Durcheinander\" hat die Linken Kreisvorsitzende Miriam Stoll am Freitag (3. Oktober) begr\u00fcndet. 1997 hatte die Linken-Vorl\u00e4ufer- partei PDS die\u2026","rel":"","context":"In &quot;Politik&quot;","img":{"alt_text":"","src":"","width":0,"height":0},"classes":[]},{"id":18875,"url":"http:\/\/marburg.news\/?p=18875","url_meta":{"origin":18969,"position":2},"title":"Neulinge bis Erfahrene: Linke hat ihre Liste zur Kommunalwahl gek\u00fcrt","date":"22. Oktober 2025","format":false,"excerpt":"Miriam Stoll und Jan Schalauske sind die Spitzenkandidaten der Linken f\u00fcr die Kommunalwahl in Marburg. Das hat die Partei am Dienstag (21. Oktober) bekanntgegeben. Am Samstag (18. Oktober) hatte Die Linke ihre Liste f\u00fcr die Kommunalwahl am 15. M\u00e4rz 2026 aufgestellt. Bereits einen Monat vorher hatte sie einstimmig ihr Programm\u2026","rel":"","context":"In &quot;Politik&quot;","img":{"alt_text":"","src":"","width":0,"height":0},"classes":[]},{"id":17906,"url":"http:\/\/marburg.news\/?p=17906","url_meta":{"origin":18969,"position":3},"title":"Applaudiert und ausgeschieden: Linke w\u00e4hlte neuen Kreisvorstand","date":"29. April 2025","format":false,"excerpt":"Ihren Kreisparteitag hat Die Linke am Samstag (26. April) in Marbach abgehalten. Dabei wurde ein neuer Vorstand gew\u00e4hlt. Mit \u00fcber 50 Genossinnen und Genossen fand am Samstag (26. April) in B\u00fcrgerhaus Marbach der Kreisparteitag der Linken Marburg-Biedenkopf statt. Eingel\u00e4utet wurde die Veranstaltung mit einer Begr\u00fc\u00dfung des scheidenden Kreisvorsitzenden Dennis Stoll.\u2026","rel":"","context":"In &quot;Politik&quot;","img":{"alt_text":"","src":"","width":0,"height":0},"classes":[]},{"id":18297,"url":"http:\/\/marburg.news\/?p=18297","url_meta":{"origin":18969,"position":4},"title":"Solidarit\u00e4t mit Sidat: Linke ruft zu Demo gegen Abschiebung auf","date":"2. Juli 2025","format":false,"excerpt":"\"Sidat soll bleiben!\" Das fordert Die Linke zur drohenden Abschiebung von Sidat. Sidat ist Sch\u00fcler der K\u00e4the-Kollwitz-Schule in Marburg. \"Sidat geh\u00f6rt zu Marburg\", erkl\u00e4rte die Linken-Kreisvorsitzende Miriam Stoll am Mittwoch (2. Juli). Die Linke ruft zu einer Demonstration gegen die drohende Abschiebung auf. Die Linke Marburg-Biedenkopf protestiert gegen die drohende\u2026","rel":"","context":"In &quot;Politik&quot;","img":{"alt_text":"","src":"","width":0,"height":0},"classes":[]},{"id":19450,"url":"http:\/\/marburg.news\/?p=19450","url_meta":{"origin":18969,"position":5},"title":"Profitgier gegen Personal: Linke kritisiert Entlassungen bei CSL","date":"4. Februar 2026","format":false,"excerpt":"\"CSL-Entlassungen sollen Superprofite vergr\u00f6\u00dfern.\" das hat Die Linke am Dienstag (3. Februar) kritisiert. Die Pl\u00e4ne von CSL Behring weitere 500 Besch\u00e4ftigte in Marburg zu entlassen sto\u00dfen auf den entschiedenen Widerstand des Kreisverbands der Linken, der sich mit den Betroffenen solidarisch erkl\u00e4rt hat. \"Es gibt keinen vern\u00fcnftigen Grund, warum bei einem\u2026","rel":"","context":"In &quot;Politik&quot;","img":{"alt_text":"","src":"","width":0,"height":0},"classes":[]}],"_links":{"self":[{"href":"http:\/\/marburg.news\/index.php?rest_route=\/wp\/v2\/posts\/18969"}],"collection":[{"href":"http:\/\/marburg.news\/index.php?rest_route=\/wp\/v2\/posts"}],"about":[{"href":"http:\/\/marburg.news\/index.php?rest_route=\/wp\/v2\/types\/post"}],"author":[{"embeddable":true,"href":"http:\/\/marburg.news\/index.php?rest_route=\/wp\/v2\/users\/2"}],"replies":[{"embeddable":true,"href":"http:\/\/marburg.news\/index.php?rest_route=%2Fwp%2Fv2%2Fcomments&post=18969"}],"version-history":[{"count":0,"href":"http:\/\/marburg.news\/index.php?rest_route=\/wp\/v2\/posts\/18969\/revisions"}],"wp:attachment":[{"href":"http:\/\/marburg.news\/index.php?rest_route=%2Fwp%2Fv2%2Fmedia&parent=18969"}],"wp:term":[{"taxonomy":"category","embeddable":true,"href":"http:\/\/marburg.news\/index.php?rest_route=%2Fwp%2Fv2%2Fcategories&post=18969"},{"taxonomy":"post_tag","embeddable":true,"href":"http:\/\/marburg.news\/index.php?rest_route=%2Fwp%2Fv2%2Ftags&post=18969"}],"curies":[{"name":"wp","href":"https:\/\/api.w.org\/{rel}","templated":true}]}}