{"id":18959,"date":"2025-11-04T17:52:38","date_gmt":"2025-11-04T16:52:38","guid":{"rendered":"http:\/\/marburg.news\/?p=18959"},"modified":"2025-11-04T17:52:38","modified_gmt":"2025-11-04T16:52:38","slug":"freitag-und-abend-taeter-nach-handtaschenraub-gestellt","status":"publish","type":"post","link":"http:\/\/marburg.news\/?p=18959","title":{"rendered":"Freitag und Abend: T\u00e4ter nach Handtaschenraub gestellt"},"content":{"rendered":"<p>Einen 28-j\u00e4hrigen Handtaschenr\u00e4uber hat die Polizei am Freitag (31. Oktober) festgenommen. Gegen 19.50 Uhr war ein Paar zu Fu\u00df in der Bahnhofstra\u00dfe unterwegs. <!--more--><br \/>\nIn H\u00f6he der Volksbank lief der 28-j\u00e4hrige Mann an der 56-j\u00e4hrigen Frau vorbei und entriss ihr die Handtasche. Anschlie\u00dfend fl\u00fcchtete er in Richtung Hauptbahnhof. Der 54-j\u00e4hrige Begleiter der Frau nahm die Verfolgung auf und stellte dem R\u00e4uber ein Bein, woraufhin der T\u00e4ter zu Boden st\u00fcrzte.<br \/>\nBei dem Versuch, dem R\u00e4uber die Tasche abzunehmen, schlug der T\u00e4ter dem 54-j\u00e4hrigen Verfolger mit der Faust ins Gesicht. Dann lie\u00df der R\u00e4uber die Handtasche los und fl\u00fcchtete. Eine Polizeistreife nahm ihn unmittelbar nach der Tat fest. Die Beamten nahmen ihn mit auf die Wache. Aufgrund fehlender Haftgr\u00fcnde wurde der 28-j\u00e4hrige Mann auf Entscheidung der Staatsanwaltschaft Marburg nach Beendigung der Identit\u00e4tsfeststellung und der erkennungsdienstlichen Behandlung wieder aus dem Polizeigewahrsam entlassen.<\/p>\n<p>* pm: Polizei Marburg<\/p>\n","protected":false},"excerpt":{"rendered":"<p>Einen 28-j\u00e4hrigen Handtaschenr\u00e4uber hat die Polizei am Freitag (31. Oktober) festgenommen. Gegen 19.50 Uhr war ein Paar zu Fu\u00df in der Bahnhofstra\u00dfe unterwegs.<\/p>\n","protected":false},"author":2,"featured_media":0,"comment_status":"closed","ping_status":"open","sticky":false,"template":"","format":"standard","meta":{"advanced_seo_description":"","spay_email":"","jetpack_publicize_message":"","jetpack_is_tweetstorm":false,"jetpack_publicize_feature_enabled":true},"categories":[6],"tags":[6001,16,75],"jetpack_featured_media_url":"","jetpack_publicize_connections":[],"jetpack_sharing_enabled":true,"jetpack_shortlink":"https:\/\/wp.me\/p8mhvd-4VN","jetpack-related-posts":[{"id":19447,"url":"http:\/\/marburg.news\/?p=19447","url_meta":{"origin":18959,"position":0},"title":"Auf Auto schlagend: Polizei nahm 28-j\u00e4hrigen Mann fest","date":"3. Februar 2026","format":false,"excerpt":"Eine Streife der Marburger Polizei nahm am Sonntag (1. Februar) einen 28-j\u00e4hrigen Mann fest. Der Verd\u00e4chtige befindet sich nun in Untersuchungshaft. Gegen 13 Uhr kam es auf einem Parkplatz am Busring in Gisselberg zu einem Autoaufbruch. Eine m\u00e4nnliche Person schlug die Scheibe der Beifahrert\u00fcr eines grauen Ford Galaxy ein und\u2026","rel":"","context":"In &quot;Sonstiges&quot;","img":{"alt_text":"","src":"","width":0,"height":0},"classes":[]},{"id":7615,"url":"http:\/\/marburg.news\/?p=7615","url_meta":{"origin":18959,"position":1},"title":"Rabiate R\u00e4uber: Mehrere T\u00e4ter und mehrere Diebst\u00e4hle","date":"19. August 2021","format":false,"excerpt":"Nach einem Raub und einer K\u00f6rperverletzung in der Nacht zum Donnerstag (19. August) nahm die Polizei zwei von drei mutma\u00dflichen T\u00e4tern vor\u00fcbergehend fest. Dabei handelt es sich um einen 28 Jahre alten Mann und einen 16-j\u00e4hrigen Jugendlichen. Nach bisherigem Wissen der Polizei kam es zwischen diesen dreien und einem 22\u2026","rel":"","context":"In &quot;Sonstiges&quot;","img":{"alt_text":"","src":"","width":0,"height":0},"classes":[]},{"id":538,"url":"http:\/\/marburg.news\/?p=538","url_meta":{"origin":18959,"position":2},"title":"Diebst\u00e4hle in Marburg: Handtaschen weg und Einbrecher im Haus","date":"22. Mai 2017","format":false,"excerpt":"Trotz Gegenwehr kam ein 29-j\u00e4hriger Mann am Samstag, 20. Mai) in der Furthstra\u00dfe ohne sichtbare Blessuren davon. Der Marburger wurde nach eigenen Angaben gegen 4.50 Uhr von einem jungen Mann von hinten attackiert und zu Boden gedr\u00fcckt. Nach einer entsprechenden Aufforderung des T\u00e4ters h\u00e4ndigte das Opfer eine geringe Menge M\u00fcnzgeld\u2026","rel":"","context":"In &quot;Sonstiges&quot;","img":{"alt_text":"","src":"","width":0,"height":0},"classes":[]},{"id":2411,"url":"http:\/\/marburg.news\/?p=2411","url_meta":{"origin":18959,"position":3},"title":"Hinterherrennen f\u00fcr Raub: Junge Frau im Pilgrimstein \u00fcberfallen","date":"11. Juli 2018","format":false,"excerpt":"Ein Unbekannter attackierte in der Nacht auf Montag (9. Juli) am Pilgrimstein eine junge Frau. Er entriss ihr eine schwarze Tasche samt Inhalt. Die 24-j\u00e4hrige Frau war gegen 1.10 Uhr vom Lahntor aus unterwegs in Richtung Elisabethkirche. Wie aus dem Nichts tauchte in H\u00f6he des Parkhausaufzugs der sp\u00e4tere T\u00e4ter auf.\u2026","rel":"","context":"In &quot;Sonstiges&quot;","img":{"alt_text":"","src":"","width":0,"height":0},"classes":[]},{"id":11776,"url":"http:\/\/marburg.news\/?p=11776","url_meta":{"origin":18959,"position":4},"title":"Gemeinsam abh\u00e4ngen: War ein Beraubter selber ein R\u00e4uber","date":"27. Januar 2023","format":false,"excerpt":"Gleich zweimal hatte es die Polizei in der Nacht zum Freitag (27. Januar) mit einem 19 Jahre alten Mann zu tun. Zun\u00e4chst erstattet er eine Anzeige wegen Raubs. Dabei beklagte er den Verlust seines Bargelds. Sp\u00e4ter nahm ihn die Polizei w\u00e4hrend der Fahndung nach einem Einbruch und einem Raub in\u2026","rel":"","context":"In &quot;Sonstiges&quot;","img":{"alt_text":"","src":"","width":0,"height":0},"classes":[]},{"id":1370,"url":"http:\/\/marburg.news\/?p=1370","url_meta":{"origin":18959,"position":5},"title":"Flucht nach \u00dcberfall: Schl\u00e4gereien, Raub und Diebst\u00e4hle","date":"27. November 2017","format":false,"excerpt":"Nach der Meldung einer Schl\u00e4gerei mit 20 bis 30 Beteiligten fuhren am Freitag (24. November) reihenweise Streifenwagen zum Edeka-Parkplatz in die Rosenstra\u00dfe. Eine Massenschl\u00e4gerei warjedoch nicht zu sehen. Allerdings rannten Personen davon. Au\u00dferdem fand die Polizei einen 16 Jahre alten Jugendlichen mit einer offensichtlichen Stichverletzung im Bein. Die Polizeibeamten stellten\u2026","rel":"","context":"In &quot;Sonstiges&quot;","img":{"alt_text":"","src":"","width":0,"height":0},"classes":[]}],"_links":{"self":[{"href":"http:\/\/marburg.news\/index.php?rest_route=\/wp\/v2\/posts\/18959"}],"collection":[{"href":"http:\/\/marburg.news\/index.php?rest_route=\/wp\/v2\/posts"}],"about":[{"href":"http:\/\/marburg.news\/index.php?rest_route=\/wp\/v2\/types\/post"}],"author":[{"embeddable":true,"href":"http:\/\/marburg.news\/index.php?rest_route=\/wp\/v2\/users\/2"}],"replies":[{"embeddable":true,"href":"http:\/\/marburg.news\/index.php?rest_route=%2Fwp%2Fv2%2Fcomments&post=18959"}],"version-history":[{"count":0,"href":"http:\/\/marburg.news\/index.php?rest_route=\/wp\/v2\/posts\/18959\/revisions"}],"wp:attachment":[{"href":"http:\/\/marburg.news\/index.php?rest_route=%2Fwp%2Fv2%2Fmedia&parent=18959"}],"wp:term":[{"taxonomy":"category","embeddable":true,"href":"http:\/\/marburg.news\/index.php?rest_route=%2Fwp%2Fv2%2Fcategories&post=18959"},{"taxonomy":"post_tag","embeddable":true,"href":"http:\/\/marburg.news\/index.php?rest_route=%2Fwp%2Fv2%2Ftags&post=18959"}],"curies":[{"name":"wp","href":"https:\/\/api.w.org\/{rel}","templated":true}]}}