{"id":18957,"date":"2025-11-04T17:39:57","date_gmt":"2025-11-04T16:39:57","guid":{"rendered":"http:\/\/marburg.news\/?p=18957"},"modified":"2025-11-04T17:39:57","modified_gmt":"2025-11-04T16:39:57","slug":"montag-und-mittag-polizeikontrolle-foerderte-mehrere-delikte-zutage","status":"publish","type":"post","link":"http:\/\/marburg.news\/?p=18957","title":{"rendered":"Montag und Mittag: Polizeikontrolle f\u00f6rderte mehrere Delikte zutage"},"content":{"rendered":"<p>Ein blauer Passat geriet am Montag (3. November) in den Fokus einer Marburger Polizeistreife. Gegen 12.50 Uhr kontrollierten die Beamten ihn in der Neuen Kasseler Stra\u00dfe. <!--more--><br \/>\nBei der \u00dcberpr\u00fcfung stellten sie fest, dass an dem Auto geklaute Kennzeichen befestigt waren. Zus\u00e4tzlich bestand f\u00fcr den Passat kein g\u00fcltiger Versicherungsschutz. Der 27-j\u00e4hrige Fahrer ist nicht im Besitz einer g\u00fcltigen Fahrerlaubnis.<br \/>\nZudem hatte er sich berauscht hinter das Steuer seines Autos gesetzt. Ein Drogenschnelltest zeigte n\u00e4mlich ein positives Ergebnis auf THC an. Im Fahrzeug fanden die Polizisten hinter dem Fahrersitz ein verbotenes Messer, das sie anschlie\u00dfend sicherstellten. Auf den 27-j\u00e4hrigen Mann kommen unter anderem Strafverfahren wegen seiner Drogenfahrt, wegen Verdachts einer Urkundenf\u00e4lschung, Fahrens ohne Fahrerlaubnis, Versto\u00dfes gegen das Pflichtversicherungsgesetz sowie gegen das Waffengesetz zu.<\/p>\n<p>* pm: Polizei Marburg<\/p>\n","protected":false},"excerpt":{"rendered":"<p>Ein blauer Passat geriet am Montag (3. November) in den Fokus einer Marburger Polizeistreife. Gegen 12.50 Uhr kontrollierten die Beamten ihn in der Neuen Kasseler Stra\u00dfe.<\/p>\n","protected":false},"author":2,"featured_media":0,"comment_status":"closed","ping_status":"open","sticky":false,"template":"","format":"standard","meta":{"advanced_seo_description":"","spay_email":"","jetpack_publicize_message":"","jetpack_is_tweetstorm":false,"jetpack_publicize_feature_enabled":true},"categories":[6],"tags":[107,601,16],"jetpack_featured_media_url":"","jetpack_publicize_connections":[],"jetpack_sharing_enabled":true,"jetpack_shortlink":"https:\/\/wp.me\/p8mhvd-4VL","jetpack-related-posts":[{"id":17641,"url":"http:\/\/marburg.news\/?p=17641","url_meta":{"origin":18957,"position":0},"title":"Im Aff\u00f6ller: Falsche Zivilstreife verlangte Bargeld","date":"10. M\u00e4rz 2025","format":false,"excerpt":"Eine falsche \"Zivilstreife\" hielt am Samstag (8. M\u00e4rz)ein Fahrzeug an. Die Kriminalpolizei ermittelt wegen Betrug und Amtsanma\u00dfung gegen zwei unbekannte M\u00e4nner. Sie hielten auf der Stadtautobahn \"B3\" ein anderes Fahrzeug an, indem sie den Anschein einer polizeilichen Zivilstreife erweckten. Gegen 21.20 Uhr befand sich ein 20-j\u00e4hriger Mann aus Wetter mit\u2026","rel":"","context":"In &quot;Sonstiges&quot;","img":{"alt_text":"","src":"","width":0,"height":0},"classes":[]},{"id":19340,"url":"http:\/\/marburg.news\/?p=19340","url_meta":{"origin":18957,"position":1},"title":"Tempomacher: Jugendlicher fl\u00fcchtete mit Auto vor Polizei","date":"14. Januar 2026","format":false,"excerpt":"Ein 17-j\u00e4hriger Autofahrer ist in der Nacht zum Mittwoch (14. Januar) vor einer Marburger Polizeistreife gefl\u00fcchtet. Die Beamten wollten den VW Passat gegen 1.30 Uhr einer Kontrolle unterziehen. Der Kombi geriet im Bereich der Schwanallee in das Visier der Funkstreife. Als sie ihn zur Kontrolle aufforderte, missachtete der Jugendliche die\u2026","rel":"","context":"In &quot;Sonstiges&quot;","img":{"alt_text":"","src":"","width":0,"height":0},"classes":[]},{"id":18953,"url":"http:\/\/marburg.news\/?p=18953","url_meta":{"origin":18957,"position":2},"title":"Mercedes fahren: Verfolgungsfahrt wegen 21-j\u00e4hriger Frau","date":"3. November 2025","format":false,"excerpt":"Nach einer Verfolgungsfahrt hat die Polizei am Samstag (1. November) eine 21-j\u00e4hrige Autofahrerin festgenommen. Von einer Zeugin erhielt die Polizei gegen 18.40 Uhr die Mitteilung, dass sich in Lohra eine Frauberauscht hinter das Steuer ihres grauen Mercedes gesetzte habe und in Richtung Kirchhain gefahren sei. Vor der Autofahrt soll sie\u2026","rel":"","context":"In &quot;Sonstiges&quot;","img":{"alt_text":"","src":"","width":0,"height":0},"classes":[]},{"id":19158,"url":"http:\/\/marburg.news\/?p=19158","url_meta":{"origin":18957,"position":3},"title":"Ausgebremst: Ohne F\u00fchrerschein mit Drogen am Steuer","date":"5. Dezember 2025","format":false,"excerpt":"Ein 53-j\u00e4hriger Seat-Fahrer war am Freitag (5. Dezember) berauscht unterwegs. Sein Seat Ibiza geriet am fr\u00fchen Morgen in das Visier einer Marburger Polizeistreife. Gegen 3.30 Uhr kontrollierten die Beamten das Fahrzeug auf der Landesstra\u00dfe 3125 im Abfahrtsbereich der B3-Ausfahrt \"Marburg-S\u00fcd\" bei der S\u00fcdspange Am Krekel. Bei der \u00dcberpr\u00fcfung stellten sie\u2026","rel":"","context":"In &quot;Sonstiges&quot;","img":{"alt_text":"","src":"","width":0,"height":0},"classes":[]},{"id":2210,"url":"http:\/\/marburg.news\/?p=2210","url_meta":{"origin":18957,"position":4},"title":"Alle abgehauen: Erneut sieben F\u00e4lle von Unfallflucht","date":"8. Mai 2018","format":false,"excerpt":"Genau rechtzeitig kehrte der Fahrer am Montag (7. Mai) zu seinem schwarzen VW Passat zur\u00fcck. Er bemerkte einen frischen Unfallschaden hinten rechts. Neben seinem Auto stand ein schwarzer Golf mit korrespondierenden Sch\u00e4den vorne links. Der Fahrer des Golfs hatte den Passat Kombi beim Einparken auf dem Parkplatz zwischen Alkoni und\u2026","rel":"","context":"In &quot;Sonstiges&quot;","img":{"alt_text":"","src":"","width":0,"height":0},"classes":[]},{"id":2427,"url":"http:\/\/marburg.news\/?p=2427","url_meta":{"origin":18957,"position":5},"title":"Gegen unmoralische Wohnungspolitik: Polizeieinsatz in der Bahnhofstra\u00dfe wegen vermuteter Hausbesetzung","date":"17. Juli 2018","format":false,"excerpt":"In ein leerstehendes Geb\u00e4ude an der Bahnhofstra\u00dfe drangen mehrere Personen am Montag (16. Juli) ein. Dort h\u00e4ngten sie Plakate auf, die sich mit Wohnungsnot befassten. In dem Haus an der Bahnhofstra\u00dfe hinter dem Teka-Kaufhaus waren zwei T\u00fcren aufgebrochen. Allerdings traf die Polizei dort niemanden mehr an. In unmittelbarer N\u00e4he stie\u00df\u2026","rel":"","context":"In &quot;Politik&quot;","img":{"alt_text":"","src":"","width":0,"height":0},"classes":[]}],"_links":{"self":[{"href":"http:\/\/marburg.news\/index.php?rest_route=\/wp\/v2\/posts\/18957"}],"collection":[{"href":"http:\/\/marburg.news\/index.php?rest_route=\/wp\/v2\/posts"}],"about":[{"href":"http:\/\/marburg.news\/index.php?rest_route=\/wp\/v2\/types\/post"}],"author":[{"embeddable":true,"href":"http:\/\/marburg.news\/index.php?rest_route=\/wp\/v2\/users\/2"}],"replies":[{"embeddable":true,"href":"http:\/\/marburg.news\/index.php?rest_route=%2Fwp%2Fv2%2Fcomments&post=18957"}],"version-history":[{"count":0,"href":"http:\/\/marburg.news\/index.php?rest_route=\/wp\/v2\/posts\/18957\/revisions"}],"wp:attachment":[{"href":"http:\/\/marburg.news\/index.php?rest_route=%2Fwp%2Fv2%2Fmedia&parent=18957"}],"wp:term":[{"taxonomy":"category","embeddable":true,"href":"http:\/\/marburg.news\/index.php?rest_route=%2Fwp%2Fv2%2Fcategories&post=18957"},{"taxonomy":"post_tag","embeddable":true,"href":"http:\/\/marburg.news\/index.php?rest_route=%2Fwp%2Fv2%2Ftags&post=18957"}],"curies":[{"name":"wp","href":"https:\/\/api.w.org\/{rel}","templated":true}]}}