{"id":18938,"date":"2025-10-31T15:47:42","date_gmt":"2025-10-31T14:47:42","guid":{"rendered":"http:\/\/marburg.news\/?p=18938"},"modified":"2025-10-31T15:47:42","modified_gmt":"2025-10-31T14:47:42","slug":"gewissen-evangelische-kirche-waehlte-kirchenvorstaende","status":"publish","type":"post","link":"http:\/\/marburg.news\/?p=18938","title":{"rendered":"Gewissen: Evangelische Kirche w\u00e4hlte Kirchenvorst\u00e4nde"},"content":{"rendered":"<p>Die Kirchenvorst\u00e4nde sind gew\u00e4hlt. Dabei gibt es gro\u00dfe Unterschiede in Stadt und Land im Kirchenkreis Marburg. <!--more--><br \/>\nIn mehr als 600 Gemeinden der Evangelischen Landeskirche von Kurhessen-Waldeck (EKKW) wurden neue Kirchenvorst\u00e4nde gew\u00e4hlt. Von den 607.606 Wahlberechtigten &#8211; alle Gemeindemitglieder \u00fcber 14 Jahren &#8211; haben 23,8 Prozent ihre Stimme abgegeben. Damit liegt die Wahlbeteiligung leicht unter der Marke von 2019. Im evangelischen Kirchenkreis Marburg haben mit knapp 18 Prozent etwas weniger Menschen als im Durchschnitt gew\u00e4hlt.<br \/>\n17,67 Prozent ist laut EKKW das Endergebnis nach totalen Zahlen im Kirchenkreis Marburg. Dabei gibt es gro\u00dfe Unterschiede, insbesondere zwischen den st\u00e4dtischen und den l\u00e4ndlichen Gemeinden: W\u00e4hrend die Kirchengemeinde am Richtsberg mit lediglich 6,48 Prozent das Schlusslicht ist, haben in Dilschhausen \u00fcber 40 Prozent der Wahlberechtigten von ihrem Stimmrecht Gebrauch gemacht.<br \/>\nMehr als die H\u00e4lfte der W\u00e4hlerinnen und W\u00e4hler haben dieses Mal online abgestimmt. &#8222;Das zeigt: Kirche ist modern &#8211; und dem Staat an dieser Stelle wohl einen Schritt voraus&#8220;, sagt Dekan Dr. Burkhard von D\u00f6rnberg. &#8222;Die Wahlbeteiligung lag auf dem gleichen Niveau wie vor 6 Jahren &#8211; auch das ist ein gutes Zeichen in Zeiten, in denen viel im Wandel ist und manches im R\u00fcckgang begriffen scheint.&#8220;<br \/>\nAn manchen Orten habe es Schwierigkeiten bei der Zustellung der Wahlbenachrichtigungen durch die Landeskirche gegeben &#8211; da sieht der Dekan Verbesserungsbedarf. Als sehr gut bewertet er aber, dass entgegen ersten Prognosen in nahezu allen Gemeinden des Kirchenkreises ein neuer Kirchenvorstand gew\u00e4hlt werden konnte und gen\u00fcgend Kandidatinnen und Kandidaten zur Verf\u00fcgung standen.<br \/>\nLediglich in Ronhausen und Hassenhausen war das nicht der Fall &#8211; beides sind kleine Kirchengemeinden, die schon lange gemeinsam mit Nachbargemeinden zusammen von einem Pfarrarmt versorgt werden und die laut dem Dekan bereits in guten Gespr\u00e4chen \u00fcber eine Fusion stehen.<br \/>\nDekan von D\u00f6rnberg bedankte sich bei allen, die sich zur Wahl haben aufstellen lassen und die nun f\u00fcr die kommenden sechs Jahre Verantwortung in den Kirchenvorst\u00e4nden \u00fcbernehmen: &#8222;Sie alle sind ein kr\u00e4ftiges Zeichen f\u00fcr die Zukunft.&#8220; F\u00fcr die habe die KV-Wahl an vielen Stellen auch eine deutliche Verj\u00fcngung mit sich gebracht. Auch das mache Mut.<br \/>\nF\u00fcr die Pfarrpersonen, Wahlvorst\u00e4nde und Kirchenvorst\u00e4nde, aber auch f\u00fcr die Verwaltungsassistenzen gehen intensive Wochen der Vorbereitung und Durchf\u00fchrung zu Ende. &#8222;Ihnen allen gilt ebenso mein herzlicher Dank&#8220;, erkl\u00e4rte er.<br \/>\nNun konstituieren sich die neuen Kirchenvorst\u00e4nde, berufen weitere Mitglieder und bereiten sich auf den Beginn ihrer Amtszeit vor. Der Wunsch des Dekans lautet an der Stelle, dass Gott sie so begleitet, wie er es vor langer Zeit Salomo zugesagt hat: &#8222;Ich gebe dir ein weises und verst\u00e4ndiges Herz.&#8220;<\/p>\n<p>* pm: Evangelischer Kirchenkreis Marburg<\/p>\n","protected":false},"excerpt":{"rendered":"<p>Die Kirchenvorst\u00e4nde sind gew\u00e4hlt. Dabei gibt es gro\u00dfe Unterschiede in Stadt und Land im Kirchenkreis Marburg.<\/p>\n","protected":false},"author":2,"featured_media":0,"comment_status":"closed","ping_status":"open","sticky":false,"template":"","format":"standard","meta":{"advanced_seo_description":"","spay_email":"","jetpack_publicize_message":"","jetpack_is_tweetstorm":false,"jetpack_publicize_feature_enabled":true},"categories":[2,4],"tags":[3911,7165,612],"jetpack_featured_media_url":"","jetpack_publicize_connections":[],"jetpack_sharing_enabled":true,"jetpack_shortlink":"https:\/\/wp.me\/p8mhvd-4Vs","jetpack-related-posts":[{"id":18766,"url":"http:\/\/marburg.news\/?p=18766","url_meta":{"origin":18938,"position":0},"title":"Im Kirchenkreis: Evangelische w\u00e4hlen ihre Gemeinder\u00e4te","date":"30. September 2025","format":false,"excerpt":"Die neuen Kirchenvorst\u00e4nde der EKKW werden amSonntag (26. Oktober) gew\u00e4hlt. Bereits seit Ende Septemberkann per Briefwahl oder online abgestimmt werden. 2025 werden in den Kirchengemeinden der Evangelischen Kirche von Kurhessen-Waldeck (EKKW) neue Kirchenvorst\u00e4nde gew\u00e4hlt. Wahltag vor Ort ist am 26. Oktober. Bereits seitEnde September ist es aber m\u00f6glich, seine Stimme\u2026","rel":"","context":"In &quot;Soziales&quot;","img":{"alt_text":"","src":"","width":0,"height":0},"classes":[]},{"id":11462,"url":"http:\/\/marburg.news\/?p=11462","url_meta":{"origin":18938,"position":1},"title":"Selbst gew\u00e4rmt: Mehr als 5 Millionen f\u00fcr Evangelische Kirche","date":"14. Dezember 2022","format":false,"excerpt":"Mehr als 5 Millionen Euro f\u00fcr diakonische Angebote hat die Evangelische Kirche in Hessen angek\u00fcndigt. Auch lokale Akteure freuen sich \u00fcber dieses Geld aus der Kirchensteuer. Der Millionenbetrag soll diakonische Angebote st\u00e4rken. Diese Nachricht kam am Montag (12. Dezember) von der Evangelischen Kirche in Hessen und Nassau (EKHN), der Evangelischen\u2026","rel":"","context":"In &quot;Soziales&quot;","img":{"alt_text":"","src":"","width":0,"height":0},"classes":[]},{"id":18798,"url":"http:\/\/marburg.news\/?p=18798","url_meta":{"origin":18938,"position":2},"title":"Konsolidierte Kirchenfinanzen: Nicht genug Geld f\u00fcr alle Geb\u00e4ude","date":"7. Oktober 2025","format":false,"excerpt":"Mit einer \"Gr\u00fcnen Liste\" setzt der Evangelische Kirchenkreis Marburg Priorit\u00e4ten beim Erhalt seiner Geb\u00e4ude. Angesichts sinkender Einnahmen muss die Kirche auch bei ihren Bauten sparen. Zu ihrer zweiten Sitzung in diesem Jahr kam die Synode des Evangelischen Kirchenkreises Marburg Anfang Oktober zusammen. Neben der Verabschiedung des Jahresabschlusses 2024 stand eine\u2026","rel":"","context":"In &quot;Kultur&quot;","img":{"alt_text":"","src":"","width":0,"height":0},"classes":[]},{"id":15901,"url":"http:\/\/marburg.news\/?p=15901","url_meta":{"origin":18938,"position":3},"title":"Visitation: Bisch\u00f6fin Beate Hofmann besucht Marburg","date":"1. Juli 2024","format":false,"excerpt":"Zu Gast im Kirchenkreis Marburg ist Bisch\u00f6fin Dr. Beate Hofmann. Von Mittwoch (3. Juli) bis Samstag (6. Juli)wird sie sich einen \u00dcberblick \u00fcber die Arbeit in den Gemeinden und die vielf\u00e4ltigen kirchlichen Aktivit\u00e4ten und Kooperationen verschaffen. Die Bisch\u00f6fin der Evangelischen Kirche von Kurhessen-Waldeck (EKKW) wird aber auch kulturelle, politische und\u2026","rel":"","context":"In &quot;Soziales&quot;","img":{"alt_text":"","src":"","width":0,"height":0},"classes":[]},{"id":17762,"url":"http:\/\/marburg.news\/?p=17762","url_meta":{"origin":18938,"position":4},"title":"F\u00fcr Leitung: Engagementpreis der Evangelischen Landeskirche f\u00fcr Marburg","date":"31. M\u00e4rz 2025","format":false,"excerpt":"Unter dem Motto \"Lust auf Leitung\" hat die Evangelische Landeskirche einen Engagementpreis vergeben. Marburg\" konnte mit seiner Idee eines partizipatorischen Modells f\u00fcr die Leitung einer Gemeinde \u00fcberzeugen. Die Ausgezeichneten beeindruckten mit innovativen Ideen rund um das Thema Leitungsarbeit: Das Netzwerk UND Marburg, die Frauenarbeit im Kirchenkreis Schmalkalden, der Verband Christlicher\u2026","rel":"","context":"In &quot;Soziales&quot;","img":{"alt_text":"","src":"","width":0,"height":0},"classes":[]},{"id":16774,"url":"http:\/\/marburg.news\/?p=16774","url_meta":{"origin":18938,"position":5},"title":"Angetreten: Michael B\u00f6ttcher aus Marburg wird &#8222;Umweltpfarrer&#8220; der EKKW","date":"30. Oktober 2024","format":false,"excerpt":"Michael B\u00f6ttcher aus Marburg wird \"Umweltpfarrer\" der EKKW. Das bringt Personalver\u00e4nderungen in Dreihausen, Winnen und an der \"Stipe\" mit sich. Das Amt als \"Beauftragter f\u00fcr Sch\u00f6pfungsverantwortung, Nachhaltigkeit, Umweltschutz und Klimagerechtigkeit\" der Evangelischen Kirche von Kurhessen-Waldeck (EKKW) wird k\u00fcnftig Pfarrer Michael B\u00f6ttcher aus dem Kirchenkreis Marburg innehaben. Seine Stelle als Gemeindepfarrer\u2026","rel":"","context":"In &quot;Soziales&quot;","img":{"alt_text":"","src":"","width":0,"height":0},"classes":[]}],"_links":{"self":[{"href":"http:\/\/marburg.news\/index.php?rest_route=\/wp\/v2\/posts\/18938"}],"collection":[{"href":"http:\/\/marburg.news\/index.php?rest_route=\/wp\/v2\/posts"}],"about":[{"href":"http:\/\/marburg.news\/index.php?rest_route=\/wp\/v2\/types\/post"}],"author":[{"embeddable":true,"href":"http:\/\/marburg.news\/index.php?rest_route=\/wp\/v2\/users\/2"}],"replies":[{"embeddable":true,"href":"http:\/\/marburg.news\/index.php?rest_route=%2Fwp%2Fv2%2Fcomments&post=18938"}],"version-history":[{"count":0,"href":"http:\/\/marburg.news\/index.php?rest_route=\/wp\/v2\/posts\/18938\/revisions"}],"wp:attachment":[{"href":"http:\/\/marburg.news\/index.php?rest_route=%2Fwp%2Fv2%2Fmedia&parent=18938"}],"wp:term":[{"taxonomy":"category","embeddable":true,"href":"http:\/\/marburg.news\/index.php?rest_route=%2Fwp%2Fv2%2Fcategories&post=18938"},{"taxonomy":"post_tag","embeddable":true,"href":"http:\/\/marburg.news\/index.php?rest_route=%2Fwp%2Fv2%2Ftags&post=18938"}],"curies":[{"name":"wp","href":"https:\/\/api.w.org\/{rel}","templated":true}]}}