{"id":18935,"date":"2025-10-31T14:30:01","date_gmt":"2025-10-31T13:30:01","guid":{"rendered":"http:\/\/marburg.news\/?p=18935"},"modified":"2025-10-31T14:30:01","modified_gmt":"2025-10-31T13:30:01","slug":"gefrierschutz-wasser-auf-friedhoefen-wird-abgestellt","status":"publish","type":"post","link":"http:\/\/marburg.news\/?p=18935","title":{"rendered":"Gefrierschutz: Wasser auf Friedh\u00f6fen wird abgestellt"},"content":{"rendered":"<p>Um Frostsch\u00e4den an den Wasserleitungen zu vermeiden, wird das Wasser auf den Friedh\u00f6fen in Marburg ab Montag (10. November) abgestellt. Voraussichtlich ab 1. April 2026 wird es wieder angestellt. <!--more--><\/p>\n<p>* pm: Stadt Marburg<\/p>\n","protected":false},"excerpt":{"rendered":"<p>Um Frostsch\u00e4den an den Wasserleitungen zu vermeiden, wird das Wasser auf den Friedh\u00f6fen in Marburg ab Montag (10. November) abgestellt. Voraussichtlich ab 1. April 2026 wird es wieder angestellt.<\/p>\n","protected":false},"author":2,"featured_media":0,"comment_status":"closed","ping_status":"open","sticky":false,"template":"","format":"standard","meta":{"advanced_seo_description":"","spay_email":"","jetpack_publicize_message":"","jetpack_is_tweetstorm":false,"jetpack_publicize_feature_enabled":true},"categories":[4],"tags":[254,793,961],"jetpack_featured_media_url":"","jetpack_publicize_connections":[],"jetpack_sharing_enabled":true,"jetpack_shortlink":"https:\/\/wp.me\/p8mhvd-4Vp","jetpack-related-posts":[{"id":19795,"url":"http:\/\/marburg.news\/?p=19795","url_meta":{"origin":18935,"position":0},"title":"Wasser marsch: Stadt stellt Leitungen auf Friedh\u00f6fen wieder an","date":"30. M\u00e4rz 2026","format":false,"excerpt":"Das Wasser auf den Marburger Friedh\u00f6fen wird am Mittwoch (1. April) wieder angestellt. Die Wasserleitungen wurden im Winter abgestellt, um Frostsch\u00e4den zu vermeiden. * pm: Stadt Marburg","rel":"","context":"In &quot;Soziales&quot;","img":{"alt_text":"","src":"","width":0,"height":0},"classes":[]},{"id":5352,"url":"http:\/\/marburg.news\/?p=5352","url_meta":{"origin":18935,"position":1},"title":"Auf dem Friedhof: Kleintiertreppen sollen Artenschutz verbessern","date":"3. Juli 2020","format":false,"excerpt":"Mit \"Kleintiertreppen\" m\u00f6chte die Stadt auf dem Friedhof den Artenschutz verbessern. Das hat sie am Freitag (3. Juli) erkl\u00e4rt. Friedh\u00f6fe dienen vielen Lebewesen als wichtiger Lebensraum im dichtbesiedelten innerst\u00e4dtischen Bereich. Kleintiere, wie Eichh\u00f6rnchen, Bienen oder V\u00f6gel nutzen besonders im Sommer die Wasserquellen auf Friedh\u00f6fen. Sogenannte \"Kleintiertreppen\" helfen nun den kleinen\u2026","rel":"","context":"In &quot;Politik&quot;","img":{"alt_text":"","src":"","width":0,"height":0},"classes":[]},{"id":9933,"url":"http:\/\/marburg.news\/?p=9933","url_meta":{"origin":18935,"position":2},"title":"G\u00e4nzlich gr\u00fcn: Hilfe gegen herzzerrei\u00dfende Hitze","date":"19. Juni 2022","format":false,"excerpt":"Der Schwei\u00df steigt mir auf die Stirn. Schon am Mittag ist es auf dem Balkon richtig hei\u00df. 36 Grad Celsius in Marburg hat der Deutsche Wetterdienst (DWD) f\u00fcr Samstag (18. Juni) angesagt. Im Laufe des Nachmittags wird diese Temperatur auch wirklich erreicht. Langsam schleppen sich einzelne Fu\u00dfg\u00e4ngerinnen und Fu\u00dfg\u00e4nger durch\u2026","rel":"","context":"In &quot;Politik&quot;","img":{"alt_text":"FJH","src":"https:\/\/i0.wp.com\/marburg.news\/wp-content\/uploads\/2022\/06\/20220607_103007-01-scaled.jpeg?fit=1200%2C1200&resize=350%2C200","width":350,"height":200},"classes":[]},{"id":14540,"url":"http:\/\/marburg.news\/?p=14540","url_meta":{"origin":18935,"position":3},"title":"Wurzeln schlagen: Neue Anpflanzungen im Stadtgebiet","date":"5. Dezember 2023","format":false,"excerpt":"Neue Baumschulware ist bei der Stadt eingetroffen. Rund 190 B\u00e4ume d\u00fcrfen in Marburg Wurzeln schlagen. Rund 190 B\u00e4ume, 760 Stauden und 800 Str\u00e4ucher sowie Rosen sind bei der Universit\u00e4tsstadt angeliefert worden. Einige B\u00e4ume dienen als Ersatz f\u00fcr abgestorbene, andere sind Neupflanzungen auf st\u00e4dtischen Gr\u00fcnanlagen und Friedh\u00f6fen. Bereits innerhalb der n\u00e4chsten\u2026","rel":"","context":"In &quot;Politik&quot;","img":{"alt_text":"","src":"","width":0,"height":0},"classes":[]},{"id":17893,"url":"http:\/\/marburg.news\/?p=17893","url_meta":{"origin":18935,"position":4},"title":"M\u00e4hfreier Mai: Kampagne f\u00fcr mehr Artenvielfalt","date":"25. April 2025","format":false,"excerpt":"Die Stadt Marburg nimmt an der bundesweiten Kampagne \"M\u00e4hfreier Mai\" teil. Sie setzt sich f\u00fcr mehr Artenvielfalt ein. Auch in diesem Jahr nimmt die Stadt Marburg an der bundesweiten Kampagne \"M\u00e4hfreier Mai\" (\"No Mow May\") teil. Das bedeutet, dass die st\u00e4dtischen Gr\u00fcnfl\u00e4chen (mit der Ausnahme von Bolzpl\u00e4tzen, Kinderspielpl\u00e4tzen, Kinderg\u00e4rten, Schulen,\u2026","rel":"","context":"In &quot;Soziales&quot;","img":{"alt_text":"","src":"","width":0,"height":0},"classes":[]},{"id":19924,"url":"http:\/\/marburg.news\/?p=19924","url_meta":{"origin":18935,"position":5},"title":"Traditionsansprache: Tauffeste in der Lahn am 21 Juni","date":"22. April 2026","format":false,"excerpt":"Auch 2026 wird es wieder Tauffeste in den Kirchenkreisen Marburg und Kirchhain geben. Am Sonntag (21. Juni) machen die Gemeinden in und um Marburg den Auftakt an der Lahn. Ohne Gottes Wort sei Wasser schlicht Wasser, sagte einst Martin Luther. \"Aber mit dem Worte Gottes ist's eine Taufe, das ist\u2026","rel":"","context":"In &quot;Kultur&quot;","img":{"alt_text":"","src":"","width":0,"height":0},"classes":[]}],"_links":{"self":[{"href":"http:\/\/marburg.news\/index.php?rest_route=\/wp\/v2\/posts\/18935"}],"collection":[{"href":"http:\/\/marburg.news\/index.php?rest_route=\/wp\/v2\/posts"}],"about":[{"href":"http:\/\/marburg.news\/index.php?rest_route=\/wp\/v2\/types\/post"}],"author":[{"embeddable":true,"href":"http:\/\/marburg.news\/index.php?rest_route=\/wp\/v2\/users\/2"}],"replies":[{"embeddable":true,"href":"http:\/\/marburg.news\/index.php?rest_route=%2Fwp%2Fv2%2Fcomments&post=18935"}],"version-history":[{"count":0,"href":"http:\/\/marburg.news\/index.php?rest_route=\/wp\/v2\/posts\/18935\/revisions"}],"wp:attachment":[{"href":"http:\/\/marburg.news\/index.php?rest_route=%2Fwp%2Fv2%2Fmedia&parent=18935"}],"wp:term":[{"taxonomy":"category","embeddable":true,"href":"http:\/\/marburg.news\/index.php?rest_route=%2Fwp%2Fv2%2Fcategories&post=18935"},{"taxonomy":"post_tag","embeddable":true,"href":"http:\/\/marburg.news\/index.php?rest_route=%2Fwp%2Fv2%2Ftags&post=18935"}],"curies":[{"name":"wp","href":"https:\/\/api.w.org\/{rel}","templated":true}]}}