{"id":18932,"date":"2025-10-31T12:42:18","date_gmt":"2025-10-31T11:42:18","guid":{"rendered":"http:\/\/marburg.news\/?p=18932"},"modified":"2025-10-31T12:42:18","modified_gmt":"2025-10-31T11:42:18","slug":"gedenken-besinnungsstunde-am-9-november","status":"publish","type":"post","link":"http:\/\/marburg.news\/?p=18932","title":{"rendered":"Gedenken: Besinnungsstunde am 9. November"},"content":{"rendered":"<p>Zur Erinnerung an die Opfer der Pogromnacht im November 1938 findet am Sonntag (9. November) eine Besinnungsstunde im &#8222;Garten des Gedenkens&#8220; statt. Der Verekehr in der Universit\u00e4tsstra\u00dfe ruht w\u00e4hrenddessen. <!--more--><br \/>\nDie Universit\u00e4tsstadt Marburg l\u00e4dt zusammen mit der Gesellschaft f\u00fcr Christlich-J\u00fcdische Zusammenarbeit und der J\u00fcdischen Gemeinde Marburg zur gemeinsamen Besinnungsstunde anl\u00e4sslich der Erinnerung an die Novemberpogrome in den &#8222;Garten des Gedenkens&#8220; ein. An der Synagogen-Gedenkst\u00e4tte wird am Sonntag (9. November) an die j\u00fcdischen B\u00fcrgerinnen und B\u00fcrger erinnert, die Opfer nationalsozialistischer Gewalt wurden.<br \/>\n&#8222;Kein Vergessen: Das ist in einer Zeit, in der menschenverachtende Ansichten wieder zu erstarken scheinen; wichtiger denn je&#8220;, erkl\u00e4rte Oberb\u00fcrgermeister Dr. Thomas Spies. &#8222;Um zu verhindern, dass sich dieses dunkle Kapitel wiederholt, m\u00fcssen wir uns erinnern. Wir erinnern uns an die verachtenswerten Gr\u00e4ueltaten und Verbrechen des Nationalsozialismus. Und wir gedenken all jener, die unter der Diktatur der Nationalsozialisten uns\u00e4gliches erleben und erleiden mussten. Ich lade daher alle Marburger*innen ein, gemeinsam mit uns zu erinnern. Lassen Sie uns ein Zeichen setzen, dass wir nicht vergessen haben und wir daf\u00fcr einstehen, dass sich so etwas nie wieder in unserer Gesellschaft wiederholt.&#8220;<br \/>\nOberb\u00fcrgermeister Spies l\u00e4dt alle B\u00fcrgerinnen und B\u00fcrger ein, an der Besinnungsstunde teilzunehmen. Sie beginnt um 18 Uhr. Auch in diesem Jahr m\u00f6chte die Universit\u00e4tsstadt Marburg weitestgehend auf das Gedenken in Blumenform verzichten. Daher l\u00e4dt die Stadt alle B\u00fcrger*innen ein, wie nach j\u00fcdischem Brauch, Steine anstatt Blumen niederzulegen oder eine Kerze als Erinnerung aufzustellen. Die Steinchen und Kerzen k\u00f6nnen den gesamten Tag \u00fcber niederlegt beziehungsweise aufgestellt werden.<br \/>\nIm Rahmen der Besinnungsstunde wird Oberb\u00fcrgermeister Spies sprechen. Von der Gesellschaft f\u00fcr Christlich-J\u00fcdische Zusammenarbeit redet Sebastian Sack. Der Katholische Vorsitzende ist auch Mitglied des Hessischen Landtags. Von der J\u00fcdischen Gemeinde wird Thorsten A. Schmermund die Gebete &#8222;Kadisch&#8220; und &#8222;El male rachanim&#8220; sprechen. Die Zettelk\u00e4sten werden in diesem Jahr von Kulturschaffenden erstellt. Der Musik-Leistungskurs der Martin-Luther-Schule Marburg begleitet die Veranstaltung musikalisch.<br \/>\nUm den 9. November 1938 wurden in Deutschland Synagogen und j\u00fcdische Gesch\u00e4fte in Brand gesteckt, zerst\u00f6rt oder besch\u00e4digt. Zahlreiche Teilnehmende finden sich seit Einweihung des Platzes am 9. November an der Synagogen-Gedenkst\u00e4tte ein, um an die Opfer nationalsozialistischer Gewalt zu erinnern. Das Ziel der Besinnungsstunde ist, dieses Geschehen und die Opfer nicht zu vergessen. Die Besinnungsstunde ist ein fester Bestandteil der Erinnerungskultur in Marburg und setzt jedes Jahr ein wichtiges Zeichen.<br \/>\nAnl\u00e4sslich der Besinnungsstunde im Garten des Gedenkens am Sonntag (9. November) wird der entsprechende Abschnitt der Universit\u00e4tsstra\u00dfe ab 17.45 Uhr bis zum Ende der Veranstaltung gegen 19.45 Uhr f\u00fcr den gesamten Fahrverkehr vollgesperrt. Der Verkehr aus Richtung Wilhelmsplatz wird \u00fcber die Gutenbergstra\u00dfe, Schulstra\u00dfe und Am Gr\u00fcn umgeleitet. Aus Richtung Biegenstra\u00dfe und Pilgrimstein erfolgt die Umleitung \u00fcber die Weidenh\u00e4user Br\u00fccke.<br \/>\nDie Buslinien des \u00f6ffentlichen Personennahverkehrs (\u00d6PNV) sind ebenfalls von der Sperrung betroffen: Die Stadtbusse werden in Fahrtrichtung Norden zwischen Innenstadt und Hauptbahnhof ab Wilhelmsplatz \u00fcber die Schwanallee, Frankfurter Stra\u00dfe und Am Gr\u00fcn zur Haltestelle &#8222;Rudolphsplatz&#8220; beziehungsweise &#8222;Erlenring&#8220; umgeleitet. In Fahrtrichtung S\u00fcden vom Hauptbahnhof zur Innenstadt erfolgt die Umleitung \u00fcber Erlenring, B3, Gisselberger Stra\u00dfe und Schwanallee zur Haltestelle &#8222;Wilhelmsplatz&#8220;. Mit geringf\u00fcgigen Versp\u00e4tungen ist zu rechnen.<br \/>\nAu\u00dferdem gibt es Ausnahmen: Auf der Buslinie 3 erfolgt eine Umleitung nur in Richtung S\u00fcden. Auf den Linien 6, 12, 14, 16 und 17 gibt es voraussichtlich keine Einschr\u00e4nkung.<br \/>\nDie Haltestellen &#8222;Philippshaus&#8220; und &#8222;Gutenbergstra\u00dfe&#8220; werden w\u00e4hrend der Sperrung nicht bedient. Im Regional- und \u00dcberlandverkehr ist die Linie 383 betroffen, zwischen &#8222;S\u00fcdbahnhof West&#8220; und &#8222;Marburg Hauptbahnhof&#8220; entfallen alle Haltestellen. Dem ortskundigem Verkehr wird empfohlen, die Sperrstelle gro\u00dfr\u00e4umig zu umfahren.<\/p>\n<p>* pm: Stadt Marburg<\/p>\n","protected":false},"excerpt":{"rendered":"<p>Zur Erinnerung an die Opfer der Pogromnacht im November 1938 findet am Sonntag (9. November) eine Besinnungsstunde im &#8222;Garten des Gedenkens&#8220; statt. Der Verekehr in der Universit\u00e4tsstra\u00dfe ruht w\u00e4hrenddessen.<\/p>\n","protected":false},"author":2,"featured_media":0,"comment_status":"closed","ping_status":"open","sticky":false,"template":"","format":"standard","meta":{"advanced_seo_description":"","spay_email":"","jetpack_publicize_message":"","jetpack_is_tweetstorm":false,"jetpack_publicize_feature_enabled":true},"categories":[2,4],"tags":[2089,874,2881],"jetpack_featured_media_url":"","jetpack_publicize_connections":[],"jetpack_sharing_enabled":true,"jetpack_shortlink":"https:\/\/wp.me\/p8mhvd-4Vm","jetpack-related-posts":[{"id":14232,"url":"http:\/\/marburg.news\/?p=14232","url_meta":{"origin":18932,"position":0},"title":"Zur Pogromnacht: Besinnungsstunde im Garten des Gedenkens","date":"1. November 2023","format":false,"excerpt":"Zur Erinnerung an die Opfer der Pogromnacht vom 9. November 1938 findet am Donnerstag (9. November) eine Besinnungsstunde im \"Garten des Gedenkens\" statt. Anl\u00e4sslich des Angriffs der Hamas auf Israel hat sie diesmal besondere Brisanz. Der Magistrat der Stadt Marburg, die Gesellschaft f\u00fcr Christlich-J\u00fcdische Zusammenarbeit und die J\u00fcdische Gemeinde Marburg\u2026","rel":"","context":"In &quot;Politik&quot;","img":{"alt_text":"","src":"","width":0,"height":0},"classes":[]},{"id":16817,"url":"http:\/\/marburg.news\/?p=16817","url_meta":{"origin":18932,"position":1},"title":"In Deutschland: Besinnungsstunde am 9. November","date":"5. November 2024","format":false,"excerpt":"Eine Besinnungsstunde im \"Garten des Gedenkens\" erinnert an die Opfer der Pogromnacht im November 1938. Sie findet am Samstag (9. November) statt. Die Universit\u00e4tsstadt Marburg l\u00e4dt zusammen mit der Gesellschaft f\u00fcr Christlich-J\u00fcdische Zusammenarbeit und der J\u00fcdischen Gemeinde Marburg zur gemeinsamen Besinnungsstunde anl\u00e4sslich der Erinnerung an die Novemberpogrome in den \"Garten\u2026","rel":"","context":"In &quot;Bildung&quot;","img":{"alt_text":"","src":"","width":0,"height":0},"classes":[]},{"id":5947,"url":"http:\/\/marburg.news\/?p=5947","url_meta":{"origin":18932,"position":2},"title":"Aktiv gegen Antisemitismus: Diesmal digitales Gedenken der shoa","date":"3. November 2020","format":false,"excerpt":"Zur Erinnerung an die Opfer der Pogromnacht 1938 gibt es am Montag (9. November) ein gemeinsames Gedenken per Live-Stream. Das hat die Stadt Marburg am Dienstag (3. November) mitgeteilt. Anl\u00e4sslich der Novemberpogrome von 1938 veranstalten die Gesellschaft f\u00fcr Christlich-J\u00fcdische Zusammenarbeit (CJZ), die J\u00fcdische Gemeinde und der Magistrat der Universit\u00e4tsstadt Marburg\u2026","rel":"","context":"In &quot;Kultur&quot;","img":{"alt_text":"","src":"","width":0,"height":0},"classes":[]},{"id":11183,"url":"http:\/\/marburg.news\/?p=11183","url_meta":{"origin":18932,"position":3},"title":"Besonnene Verantwortung: Besinnungsstunde zum 9. November","date":"10. November 2022","format":false,"excerpt":"\"Wir tragen die Verantwortung, die Erinnerung an die Opfer als lebende Erz\u00e4hlung zu erhalten.\" Diese Forderung pr\u00e4gte die Besinnungsstunde zum 9. November. Anl\u00e4sslich der Novemberpogrome von 1938 veranstalteten der Magistrat der Universit\u00e4tsstadt Marburg, die Gesellschaft f\u00fcr Christlich-J\u00fcdische Zusammenarbeit und die J\u00fcdische Gemeinde am Mittwoch (9. November) wieder die allj\u00e4hrliche Besinnungsstunde\u2026","rel":"","context":"In &quot;Politik&quot;","img":{"alt_text":"","src":"","width":0,"height":0},"classes":[]},{"id":16871,"url":"http:\/\/marburg.news\/?p=16871","url_meta":{"origin":18932,"position":4},"title":"Anhaltendes Gedenken: 300 Menschen bei Besinnungsstunde am 9. November","date":"11. November 2024","format":false,"excerpt":"\"Wir erinnern uns, damit solch grenzenloses Unrecht nie wieder geschieht.\" so lautet das Motto zum Gedenken des 9. November 1938. Rund 300 Menschen haben am Samstag (9. November) bei der Besinnungsstunde anl\u00e4sslich der Novemberpogrome der Opfer gedacht. Im \"Garten des Gedenkens\" wurde an die j\u00fcdischen B\u00fcrgerinnen und B\u00fcrger erinnert, die\u2026","rel":"","context":"In &quot;Politik&quot;","img":{"alt_text":"","src":"","width":0,"height":0},"classes":[]},{"id":11115,"url":"http:\/\/marburg.news\/?p=11115","url_meta":{"origin":18932,"position":5},"title":"Vernichtungsalarm: Gedenkstunde zur Pogromnacht am 9. November","date":"3. November 2022","format":false,"excerpt":"Zur Erinnerung an die Pogromnacht am 9. November 1938 findet am Mittwoch (9. November) eine Gedenkstunde am Ort der damals angez\u00fcndeten Synagoge statt. Mit den Pogromen begann die systematische Verfolgung und Ermordung von J\u00fcdinnen und Juden in Deutschland. anl\u00e4sslich der Novemberpogrome von 1938 veranstalten die Gesellschaft f\u00fcr Christlich-J\u00fcdische Zusammenarbeit, die\u2026","rel":"","context":"In &quot;Bildung&quot;","img":{"alt_text":"","src":"","width":0,"height":0},"classes":[]}],"_links":{"self":[{"href":"http:\/\/marburg.news\/index.php?rest_route=\/wp\/v2\/posts\/18932"}],"collection":[{"href":"http:\/\/marburg.news\/index.php?rest_route=\/wp\/v2\/posts"}],"about":[{"href":"http:\/\/marburg.news\/index.php?rest_route=\/wp\/v2\/types\/post"}],"author":[{"embeddable":true,"href":"http:\/\/marburg.news\/index.php?rest_route=\/wp\/v2\/users\/2"}],"replies":[{"embeddable":true,"href":"http:\/\/marburg.news\/index.php?rest_route=%2Fwp%2Fv2%2Fcomments&post=18932"}],"version-history":[{"count":0,"href":"http:\/\/marburg.news\/index.php?rest_route=\/wp\/v2\/posts\/18932\/revisions"}],"wp:attachment":[{"href":"http:\/\/marburg.news\/index.php?rest_route=%2Fwp%2Fv2%2Fmedia&parent=18932"}],"wp:term":[{"taxonomy":"category","embeddable":true,"href":"http:\/\/marburg.news\/index.php?rest_route=%2Fwp%2Fv2%2Fcategories&post=18932"},{"taxonomy":"post_tag","embeddable":true,"href":"http:\/\/marburg.news\/index.php?rest_route=%2Fwp%2Fv2%2Ftags&post=18932"}],"curies":[{"name":"wp","href":"https:\/\/api.w.org\/{rel}","templated":true}]}}