{"id":18917,"date":"2025-10-29T15:46:33","date_gmt":"2025-10-29T14:46:33","guid":{"rendered":"http:\/\/marburg.news\/?p=18917"},"modified":"2025-10-29T15:46:33","modified_gmt":"2025-10-29T14:46:33","slug":"schutzengel-frau-hatte-glueck-bei-unglueck-auf-der-b3","status":"publish","type":"post","link":"http:\/\/marburg.news\/?p=18917","title":{"rendered":"Schutzengel: Frau hatte Gl\u00fcck bei Ungl\u00fcck auf der B3"},"content":{"rendered":"<p>Mehrere Schutzengel hatte am Mittwoch (29. Oktober) eine 28-j\u00e4hrige Autofahrerin. Sie war am Morgen auf der Bundesstra\u00dfe 3 direkt bei der Anschlussstelle Roth verungl\u00fcckt. <!--more--><br \/>\nMit ihrem Hyundai i30 war sie auf der B3 in Fahrtrichtung Marburg unterwegs, als sie gegen 8.30 Uhr aus bislang unbekannter Ursache in einer Linkskurve nach rechts von der Fahrbahn abkam. Im weiteren Verlauf stie\u00df der Hyundai gegen einen Baum und \u00fcberschlug sich. Eine Rettungswagenbesatzung sowie ein Notarzt k\u00fcmmerten sich um die Verletzte.<br \/>\nSchnell stellte sich heraus, dass sie nur leichte Verletzungen davontrug. Der Krankenwagen brachte die &#8211; im Landkreis Gie\u00dfen lebende &#8211; Frau zur weiteren Abkl\u00e4rung in ein Krankenhaus. Angaben zu den Unfallsch\u00e4den lagen der Polizei bis Mittwochnachmittag noch nicht vor. Der rechte Fahrstreifen war zeitweise gesperrt.<\/p>\n<p>* pm: Polizei Marburg<\/p>\n","protected":false},"excerpt":{"rendered":"<p>Mehrere Schutzengel hatte am Mittwoch (29. Oktober) eine 28-j\u00e4hrige Autofahrerin. Sie war am Morgen auf der Bundesstra\u00dfe 3 direkt bei der Anschlussstelle Roth verungl\u00fcckt.<\/p>\n","protected":false},"author":2,"featured_media":0,"comment_status":"closed","ping_status":"open","sticky":false,"template":"","format":"standard","meta":{"advanced_seo_description":"","spay_email":"","jetpack_publicize_message":"","jetpack_is_tweetstorm":false,"jetpack_publicize_feature_enabled":true},"categories":[6],"tags":[6277,16,40],"jetpack_featured_media_url":"","jetpack_publicize_connections":[],"jetpack_sharing_enabled":true,"jetpack_shortlink":"https:\/\/wp.me\/p8mhvd-4V7","jetpack-related-posts":[{"id":12320,"url":"http:\/\/marburg.news\/?p=12320","url_meta":{"origin":18917,"position":0},"title":"Probleme bei Polizeieins\u00e4tzen: Heftiger Umgang mit jungen Frauen","date":"6. April 2023","format":false,"excerpt":"Probleme mit einer jungen Frau auf einer Party in der Biegenstra\u00dfe meldeten Security-Mitarbeiter am Samstag (1. April) gegen 2.15 Uhr. Sie habe G\u00e4ste und Security-Mitarbeiter geschlagen. Zuvor hatte sieangeblich bereits Security- Mitarbeiter bespuckt und mindestens einen von ihnen durch Schl\u00e4ge oder Tritte leicht verletzt. Zudem erfuhren die Polizeibeamten, dass im\u2026","rel":"","context":"In &quot;Sonstiges&quot;","img":{"alt_text":"","src":"","width":0,"height":0},"classes":[]},{"id":18953,"url":"http:\/\/marburg.news\/?p=18953","url_meta":{"origin":18917,"position":1},"title":"Mercedes fahren: Verfolgungsfahrt wegen 21-j\u00e4hriger Frau","date":"3. November 2025","format":false,"excerpt":"Nach einer Verfolgungsfahrt hat die Polizei am Samstag (1. November) eine 21-j\u00e4hrige Autofahrerin festgenommen. Von einer Zeugin erhielt die Polizei gegen 18.40 Uhr die Mitteilung, dass sich in Lohra eine Frauberauscht hinter das Steuer ihres grauen Mercedes gesetzte habe und in Richtung Kirchhain gefahren sei. Vor der Autofahrt soll sie\u2026","rel":"","context":"In &quot;Sonstiges&quot;","img":{"alt_text":"","src":"","width":0,"height":0},"classes":[]},{"id":15067,"url":"http:\/\/marburg.news\/?p=15067","url_meta":{"origin":18917,"position":2},"title":"M\u00e4nner mit Schlag: T\u00e4tliche Auseinandersetzungen in der Temmlerstra\u00dfe","date":"27. Februar 2024","format":false,"excerpt":"Nach einer Auseinandersetzung am Freitag (23. Februar) in der Temmlerstra\u00dfe bittet die Polizei um Hinweise. Dem Angriff eines Mannes auf eine Frau folgte eine t\u00e4tliche Auseinandersetzung zweiter M\u00e4nner mit ihm. Bereits am Montag (26. Februar) hatte die Polizei mit einer Pressemeldung nach Zeugen gesucht. Im Rahmen der Ermittlungen erhielten die\u2026","rel":"","context":"In &quot;Sonstiges&quot;","img":{"alt_text":"","src":"","width":0,"height":0},"classes":[]},{"id":4719,"url":"http:\/\/marburg.news\/?p=4719","url_meta":{"origin":18917,"position":3},"title":"Zwei Hunde: Spazierg\u00e4nger am Lahnufer bedroht","date":"12. Februar 2020","format":false,"excerpt":"Einen Spazierg\u00e4nger verfolgte ein freilaufender gr\u00f6\u00dferer hellbrauner Hund .am Freitag (7. Februar) gegen 10.15 Uhr. Auf die lautstarken Rufe seines \"Frauchens\" reagierte der Hund nicht. Dadurch f\u00fchlte sich der Spazierg\u00e4nger bedroht. Der Mann blieb unverletzt. Der Vorfall spielte sich an den Lahnweisen zwischen der Sch\u00fctzenpfuhlbr\u00fccke und der S\u00fcdspange im Hain\u2026","rel":"","context":"In &quot;Sonstiges&quot;","img":{"alt_text":"","src":"","width":0,"height":0},"classes":[]},{"id":7543,"url":"http:\/\/marburg.news\/?p=7543","url_meta":{"origin":18917,"position":4},"title":"Im Zuge der Ermittlungen: Polizei schickt zwei falsche Polizisten in Haft","date":"10. August 2021","format":false,"excerpt":"Die Festnahme von zwei M\u00e4nnern gelang der Polizei am Mittwoch (4. August). Sie stehen im Verdacht, an Betr\u00fcgereien zum Nachteil von \u00e4lteren Menschen durch Anrufe als falsche Polizeibeamte beteiligt gewesen zu sein. Bei den Tatverd\u00e4chtigen konnten die Ermittler Bargeld und wertvolle M\u00fcnzen beschlagnahmen. Sie befinden sich nun in Untersuchungshaft. Die\u2026","rel":"","context":"In &quot;Sonstiges&quot;","img":{"alt_text":"","src":"","width":0,"height":0},"classes":[]},{"id":4371,"url":"http:\/\/marburg.news\/?p=4371","url_meta":{"origin":18917,"position":5},"title":"Gl\u00fcck im Ungl\u00fcck: Kleinkind erlitt bei Sturz durch Fenster keine Verletzungen","date":"2. November 2019","format":false,"excerpt":"Etwa zehn Meter st\u00fcrzte ein Kleinkind am Freitag (1. November) in die Tiefe und schlug auf dem Rasen auf. Dabei d\u00fcrfte das M\u00e4dchen einen Schutzengel gehabt haben. Jedenfalls erlitt das Kind nach derzeitigen Erkenntnissen nur leichte Verletzungen. Das ist \"die gute Nachricht der Woche\". Der Vorfall ereignete sich gegen 9.35\u2026","rel":"","context":"In &quot;Sonstiges&quot;","img":{"alt_text":"","src":"","width":0,"height":0},"classes":[]}],"_links":{"self":[{"href":"http:\/\/marburg.news\/index.php?rest_route=\/wp\/v2\/posts\/18917"}],"collection":[{"href":"http:\/\/marburg.news\/index.php?rest_route=\/wp\/v2\/posts"}],"about":[{"href":"http:\/\/marburg.news\/index.php?rest_route=\/wp\/v2\/types\/post"}],"author":[{"embeddable":true,"href":"http:\/\/marburg.news\/index.php?rest_route=\/wp\/v2\/users\/2"}],"replies":[{"embeddable":true,"href":"http:\/\/marburg.news\/index.php?rest_route=%2Fwp%2Fv2%2Fcomments&post=18917"}],"version-history":[{"count":0,"href":"http:\/\/marburg.news\/index.php?rest_route=\/wp\/v2\/posts\/18917\/revisions"}],"wp:attachment":[{"href":"http:\/\/marburg.news\/index.php?rest_route=%2Fwp%2Fv2%2Fmedia&parent=18917"}],"wp:term":[{"taxonomy":"category","embeddable":true,"href":"http:\/\/marburg.news\/index.php?rest_route=%2Fwp%2Fv2%2Fcategories&post=18917"},{"taxonomy":"post_tag","embeddable":true,"href":"http:\/\/marburg.news\/index.php?rest_route=%2Fwp%2Fv2%2Ftags&post=18917"}],"curies":[{"name":"wp","href":"https:\/\/api.w.org\/{rel}","templated":true}]}}