{"id":18885,"date":"2025-10-23T15:57:22","date_gmt":"2025-10-23T13:57:22","guid":{"rendered":"http:\/\/marburg.news\/?p=18885"},"modified":"2025-10-23T15:57:22","modified_gmt":"2025-10-23T13:57:22","slug":"kriminelle-gruende-einbrueche-in-gleich-zwei-universitaetsgebaeude","status":"publish","type":"post","link":"http:\/\/marburg.news\/?p=18885","title":{"rendered":"Kriminelle Gr\u00fcnde: Einbr\u00fcche in gleich zwei Universit\u00e4tsgeb\u00e4ude"},"content":{"rendered":"<p>Auf Geb\u00e4ude der Universit\u00e4t hatten es Einbrecher in der Nacht von Dienstag (21. Oktober) auf Mittwoch (22. Oktober) abgesehen. In dem Institut f\u00fcr Politikwissenschaft an der &#8222;Ketzerbach&#8220; hebelten sie Fenster auf. <!--more--><br \/>\nAnschlie\u00dfend durchsuchten sie mehrere B\u00fcros. Ob die T\u00e4ter dabei Beute machten, kann derzeit noch nicht gesagt werden. Aus dem Geb\u00e4ude des Fachbereichs Physik am &#8222;Renthof&#8220; klauten sie aus den zuvor aufgebrochenen B\u00fcror\u00e4umen Laptops und Tablets.<br \/>\nAngaben zum Wert des Diebesguts liegen der Polizei derzeit nicht vor. Den Schaden an beiden Geb\u00e4uden sch\u00e4tzt die Polizei auf insgesamt 3.000 Euro. Hinweise erbittet die Marburger Polizei unter der Telefonnummer 06421\/406-0.<\/p>\n<p>* pm: Polizei Marburg<\/p>\n","protected":false},"excerpt":{"rendered":"<p>Auf Geb\u00e4ude der Universit\u00e4t hatten es Einbrecher in der Nacht von Dienstag (21. Oktober) auf Mittwoch (22. Oktober) abgesehen. In dem Institut f\u00fcr Politikwissenschaft an der &#8222;Ketzerbach&#8220; hebelten sie Fenster auf.<\/p>\n","protected":false},"author":2,"featured_media":0,"comment_status":"closed","ping_status":"open","sticky":false,"template":"","format":"standard","meta":{"advanced_seo_description":"","spay_email":"","jetpack_publicize_message":"","jetpack_is_tweetstorm":false,"jetpack_publicize_feature_enabled":true},"categories":[6],"tags":[39,16,64],"jetpack_featured_media_url":"","jetpack_publicize_connections":[],"jetpack_sharing_enabled":true,"jetpack_shortlink":"https:\/\/wp.me\/p8mhvd-4UB","jetpack-related-posts":[{"id":18910,"url":"http:\/\/marburg.news\/?p=18910","url_meta":{"origin":18885,"position":0},"title":"Ins Geb\u00e4ude: Erneut Einbr\u00fcche in zwei Universit\u00e4tsgeb\u00e4ude","date":"28. Oktober 2025","format":false,"excerpt":"Bereits zum zweiten Mal innerhalb einer Woche r\u00fcckten Geb\u00e4ude der Philipps-Universit\u00e4t in den Fokus von Einbrechern. Zwischen Freitag (24. Oktober) nach 14 Uhr und Montag (27. Oktober) vor 6 Uhr brachen sie ins Institut f\u00fcr Politikwissenschaften an der \"Ketzerbach\" ein. Sie hebelten ein Fenster auf und durchsuchten ein B\u00fcro vergeblich\u2026","rel":"","context":"In &quot;Sonstiges&quot;","img":{"alt_text":"","src":"","width":0,"height":0},"classes":[]},{"id":18958,"url":"http:\/\/marburg.news\/?p=18958","url_meta":{"origin":18885,"position":1},"title":"Donnerstag und Nacht: Einbrecher auf frischer Tat ertappt","date":"4. November 2025","format":false,"excerpt":"Immer wieder kam es in den vergangenen Wochen zu Einbr\u00fcchen in Geb\u00e4ude der Philipps-Universit\u00e4t. Jetzt hat die Polizei einen 36 Jahre alten Mann festgenommen. In der Nacht von Mittwoch (29. Oktober) auf Donnerstag (30. Oktober) hat ihn ein Zeuge bei einem Einbruch in das Geb\u00e4ude des Fachbereichs Gesellschaftswissenschaften und Philosophie\u2026","rel":"","context":"In &quot;Sonstiges&quot;","img":{"alt_text":"","src":"","width":0,"height":0},"classes":[]},{"id":18872,"url":"http:\/\/marburg.news\/?p=18872","url_meta":{"origin":18885,"position":2},"title":"Montag bis Dienstag: Einbruch in das B\u00fcrgerhaus Cappel","date":"22. Oktober 2025","format":false,"excerpt":"Einen Schaden von knapp 4.000 Euro verursachten Einbrecher im B\u00fcrgerhaus Cappel an der Goethestra\u00dfe. Zwischen Montag (20. Oktober) ab 18 Uhr und Dienstag (21. Oktober) vor 6.10 Uhr stiegen sie durch ein Fenster im Kellergeschoss in das Geb\u00e4ude ein. Die Unbekannten durchsuchten s\u00e4mtliche R\u00e4ume nach Wertgegenst\u00e4nden. Daf\u00fcr brachen sie mehrere\u2026","rel":"","context":"In &quot;Sonstiges&quot;","img":{"alt_text":"","src":"","width":0,"height":0},"classes":[]},{"id":18865,"url":"http:\/\/marburg.news\/?p=18865","url_meta":{"origin":18885,"position":3},"title":"Geklaut: Bargeld aus Schule mitgenommen","date":"21. Oktober 2025","format":false,"excerpt":"Durch ein Kellerfenster verschafften sich Unbekannte zwischen Freitag (17. Oktober) nach 14 Uhr und Sonntag (19. Oktober) vor 10 Uhr Zutritt zu einer Schule an der \"Ockersh\u00e4user Allee\". Dort hebelten sie mehrere T\u00fcren auf. Sie durchw\u00fchlten das Geb\u00e4ude und nahmen Bargeld mit. Angaben zur H\u00f6he der Einbruchssch\u00e4den k\u00f6nnen derzeit noch\u2026","rel":"","context":"In &quot;Sonstiges&quot;","img":{"alt_text":"","src":"","width":0,"height":0},"classes":[]},{"id":14084,"url":"http:\/\/marburg.news\/?p=14084","url_meta":{"origin":18885,"position":4},"title":"Sachbesch\u00e4digung: Gescheiterter Einbruchsversuch im Aff\u00f6ller","date":"16. Oktober 2023","format":false,"excerpt":"Ein besch\u00e4digtes Rolltor wurde der Polizei am Samstag (14. Oktober) gegen 22.50 Uhr gemeldet. Zuvor hatten Unbekannte offenbar gegen die Plexiglasscheibe eines Rolltors des Bidlungszentrums in der Aff\u00f6llerstra\u00dfe geschlagen. Vermutlich versuchten sie vergeblich, in das Geb\u00e4ude zu gelangen. Die Scheibe wurde besch\u00e4digt, den Dieben gelang es jedoch nicht in das\u2026","rel":"","context":"In &quot;Sonstiges&quot;","img":{"alt_text":"","src":"","width":0,"height":0},"classes":[]},{"id":19237,"url":"http:\/\/marburg.news\/?p=19237","url_meta":{"origin":18885,"position":5},"title":"Einbruch gemeldet: Polizei nahm zwei M\u00e4nner fest","date":"18. Dezember 2025","format":false,"excerpt":"Polizisten haben am Donnerstag (18. Dezember) am Ortenberg zwei Einbrecher festgenommen. Die beiden M\u00e4nner waren bei einem Einbruchsversuch beobachtet worden. Eine Zeugin und ein Zeuge beobachteten in der Nacht zum Donnerstag (18. Dezember) gegen 2 Uhr zwei M\u00e4nner, die versuchten in ein Geb\u00e4ude des Universit\u00e4tsklinikums an der Hans-Sachs-Stra\u00dfe einzudringen. Zudem\u2026","rel":"","context":"In &quot;Sonstiges&quot;","img":{"alt_text":"","src":"","width":0,"height":0},"classes":[]}],"_links":{"self":[{"href":"http:\/\/marburg.news\/index.php?rest_route=\/wp\/v2\/posts\/18885"}],"collection":[{"href":"http:\/\/marburg.news\/index.php?rest_route=\/wp\/v2\/posts"}],"about":[{"href":"http:\/\/marburg.news\/index.php?rest_route=\/wp\/v2\/types\/post"}],"author":[{"embeddable":true,"href":"http:\/\/marburg.news\/index.php?rest_route=\/wp\/v2\/users\/2"}],"replies":[{"embeddable":true,"href":"http:\/\/marburg.news\/index.php?rest_route=%2Fwp%2Fv2%2Fcomments&post=18885"}],"version-history":[{"count":0,"href":"http:\/\/marburg.news\/index.php?rest_route=\/wp\/v2\/posts\/18885\/revisions"}],"wp:attachment":[{"href":"http:\/\/marburg.news\/index.php?rest_route=%2Fwp%2Fv2%2Fmedia&parent=18885"}],"wp:term":[{"taxonomy":"category","embeddable":true,"href":"http:\/\/marburg.news\/index.php?rest_route=%2Fwp%2Fv2%2Fcategories&post=18885"},{"taxonomy":"post_tag","embeddable":true,"href":"http:\/\/marburg.news\/index.php?rest_route=%2Fwp%2Fv2%2Ftags&post=18885"}],"curies":[{"name":"wp","href":"https:\/\/api.w.org\/{rel}","templated":true}]}}