{"id":18857,"date":"2025-10-20T09:18:44","date_gmt":"2025-10-20T07:18:44","guid":{"rendered":"http:\/\/marburg.news\/?p=18857"},"modified":"2025-10-20T09:18:44","modified_gmt":"2025-10-20T07:18:44","slug":"aktion-fuer-klimaschutz-aller-guten-dinge-sind-drei","status":"publish","type":"post","link":"http:\/\/marburg.news\/?p=18857","title":{"rendered":"Aktion f\u00fcr Klimaschutz: Aller guten Dinge sind drei"},"content":{"rendered":"<p>Ihre dritte &#8222;Kunstaktion&#8220; zum Klimaschutz hat Jana Trommer f\u00fcr Freitag (24. Oktober) angek\u00fcndigt. Diesmal m\u00f6chte die Marburger Kinder-und Jugendtherapeutin sich am Wilhelmsplatz auf die Stra\u00dfe setzen. <!--more--><br \/>\nMit dieser Form von Aktionskunst wendet sie sich nach vorangegangenen <a href=\"http:\/\/marburg.news\/?p=18786\">Aktionen auf der Universit\u00e4tsstra\u00dfe<\/a> wieder an und interagiert mit einer Zufalls-\u00d6ffentlichkeit. Die Fahrbahn von Autos als Symbol fossiler Lebensweise sei der &#8222;einzige \u00f6ffentliche &#8211; gut erreichbare &#8211; sinnvolle und zwangsl\u00e4ufig notwendige Ausdrucksraum, um Gef\u00fchle zur Klimakatastrophe im direkten Zusammenhang zu deren Bedingungen zu symbolisieren und gleichsam die Entschlossenheit, dass ich als Frau und Mutter nicht tatenlos zuschauen werde, wie eine Clique alter M\u00e4nner die Welt verbrennt&#8220;. Im klar eingegrenzten sozial ad\u00e4quaten zeitlichen Rahmen entsteht ein herausfordernd kreativer Raum f\u00fcr alle Teilnehmenden, sich im Sinne von F\u00fcrsorglichkeit, Mitgef\u00fchl und Verantwortung f\u00fcr den Schutz der Zukunft gegen fossile Politik und petromaskuline Gewalt zu wenden.<br \/>\nAm Freitag (24. Oktober) von 17 bis 17.15 Uhr werde sie in Marburg am Wilhelmsplatz bei der Fu\u00dfg\u00e4ngerampel in Fahrtrichtung Innenstadt, eine Kunstaktion durchf\u00fchren, mit der sie die St\u00f6rungen durch die Klimakrise symbolisieren will, auf die Gefahren durch fehlenden Klimaschutz hinweisen und zugleich von der Regie\u00adrung fordere, ernsthafte Schutzma\u00dfnahmen durch Klimaschutz zu ergreifen. &#8222;Ich werde dann die Stra\u00dfe \u00fcber eine gr\u00fcne Fu\u00dfg\u00e4ngerampel betreten und die Fahrbahn nicht wieder verlassen&#8220;, k\u00fcndigte Trommer am Montag (20. Oktober) an. &#8222;Ich werde meine H\u00e4nde mit Theaterschminke wei\u00df einf\u00e4rben und \u00fcber meinen Kopf halten. Ich symbolisiere damit meine Hilflosigkeit gegen\u00fcber ausbleibenden Klimaschutz und meine Trauer wegen der Klimakrise.&#8220;<br \/>\nWenn die Autos &#8222;Gr\u00fcn&#8220; erhalten, werde sie nicht weiter gehen. Zum Ausdruck ihrer Gewaltfreiheit werde sie sich hinsetzen und dien H\u00e4nde heben. &#8222;Ich werde mich nicht festkleben oder auf andere Weise schwer machen oder mit Gegenst\u00e4nden verbinden&#8220;, betonte Trommer. &#8222;Vielleicht lege ich mich hin, wenn alle Autos stehen. Vielleicht singe ich sisters of winter von Milck. Ich werde vor 17.15 Uhr nicht freiwillig aufstehen und gehen. Wenn ich davor von der Stra\u00dfe getragen oder gezogen werde, werde ich versuchen, dorthin zur\u00fcckzukehren.&#8220;<br \/>\nSie werde sich in jedem Moment strikt gewaltfrei verhalten, verbal und nonverbal. F\u00fcr Notf\u00e4lle und Rettungseins\u00e4tze werde sie jederzeit Platz<br \/>\nmachen. Sie habe dieses gewaltfreie Verhalten und die Situation in einem Training ge\u00fcbt und wei\u00df, worauf sie sich einl\u00e4sst.<br \/>\n&#8222;Ich fordere von der Bundesregierung, z\u00fcgig Ma\u00dfnahmen f\u00fcr sozial gerechten Klimaschutz einzuleiten&#8220;, erkl\u00e4rte Trommer. &#8222;Ich appelliere an die wartenden Autofahrer**innen, die Wartezeit zu nutzen, um sich ebenfalls an die Bundesregierung zu wenden.&#8220;<\/p>\n<p>* pm: Jana Trommer, Marburg<\/p>\n","protected":false},"excerpt":{"rendered":"<p>Ihre dritte &#8222;Kunstaktion&#8220; zum Klimaschutz hat Jana Trommer f\u00fcr Freitag (24. Oktober) angek\u00fcndigt. Diesmal m\u00f6chte die Marburger Kinder-und Jugendtherapeutin sich am Wilhelmsplatz auf die Stra\u00dfe setzen.<\/p>\n","protected":false},"author":2,"featured_media":0,"comment_status":"closed","ping_status":"open","sticky":false,"template":"","format":"standard","meta":{"advanced_seo_description":"","spay_email":"","jetpack_publicize_message":"","jetpack_is_tweetstorm":false,"jetpack_publicize_feature_enabled":true},"categories":[3,2,4],"tags":[470,5169,506],"jetpack_featured_media_url":"","jetpack_publicize_connections":[],"jetpack_sharing_enabled":true,"jetpack_shortlink":"https:\/\/wp.me\/p8mhvd-4U9","jetpack-related-posts":[{"id":19002,"url":"http:\/\/marburg.news\/?p=19002","url_meta":{"origin":18857,"position":0},"title":"F\u00fcr Klimaschutz: Jana Trommer setzt sich auf die Ketzerbach","date":"10. November 2025","format":false,"excerpt":"Jana Trommer macht weiter. Am Freitag (14. November) will sie in der Ketzerbach aktiv werden. Die Fahrbahn von Autos als Symbol fossiler Lebensweise ist der einzige \u00f6ffentliche - gut erreichbare, sinnvolle und zwangsl\u00e4ufig notwendige - Ausdrucksraum, um Gef\u00fchle zur Klimakatastrophe im direkten Zusammenhang zu deren Bedingungen zu symbolisieren und gleichsam\u2026","rel":"","context":"In &quot;Politik&quot;","img":{"alt_text":"","src":"","width":0,"height":0},"classes":[]},{"id":19761,"url":"http:\/\/marburg.news\/?p=19761","url_meta":{"origin":18857,"position":1},"title":"Im Krisenfall: Jana Trommer sitzt unweit der CDU","date":"23. M\u00e4rz 2026","format":false,"excerpt":"Ihre n\u00e4chste \"Kunstaktion\" f\u00fcr Klimaschutz richtet Jana Trommer direkt an die CDU. Daf\u00fcr hat sie sich eine passende Kreuzung in Marburg ausgesucht. In H\u00f6rweite des CDU-B\u00fcros m\u00f6chte Jana Trommer am Freitag (27. M\u00e4rz) von 16.30 bis 16.45 Uhr auf der Gisselberger Stra\u00dfe beim Fu\u00dfg\u00e4nger\u00fcbergang an der Ecke zur Frankfurter Stra\u00dfe\u2026","rel":"","context":"In &quot;Politik&quot;","img":{"alt_text":"","src":"","width":0,"height":0},"classes":[]},{"id":18941,"url":"http:\/\/marburg.news\/?p=18941","url_meta":{"origin":18857,"position":2},"title":"N\u00e4chste Aktion: Diesmal sitzt Jana Trommer am Pilgrimstein auf der Stra\u00dfe","date":"2. November 2025","format":false,"excerpt":"Eine erneute \"Kunstaktion\" hat die Psychologin Jana Trommer f\u00fcr Freitag (7. November) angek\u00fcndigt. Diesmal soll sie am Pilgrimstein unweit vom Rudolphsplatz stattfinden. Von 17 bis 17.15 Uhr will sich Jana Trommer bei der Fu\u00dfg\u00e4ngerampel am Oberstadtaufzug auf die Stra\u00dfe setzen. Damit m\u00f6chte sie die St\u00f6rungen durch die Klimakrise symbolisiere, auf\u2026","rel":"","context":"In &quot;Politik&quot;","img":{"alt_text":"","src":"","width":0,"height":0},"classes":[]},{"id":19093,"url":"http:\/\/marburg.news\/?p=19093","url_meta":{"origin":18857,"position":3},"title":"Kreuzungen kennenlernen: Jana Trommer sitzt diesmal am Rudolphsplatz","date":"24. November 2025","format":false,"excerpt":"Ihre n\u00e4chste \"Kunstaktion\" f\u00fcr Klimaschutz hat Jana Trommer am Montag (24. November) angek\u00fcndigt. Diesmal will sich die Kinderpsychologin wieder amRudolphsplatz auf die Stra\u00dfe setzen. Stattfinden soll die Aktion am Freitag (28. November) von 16 bis 16.15 Uhr beim Fu\u00dfg\u00e4nger\u00fcbergang \u00fcber die Universit\u00e4tsstra\u00dfe in Richtung S\u00fcden. Mit ihrer allw\u00f6chentlichen \"Kunstaktion\" m\u00f6chte\u2026","rel":"","context":"In &quot;Politik&quot;","img":{"alt_text":"","src":"","width":0,"height":0},"classes":[]},{"id":19677,"url":"http:\/\/marburg.news\/?p=19677","url_meta":{"origin":18857,"position":4},"title":"Gegen Gleichg\u00fcltigkeit: Jana Trommer sitzt diemsal im S\u00fcdviertel","date":"9. M\u00e4rz 2026","format":false,"excerpt":"Jana Trommer macht weiter. Ihre n\u00e4chste \"Kunstaktion\" hat sie f\u00fcr Freitag (13. M\u00e4rz) angek\u00fcndigt. Diesmal m\u00f6chte Jana Trommer ihre allw\u00f6chentliche \"Kunstaktion\" f\u00fcr Klimaschutz auf der Frankfurter Stra\u00dfe beim Fu\u00dfg\u00e4nger\u00fcbergang \"Auf der Weide\" durchf\u00fchren. Mit ihrer Aktion am Freitag (13. M\u00e4rz) von 16.30 bis 16.45 Uhr m\u00f6chte die Marburger Psychologin wieder\u2026","rel":"","context":"In &quot;Kultur&quot;","img":{"alt_text":"","src":"","width":0,"height":0},"classes":[]},{"id":19725,"url":"http:\/\/marburg.news\/?p=19725","url_meta":{"origin":18857,"position":5},"title":"Im Pilgrimstein: Jana Trommer macht hartn\u00e4ckig weiter","date":"17. M\u00e4rz 2026","format":false,"excerpt":"Im Pilgrimstein beim Fu\u00dfg\u00e4nger\u00fcbergang an der Einm\u00fcndung in die Biegenstra\u00dfe m\u00f6chte Jana Trommer ihre n\u00e4chste \"Kunstaktion\" f\u00fcr Klimaschutz durchf\u00fchren. Stattfinden soll sie am Freitag (20. M\u00e4rz) von 16.30 bis 16.45 Uhr. Mit ihrer - immer gleichen - \"Kunstaktion\" m\u00f6chte Jana Trommer \"die St\u00f6rungen durch die Klimakrise\" symbolisieren und \"auf die\u2026","rel":"","context":"In &quot;Kultur&quot;","img":{"alt_text":"","src":"","width":0,"height":0},"classes":[]}],"_links":{"self":[{"href":"http:\/\/marburg.news\/index.php?rest_route=\/wp\/v2\/posts\/18857"}],"collection":[{"href":"http:\/\/marburg.news\/index.php?rest_route=\/wp\/v2\/posts"}],"about":[{"href":"http:\/\/marburg.news\/index.php?rest_route=\/wp\/v2\/types\/post"}],"author":[{"embeddable":true,"href":"http:\/\/marburg.news\/index.php?rest_route=\/wp\/v2\/users\/2"}],"replies":[{"embeddable":true,"href":"http:\/\/marburg.news\/index.php?rest_route=%2Fwp%2Fv2%2Fcomments&post=18857"}],"version-history":[{"count":0,"href":"http:\/\/marburg.news\/index.php?rest_route=\/wp\/v2\/posts\/18857\/revisions"}],"wp:attachment":[{"href":"http:\/\/marburg.news\/index.php?rest_route=%2Fwp%2Fv2%2Fmedia&parent=18857"}],"wp:term":[{"taxonomy":"category","embeddable":true,"href":"http:\/\/marburg.news\/index.php?rest_route=%2Fwp%2Fv2%2Fcategories&post=18857"},{"taxonomy":"post_tag","embeddable":true,"href":"http:\/\/marburg.news\/index.php?rest_route=%2Fwp%2Fv2%2Ftags&post=18857"}],"curies":[{"name":"wp","href":"https:\/\/api.w.org\/{rel}","templated":true}]}}