{"id":18781,"date":"2025-10-02T15:15:00","date_gmt":"2025-10-02T13:15:00","guid":{"rendered":"http:\/\/marburg.news\/?p=18781"},"modified":"2025-10-02T15:15:00","modified_gmt":"2025-10-02T13:15:00","slug":"wanderausstellung-im-waldtal-gesichter-erzaehlen-geschichten","status":"publish","type":"post","link":"http:\/\/marburg.news\/?p=18781","title":{"rendered":"Wanderausstellung im Waldtal: Gesichter erz\u00e4hlen Geschichten"},"content":{"rendered":"<p>Die Wanderausstellung &#8222;Gesichter erz\u00e4hlen Geschichten&#8220; endet im Waldtal am Donnerstag (16. Oktober) mit einer Finissage. Darauf hat die Stadt am Donnerstag (22. Oktober) hingewiesen. <!--more--><br \/>\n&#8222;Gesichter erz\u00e4hlen Geschichten&#8220; hei\u00dft die Wanderausstellung, die derzeit noch im Nachbarschaftszentrum Waldtal am Waidmannsweg zu sehen ist. Die Ausstellung pr\u00e4sentiert Menschen im Alter von 60 bis 90 Jahren aus verschiedenen Stadtteilen Marburgs anhand von Schrift und Bild. Die Ausstellung endet am Donnerstag (16. Oktober) mit Interview, Tanz und Gesang.<br \/>\nDer Fachdienst Altenplanung organisiert in Kooperation mit der Freiwilligenagentur Marburg-Biedenkopf (FAM) und dem Arbeitskreis soziale Brennpunkte (AKSB) die Finissage ab 14:30 Uhr. Dabei erz\u00e4hlt die 90-j\u00e4hrige Hannelore Blanke aus ihrem Leben und leitet f\u00fcr alle G\u00e4ste den traditionellen Tanz &#8222;Hoffmann Lieschen&#8220; an. Die Marburgerin aus dem Stadtteil Weidenhausen ist eine der Personen, die f\u00fcr die Wanderausstellung &#8222;Gesichter erz\u00e4hlen Geschichten&#8220; und f\u00fcr die gleichnamige Stadtschrift portr\u00e4tiert wurden. Am Lebensportr\u00e4t von Hannelore Blanke wird unter anderem deutlich, wie Bewegung und soziale Kontakte zum &#8222;Gut \u00c4lterwerden&#8220; beitragen k\u00f6nnen.<br \/>\nDer Chor &#8222;Golden Girls&#8220; aus dem Stadtteil Waldtal singt au\u00dferdem einige Lieder. F\u00fcr Kaffee und Kuchen sorgt die Gruppe &#8222;50plus im Waldtal&#8220;. W\u00e4hrend der Vernissage im Waldtal, der Ausstellungser\u00f6ffnung, standen vor allem drei Personen mit ihrer Wohnortn\u00e4he undihrer Verbundenheit zum Stadtteil Waldtal \/ Ortenberg im Mittelpunkt der Veranstaltung: Das waren der Marburger Schausteller Adi Ahlendorf und die ebenfalls interviewten Heidrun R\u00f6ger und Horst Jansen.<br \/>\nDie Ausstellung samt gleichnamiger Stadtschrift entwickelte sich w\u00e4hrend der Corona-Zeit unter Beteiligung vieler Marburgerinnen und Marburger. Dabei entstanden schriftliche Kurzportr\u00e4ts \u00fcber die Menschen, die Autorin Katrin V\u00f6lker interviewt hatte, Fotos von Heike Heuser und Gem\u00e4lde von Dr. Sabine Schock. Die erste Vernissage fand 2022 im Beratungszentrum mit integriertem Pflegest\u00fctzpunkt (BiP) statt, die Stadtschrift erschien im selben Jahr.<br \/>\nDas Projekt sowie die weiteren Veranstaltungen in diesem Zusammenhang geh\u00f6ren zum &#8222;Konzept III&#8220; kommunaler Altenplanung &#8222;Gut \u00c4lterwerden in Marburg&#8220;, um Nachbarschafts- und Beteiligungsgruppen sowie Seniorengruppen zu unterst\u00fctzen und dauerhaft zu festigen. Weitere Stadtteile sind nun eingeladen die Wanderausstellung &#8222;Gesichter erz\u00e4hlen Geschichten&#8220; zu sich zu holen beziehungsweise von der Altenplanung bringen zu lassen. Ansprechperson beim Fachdienst Altenplanung ist Petra Heuser mit der Telefonnummer 06421\/201-1844.<br \/>\nDie Finissage ist f\u00fcr Interessierte aus allen Stadtteilen kostenfrei. Die Marburger Stadtschrift (MSS) Nr. 166 &#8222;Marburg erinnern. Gesichter erz\u00e4hlen Geschichten&#8220; kostet 5,50 Euro und kann vor Ort erworben werden. Eine Bestellung ist auch m\u00f6glich \u00fcber das Bestellformular auf <a href=\"http:\/\/www.marburg.de\/stadtschriften\">www.marburg.de\/stadtschriften<\/a>.<\/p>\n<p>* pm: Stadt Marburg<\/p>\n","protected":false},"excerpt":{"rendered":"<p>Die Wanderausstellung &#8222;Gesichter erz\u00e4hlen Geschichten&#8220; endet im Waldtal am Donnerstag (16. Oktober) mit einer Finissage. Darauf hat die Stadt am Donnerstag (22. Oktober) hingewiesen.<\/p>\n","protected":false},"author":2,"featured_media":0,"comment_status":"closed","ping_status":"open","sticky":false,"template":"","format":"standard","meta":{"advanced_seo_description":"","spay_email":"","jetpack_publicize_message":"","jetpack_is_tweetstorm":false,"jetpack_publicize_feature_enabled":true},"categories":[5,3,4],"tags":[674,5910,4260],"jetpack_featured_media_url":"","jetpack_publicize_connections":[],"jetpack_sharing_enabled":true,"jetpack_shortlink":"https:\/\/wp.me\/p8mhvd-4SV","jetpack-related-posts":[{"id":10246,"url":"http:\/\/marburg.news\/?p=10246","url_meta":{"origin":18781,"position":0},"title":"Anfang Ausstellung: Gesichter erz\u00e4hlen Geschichten im BiP","date":"28. Juli 2022","format":false,"excerpt":"Die Ausstellung \"Marburg erinnern - Gesichter erz\u00e4hlen Geschichten\" ist noch bis Oktober im BiP zu sehen. Darauf hat die Stadt am Donnerstag (28. Juli) hingewiesen. \"Marburg erinnern - Gesichter erz\u00e4hlen Geschichten\" hei\u00dft eine Ausstellung im Beratungszentrum mit integriertem Pflegest\u00fctzpunkt (BiP) am Rudolphsplatz, die noch bis Freitag (7. Oktober) zu sehen\u2026","rel":"","context":"In &quot;Bildung&quot;","img":{"alt_text":"","src":"","width":0,"height":0},"classes":[]},{"id":10846,"url":"http:\/\/marburg.news\/?p=10846","url_meta":{"origin":18781,"position":1},"title":"Ged\u00e4chtnissicherung: Wanderausstellung &#8222;Gesichter erz\u00e4hlen Geschichten&#8220;","date":"10. Oktober 2022","format":false,"excerpt":"Die Ausstellung \"Gesichter erz\u00e4hlen Geschichten\" geht auf Wanderschaft. Zuvor feierte sie eine Finissage im BiP. Die Ausstellung \"Marburg erinnern - Gesichter erz\u00e4hlen Geschichten\" im Rahmen des Stadtjubil\u00e4ums \"Marburg800\" gew\u00e4hrt Einblicke in die Lebensgeschichte von 19 Marburger*innen. Bereits seit April war sie im Beratungszentrum mit integriertem Pflegest\u00fctzpunkt (BiP) zu sehen, doch\u2026","rel":"","context":"In &quot;Kultur&quot;","img":{"alt_text":"","src":"","width":0,"height":0},"classes":[]},{"id":9213,"url":"http:\/\/marburg.news\/?p=9213","url_meta":{"origin":18781,"position":2},"title":"F\u00fcr Vergangenheit: 19 Gesichter erz\u00e4hlen Geschichte","date":"11. April 2022","format":false,"excerpt":"Die Ausstellung \"Gesichter erz\u00e4hlen Geschichten\" bietet Einblicke in das Leben von 19 Marburger*innen. Zugleich werden sie in einer neuen Stadtschrift vorgestellt. Die neue Marburg800-Ausstellung \"Marburg erinnern - Gesichter erz\u00e4hlen Geschichten\" ist bis (7. Oktober) am Rudolphsplatz ge\u00f6ffnet. Im Mittelpunkt der Ausstellung stehen Fotografien von Heike Heuser und Gem\u00e4lde von Dr.\u2026","rel":"","context":"In &quot;Bildung&quot;","img":{"alt_text":"","src":"","width":0,"height":0},"classes":[]},{"id":18605,"url":"http:\/\/marburg.news\/?p=18605","url_meta":{"origin":18781,"position":3},"title":"Im Kreishaus: Wanderausstellung &#8222;HPV hat viele Gesichter&#8220;","date":"28. August 2025","format":false,"excerpt":"Die Wanderausstellung \"HPV hat viele Gesichter\" kommt Ende September nach Marburg. Das hat die Hessische Gesundheitsministerin Diana Stolz am Donnerstag (28. August) angek\u00fcndigt. \"Es ist so wichtig, Eltern und junge Menschen \u00fcber das HPV-Virus zu informieren\" erkl\u00e4rte die Ministerin in Wiesbaden. Anl\u00e4sslich der Nationalen Krebspr\u00e4ventionswoche im September 2025 wirbt die\u2026","rel":"","context":"In &quot;Bildung&quot;","img":{"alt_text":"","src":"","width":0,"height":0},"classes":[]},{"id":18715,"url":"http:\/\/marburg.news\/?p=18715","url_meta":{"origin":18781,"position":4},"title":"Gemeingef\u00e4hrlich: Wanderausstellung \u00fcber HPV im Kreishaus","date":"18. September 2025","format":false,"excerpt":"Eine Wanderausstellung \u00fcber Humane Papillomviren (HPV) wird bis Mittwoch (1. Oktober) im Landratsamt gezeigt. Landrat Jens Womelsdorf er\u00f6ffnet die Ausstellung am Dienstag (23. September). Die Wanderausstellung \"HPV hat viele Gesichter\" er\u00f6ffnet Landrat Jens Womelsdorf am Dienstag (23. September) um 17.30 Uhr Im Foyer des Landratsamts \"Im Lichtenholz\" 60 in Cappel.\u2026","rel":"","context":"In &quot;Bildung&quot;","img":{"alt_text":"","src":"","width":0,"height":0},"classes":[]},{"id":18676,"url":"http:\/\/marburg.news\/?p=18676","url_meta":{"origin":18781,"position":5},"title":"Zumeist zuversichtlich: Ausstellung kl\u00e4rt \u00fcber Impfungen gegen Krebsrisiko auf","date":"10. September 2025","format":false,"excerpt":"Aufkl\u00e4rung und Vorbeugung verspricht eine Ausstellung \u00fcber Humane Papillomviren (HPV) im Landratsamt. Diese Viren k\u00f6nnen Krebs ausl\u00f6sen. Er\u00f6ffnen wird Landrat Jens Womelsdorf die Wanderausstellung \"HPV hat viele Gesichter\" des deutschen Krebsforschungszentrums am Dienstag (23. September) im Landratsamt. Die Ausstellung befasst sich mit Humanen Papillomviren (HPV), die unter anderem als Ausl\u00f6ser\u2026","rel":"","context":"In &quot;Bildung&quot;","img":{"alt_text":"","src":"","width":0,"height":0},"classes":[]}],"_links":{"self":[{"href":"http:\/\/marburg.news\/index.php?rest_route=\/wp\/v2\/posts\/18781"}],"collection":[{"href":"http:\/\/marburg.news\/index.php?rest_route=\/wp\/v2\/posts"}],"about":[{"href":"http:\/\/marburg.news\/index.php?rest_route=\/wp\/v2\/types\/post"}],"author":[{"embeddable":true,"href":"http:\/\/marburg.news\/index.php?rest_route=\/wp\/v2\/users\/2"}],"replies":[{"embeddable":true,"href":"http:\/\/marburg.news\/index.php?rest_route=%2Fwp%2Fv2%2Fcomments&post=18781"}],"version-history":[{"count":0,"href":"http:\/\/marburg.news\/index.php?rest_route=\/wp\/v2\/posts\/18781\/revisions"}],"wp:attachment":[{"href":"http:\/\/marburg.news\/index.php?rest_route=%2Fwp%2Fv2%2Fmedia&parent=18781"}],"wp:term":[{"taxonomy":"category","embeddable":true,"href":"http:\/\/marburg.news\/index.php?rest_route=%2Fwp%2Fv2%2Fcategories&post=18781"},{"taxonomy":"post_tag","embeddable":true,"href":"http:\/\/marburg.news\/index.php?rest_route=%2Fwp%2Fv2%2Ftags&post=18781"}],"curies":[{"name":"wp","href":"https:\/\/api.w.org\/{rel}","templated":true}]}}