{"id":18780,"date":"2025-10-02T15:01:42","date_gmt":"2025-10-02T13:01:42","guid":{"rendered":"http:\/\/marburg.news\/?p=18780"},"modified":"2025-10-02T15:01:42","modified_gmt":"2025-10-02T13:01:42","slug":"alkohol-im-atem-fluchtversuch-scheiterte-in-wehrda","status":"publish","type":"post","link":"http:\/\/marburg.news\/?p=18780","title":{"rendered":"Alkohol im Atem: Fluchtversuch scheiterte in Wehrda"},"content":{"rendered":"<p>Gescheitert ist der Fahrer eines gr\u00fcnen Fords am Mittwoch (1. Oktober) bei dem Versuch, sich einer Fahrzeugkontrolle der Polizei zu entziehen. Der 43-j\u00e4hrige Mann war mit seinem Auto gegen 23.40 Uhr auf der Go\u00dffeldener Stra\u00dfe unterwegs. <!--more--><br \/>\nEr missachtete die Anhaltesignale der Polizeistreife und fuhr weiter. Schlie\u00dflich konnte sie ihnnur wenige Meter weiter &#8222;Am Wei\u00dfen Stein&#8220; stoppen. W\u00e4hrend der Kontrolle wurde schnell der Grund f\u00fcr seinen Fluchtversuch klar: Der Mann aus Biedenkopf hatte getrunken.<br \/>\nEin Atemalkoholvortest ergab einen Wert von 1,6 Promille. Auf der Wache f\u00fchrte ein Arzt eine Blutentnahme durch. Die Beamten stellten den F\u00fchrerschein des Autofahrers sicher. Auf den 43-j\u00e4hrigen Mann kommt nun ein Strafverfahren wegen seiner Trunkenheitsfahrt zu.<\/p>\n<p>* pm: Polizei Marburg<\/p>\n","protected":false},"excerpt":{"rendered":"<p>Gescheitert ist der Fahrer eines gr\u00fcnen Fords am Mittwoch (1. Oktober) bei dem Versuch, sich einer Fahrzeugkontrolle der Polizei zu entziehen. Der 43-j\u00e4hrige Mann war mit seinem Auto gegen 23.40 Uhr auf der Go\u00dffeldener Stra\u00dfe unterwegs.<\/p>\n","protected":false},"author":2,"featured_media":0,"comment_status":"closed","ping_status":"open","sticky":false,"template":"","format":"standard","meta":{"advanced_seo_description":"","spay_email":"","jetpack_publicize_message":"","jetpack_is_tweetstorm":false,"jetpack_publicize_feature_enabled":true},"categories":[6],"tags":[293,261,16],"jetpack_featured_media_url":"","jetpack_publicize_connections":[],"jetpack_sharing_enabled":true,"jetpack_shortlink":"https:\/\/wp.me\/p8mhvd-4SU","jetpack-related-posts":[{"id":569,"url":"http:\/\/marburg.news\/?p=569","url_meta":{"origin":18780,"position":0},"title":"Kontrollen: Drogen, Alkohol und Hilferufe","date":"2. Juni 2017","format":false,"excerpt":"Keine Lust auf eine Kontrolle durch Zivilfahnder der Kriminalpolizei Marburg hatte ein 26-j\u00e4hriger Mann am Donnerstag (1. Juni) vor dem Hauptbahnhof. Die Beamten nahmen ihn nach einem kurzen Fluchtversuch vorl\u00e4ufig fest. Schnell wurde klar, warum er das Zusammentreffen mit der Polizei unbedingt vermeiden wollte. Die Fahnder stellten bei ihm 16\u2026","rel":"","context":"In &quot;Sonstiges&quot;","img":{"alt_text":"","src":"","width":0,"height":0},"classes":[]},{"id":7341,"url":"http:\/\/marburg.news\/?p=7341","url_meta":{"origin":18780,"position":1},"title":"Huhn mitgenommen: Volltrunkener Mann musste in Behandlung","date":"6. Juli 2021","format":false,"excerpt":"Einen schwierigen wie auch kuriosen Einsatz hatte die Polizei am Montag (5. Juli) gegen 13.20 Uhr an der Umgehungsstra\u00dfe in Cappel. Gleich mehrere Anrufer hatten einen volltrunkenen Mann gemeldet. Schon mehrmals sei er auf die Stra\u00dfe getorkelt, habe sich \u00fcbergeben und trage irgendeinen Vogel mit sich. Die Polizei trauf auf\u2026","rel":"","context":"In &quot;Sonstiges&quot;","img":{"alt_text":"","src":"","width":0,"height":0},"classes":[]},{"id":7406,"url":"http:\/\/marburg.news\/?p=7406","url_meta":{"origin":18780,"position":2},"title":"Sweetheart: Fluchtversuch endete bei Polizei","date":"15. Juli 2021","format":false,"excerpt":"Ein erneuter Fluchtversuch endete mit der Festnahme des Gesuchten. Die Fahnder nahmen am Mittwoch (14. Juli) gegen 16.30 Uhr im Wehrdaer Weg den 20 Jahre alten Deutschen vorl\u00e4ufig fest. Dem - mit Untersuchungshaftbefehl gesuchten - Mann war es am Montag (5. Juli) bei einem ersten Festnahmeversuch durch Hilfe noch gelungen,\u2026","rel":"","context":"In &quot;Sonstiges&quot;","img":{"alt_text":"","src":"","width":0,"height":0},"classes":[]},{"id":13676,"url":"http:\/\/marburg.news\/?p=13676","url_meta":{"origin":18780,"position":3},"title":"Mehr Gewissenlose: Zwei Fahrer wegen Drogen angehalten","date":"21. August 2023","format":false,"excerpt":"Die Autofahrt eines 42-J\u00e4hrigen beendete die Polizei Marburg am Freitag (18. August) um 11:40 Uhr. Der Mann hatte 0,75 Promille und testete positiv auf Kokain. Ein Bluttest wurde von der Polizei veranlasst und eine Weiterfahrt verhindert. Der Autoschl\u00fcssel des Mannes wurde sichergestellt. Bei einer weiteren Kontrolle am Sonntag (20. August)\u2026","rel":"","context":"In &quot;Sonstiges&quot;","img":{"alt_text":"","src":"","width":0,"height":0},"classes":[]},{"id":8388,"url":"http:\/\/marburg.news\/?p=8388","url_meta":{"origin":18780,"position":4},"title":"Bessere Beobachtung: Fluchtversuch auf Feldweg scheiterte","date":"16. Dezember 2021","format":false,"excerpt":"Als ein 49-j\u00e4hriger Rollerfahrer am Mittwoch (15. Dezember) einen Streifenwagen erblickte, gab er Gas. Sein Fluchtversuch endete aber schon nach kurzer Zeit. Schnell kristallisierte sich der Grund des Handelns heraus: Der - gegen 16.30 Uhr auf einem Feldweg fahrende - Mann stand unter Drogeneinfluss und hatte nicht den f\u00fcr den\u2026","rel":"","context":"In &quot;Sonstiges&quot;","img":{"alt_text":"","src":"","width":0,"height":0},"classes":[]},{"id":4742,"url":"http:\/\/marburg.news\/?p=4742","url_meta":{"origin":18780,"position":5},"title":"Unerwartete Auff\u00e4lligkeiten: Vermehrte Kontrollen zu Karneval","date":"19. Februar 2020","format":false,"excerpt":"In der Karnevalszeitkontrolliert die Polizei verst\u00e4rkt!\" Bei solchen Kontrollen am Dienstag (18. Februar) fielen neben nicht angeschnallten und telefonierenden Autofahrern zwei M\u00e4nner besonders auf. Ein 37-J\u00e4hriger Marburger, der ein Auto fuhr ohne den Sicherheitsgurt angelegt zu haben, stand zudem unter Drogeneinfluss. Sein Test reagierte positiv auf Amphetamine. Ein 27-j\u00e4hriger Marburger\u2026","rel":"","context":"In &quot;Sonstiges&quot;","img":{"alt_text":"","src":"","width":0,"height":0},"classes":[]}],"_links":{"self":[{"href":"http:\/\/marburg.news\/index.php?rest_route=\/wp\/v2\/posts\/18780"}],"collection":[{"href":"http:\/\/marburg.news\/index.php?rest_route=\/wp\/v2\/posts"}],"about":[{"href":"http:\/\/marburg.news\/index.php?rest_route=\/wp\/v2\/types\/post"}],"author":[{"embeddable":true,"href":"http:\/\/marburg.news\/index.php?rest_route=\/wp\/v2\/users\/2"}],"replies":[{"embeddable":true,"href":"http:\/\/marburg.news\/index.php?rest_route=%2Fwp%2Fv2%2Fcomments&post=18780"}],"version-history":[{"count":0,"href":"http:\/\/marburg.news\/index.php?rest_route=\/wp\/v2\/posts\/18780\/revisions"}],"wp:attachment":[{"href":"http:\/\/marburg.news\/index.php?rest_route=%2Fwp%2Fv2%2Fmedia&parent=18780"}],"wp:term":[{"taxonomy":"category","embeddable":true,"href":"http:\/\/marburg.news\/index.php?rest_route=%2Fwp%2Fv2%2Fcategories&post=18780"},{"taxonomy":"post_tag","embeddable":true,"href":"http:\/\/marburg.news\/index.php?rest_route=%2Fwp%2Fv2%2Ftags&post=18780"}],"curies":[{"name":"wp","href":"https:\/\/api.w.org\/{rel}","templated":true}]}}