{"id":18773,"date":"2025-10-01T16:10:00","date_gmt":"2025-10-01T14:10:00","guid":{"rendered":"http:\/\/marburg.news\/?p=18773"},"modified":"2025-10-01T16:10:00","modified_gmt":"2025-10-01T14:10:00","slug":"vorwaertsfahren-in-cappel-berauscht-am-steuer","status":"publish","type":"post","link":"http:\/\/marburg.news\/?p=18773","title":{"rendered":"Vorw\u00e4rtsfahren: In Cappel berauscht am Steuer"},"content":{"rendered":"<p>Berauscht setzte sich ein Marburger am Dienstag (30. September) hinter das Steuer seines schwarzen Fords. Gegen 6.15 Uhr prallte er beinahe mit einer Polizeistreife zusammen, die auf der Beltersh\u00e4user Stra\u00dfe unterwegs war. <!--more--><br \/>\nBei einer anschlie\u00dfenden Kontrolle bemerkten die Polizisten Alkoholgeruch bei dem 44-j\u00e4hrigen Autofahrer. Ein Atemalkoholtest brachte es auf beachtliche 1,9 Promille. Die Polizeistreife f\u00fchrte zudem einen Drogenschnelltest durch, der ebenfalls ein positives Ergebnis zeigte.<br \/>\nDer Marburger musste mit auf die Wache. Dort f\u00fchrte ein hinzugezogener Arzt eine Blutentnahme durch. Die Ordnungsh\u00fcter stellten seinen F\u00fchrerschein sicher. Auf ihn kommt nun ein Strafverfahren wegen seiner Drogen- sowie Trunkenheitsfahrt zu.<\/p>\n<p>* pm: Polizei Marburg<\/p>\n","protected":false},"excerpt":{"rendered":"<p>Berauscht setzte sich ein Marburger am Dienstag (30. September) hinter das Steuer seines schwarzen Fords. Gegen 6.15 Uhr prallte er beinahe mit einer Polizeistreife zusammen, die auf der Beltersh\u00e4user Stra\u00dfe unterwegs war.<\/p>\n","protected":false},"author":2,"featured_media":0,"comment_status":"closed","ping_status":"open","sticky":false,"template":"","format":"standard","meta":{"advanced_seo_description":"","spay_email":"","jetpack_publicize_message":"","jetpack_is_tweetstorm":false,"jetpack_publicize_feature_enabled":true},"categories":[6],"tags":[293,637,16],"jetpack_featured_media_url":"","jetpack_publicize_connections":[],"jetpack_sharing_enabled":true,"jetpack_shortlink":"https:\/\/wp.me\/p8mhvd-4SN","jetpack-related-posts":[{"id":19158,"url":"http:\/\/marburg.news\/?p=19158","url_meta":{"origin":18773,"position":0},"title":"Ausgebremst: Ohne F\u00fchrerschein mit Drogen am Steuer","date":"5. Dezember 2025","format":false,"excerpt":"Ein 53-j\u00e4hriger Seat-Fahrer war am Freitag (5. Dezember) berauscht unterwegs. Sein Seat Ibiza geriet am fr\u00fchen Morgen in das Visier einer Marburger Polizeistreife. Gegen 3.30 Uhr kontrollierten die Beamten das Fahrzeug auf der Landesstra\u00dfe 3125 im Abfahrtsbereich der B3-Ausfahrt \"Marburg-S\u00fcd\" bei der S\u00fcdspange Am Krekel. Bei der \u00dcberpr\u00fcfung stellten sie\u2026","rel":"","context":"In &quot;Sonstiges&quot;","img":{"alt_text":"","src":"","width":0,"height":0},"classes":[]},{"id":19869,"url":"http:\/\/marburg.news\/?p=19869","url_meta":{"origin":18773,"position":1},"title":"Fahrt verk\u00fcrzt: Polizei stoppte berauschte Autofahrerin","date":"14. April 2026","format":false,"excerpt":"Berauscht setzte sich eine 32-j\u00e4hrige Frau am Montag (13. April) in Wetter-Am\u00f6nau hinter das Steuer ihres Kleinwagens und fuhr los. Einer Funkstreife der Marburger Polizei fiel der Wagen gegen 13 Uhr in der Raiffeisenstra\u00dfe auf. Bei einer anschlie\u00dfenden Kontrolle stellten die Beamten fest, dass die Fahrerin offenbar unter dem Einfluss\u2026","rel":"","context":"In &quot;Sonstiges&quot;","img":{"alt_text":"","src":"","width":0,"height":0},"classes":[]},{"id":19056,"url":"http:\/\/marburg.news\/?p=19056","url_meta":{"origin":18773,"position":2},"title":"Drogen, Drogen: Berauschte Fahrerin verursachte Unfall","date":"18. November 2025","format":false,"excerpt":"Nach einer Unfallflucht am Freitag (7. November) sucht die Verkehrsunfallermittlerin der Marburger Polizei Zeugen. Eine 54-j\u00e4hrige Fahrerin hatte sich gegen 23 Uhr berauscht hinter das Steuer ihres roten Citroen C3 gesetzt. Im Bachweg fuhr sie in H\u00f6he der Hausnummer 27 mit der Fahrzeugfront gegen einen Betonk\u00fcbel und riss diesen aus\u2026","rel":"","context":"In &quot;Sonstiges&quot;","img":{"alt_text":"","src":"","width":0,"height":0},"classes":[]},{"id":18957,"url":"http:\/\/marburg.news\/?p=18957","url_meta":{"origin":18773,"position":3},"title":"Montag und Mittag: Polizeikontrolle f\u00f6rderte mehrere Delikte zutage","date":"4. November 2025","format":false,"excerpt":"Ein blauer Passat geriet am Montag (3. November) in den Fokus einer Marburger Polizeistreife. Gegen 12.50 Uhr kontrollierten die Beamten ihn in der Neuen Kasseler Stra\u00dfe. Bei der \u00dcberpr\u00fcfung stellten sie fest, dass an dem Auto geklaute Kennzeichen befestigt waren. Zus\u00e4tzlich bestand f\u00fcr den Passat kein g\u00fcltiger Versicherungsschutz. Der 27-j\u00e4hrige\u2026","rel":"","context":"In &quot;Sonstiges&quot;","img":{"alt_text":"","src":"","width":0,"height":0},"classes":[]},{"id":18953,"url":"http:\/\/marburg.news\/?p=18953","url_meta":{"origin":18773,"position":4},"title":"Mercedes fahren: Verfolgungsfahrt wegen 21-j\u00e4hriger Frau","date":"3. November 2025","format":false,"excerpt":"Nach einer Verfolgungsfahrt hat die Polizei am Samstag (1. November) eine 21-j\u00e4hrige Autofahrerin festgenommen. Von einer Zeugin erhielt die Polizei gegen 18.40 Uhr die Mitteilung, dass sich in Lohra eine Frauberauscht hinter das Steuer ihres grauen Mercedes gesetzte habe und in Richtung Kirchhain gefahren sei. Vor der Autofahrt soll sie\u2026","rel":"","context":"In &quot;Sonstiges&quot;","img":{"alt_text":"","src":"","width":0,"height":0},"classes":[]},{"id":6924,"url":"http:\/\/marburg.news\/?p=6924","url_meta":{"origin":18773,"position":5},"title":"F\u00fcr Fahrbahn: Schaden durch Alkohol am Steuer","date":"23. April 2021","format":false,"excerpt":"Ein 23-j\u00e4hriger Autofahrer kam am Donnerstag (22. April) in der Fontanestra\u00dfe mit seinem Auto nach rechts von der Fahrbahn ab und kollidierte mit einer Hecke. An dem Opel entstand dadurch ein Schaden von etwa 2.000 Euro. Die besch\u00e4digte Hecke d\u00fcrfte einen Wert von etwa 800 Euro haben. Die Polizeistreife f\u00fchrte\u2026","rel":"","context":"In &quot;Sonstiges&quot;","img":{"alt_text":"","src":"","width":0,"height":0},"classes":[]}],"_links":{"self":[{"href":"http:\/\/marburg.news\/index.php?rest_route=\/wp\/v2\/posts\/18773"}],"collection":[{"href":"http:\/\/marburg.news\/index.php?rest_route=\/wp\/v2\/posts"}],"about":[{"href":"http:\/\/marburg.news\/index.php?rest_route=\/wp\/v2\/types\/post"}],"author":[{"embeddable":true,"href":"http:\/\/marburg.news\/index.php?rest_route=\/wp\/v2\/users\/2"}],"replies":[{"embeddable":true,"href":"http:\/\/marburg.news\/index.php?rest_route=%2Fwp%2Fv2%2Fcomments&post=18773"}],"version-history":[{"count":0,"href":"http:\/\/marburg.news\/index.php?rest_route=\/wp\/v2\/posts\/18773\/revisions"}],"wp:attachment":[{"href":"http:\/\/marburg.news\/index.php?rest_route=%2Fwp%2Fv2%2Fmedia&parent=18773"}],"wp:term":[{"taxonomy":"category","embeddable":true,"href":"http:\/\/marburg.news\/index.php?rest_route=%2Fwp%2Fv2%2Fcategories&post=18773"},{"taxonomy":"post_tag","embeddable":true,"href":"http:\/\/marburg.news\/index.php?rest_route=%2Fwp%2Fv2%2Ftags&post=18773"}],"curies":[{"name":"wp","href":"https:\/\/api.w.org\/{rel}","templated":true}]}}