{"id":18766,"date":"2025-09-30T17:41:09","date_gmt":"2025-09-30T15:41:09","guid":{"rendered":"http:\/\/marburg.news\/?p=18766"},"modified":"2025-09-30T17:41:09","modified_gmt":"2025-09-30T15:41:09","slug":"im-kirchenkreis-evangelische-waehlen-ihre-gemeinderaete","status":"publish","type":"post","link":"http:\/\/marburg.news\/?p=18766","title":{"rendered":"Im Kirchenkreis: Evangelische w\u00e4hlen ihre Gemeinder\u00e4te"},"content":{"rendered":"<p>Die neuen Kirchenvorst\u00e4nde der EKKW werden amSonntag (26. Oktober) gew\u00e4hlt. Bereits seit Ende Septemberkann per Briefwahl oder online abgestimmt werden. <!--more--><br \/>\n2025 werden in den Kirchengemeinden der Evangelischen Kirche von Kurhessen-Waldeck (EKKW) neue Kirchenvorst\u00e4nde gew\u00e4hlt. Wahltag vor Ort ist am 26. Oktober. Bereits seitEnde September ist es aber m\u00f6glich, seine Stimme per Briefwahl oder online abzugeben.<br \/>\nWarum es so wichtig ist, das &#8211; egal auf welchem Weg &#8211; zu tun, erkl\u00e4rten die beiden Dekane der Kirchenkreise Marburg und Kirchhain. &#8222;Die Kirchenvorstandswahl ist ein Meilenstein in der Zukunftsgestaltung unserer Kirche&#8220;, sagte Dekan Jens Heller vom evangelischen Kirchenkreis Kirchhain. &#8222;Die Herausforderungen f\u00fcr die neuen Kirchenvorst\u00e4nde sieht er als au\u00dfergew\u00f6hnlich gro\u00df an zum Beispiel beim Thema der kirchlichen Geb\u00e4ude.&#8220;<br \/>\nDas Engagement der Kandidatinnen und Kandidaten brauche aber &#8222;R\u00fcckenwind&#8220;. Deshalb sei es so wichtig, dass die Stimmberechtigten in den Gemeinden w\u00e4hlen gehen. Mehr als 600.000 Menschen sind das insgesamt im Gebiet der EKKW und den 600 Kirchengemeinden. 5.298 Kandidatinnen und Kandidaten haben sich gefunden.<br \/>\nDoch das war mancherorts keine leichte Aufgabe. &#8222;Die Demokratie in unserem Land ist leider nicht mehr so selbstverst\u00e4ndlich, wie sie es lange war&#8220;, konstatierte Dekan Dr. Burkhard von D\u00f6rnberg vom evangelischen Kirchenkreis Marburg.<br \/>\nAn die Stelle eines demokratischen Wettbewerbs zu den besten Ideen trete zum Teil Polemik oder auch Resignation, beobachtet von D\u00f6rnberg. Dieser Resignation setzt er das Wort aus dem Matth\u00e4us-Evangelium entgegen: &#8222;Jesus Christus sagt: Ihr seid das Licht der Welt&#8220;. &#8222;Das ist ein Lichtwort hinein in all den Wandel, den Gott mit seiner Kirche offensichtlich vorhat.&#8220;<br \/>\nDie Aufforderung &#8222;Zeichen setzen&#8220; wurde bewusst zum Motto f\u00fcr die Werbekampagne zur Wahl gemacht. Ganz besonders die jungen Menschen sind aufgefordert, die Zukunft ihrer Kirchengemeinden durch die Wahl aktiv mitzugestalten: W\u00e4hlen darf man als Mitglied einer Kirchengemeinde n\u00e4mlich bereits ab 14 Jahren. Neben der M\u00f6glichkeit, am Wahltag selbst &#8211; dem 26. Oktober &#8211; seine Stimme abzugeben, k\u00f6nnen die Stimmberechtigten das seit der vergangenen Woche auch online oder per Briefwahl tun.<br \/>\n\u00dcber das Portal <a href=\"https:\/\/election.polyas.com\/ekkw-wahl2025\/\">election.polyas.com\/ekkw-wahl2025\/<\/a> gelangen Stimmberechtigte mit den Angaben des Geburtsdatums und eines Zugangscodes, den man auf seiner Wahlbenachrichtigung findet, zur Abstimmung. Das ist bis Sonntag (19. Oktober) m\u00f6glich. Nat\u00fcrlich k\u00f6nnen auch Briefwahlunterlagen \u00fcber das zust\u00e4ndige Pfarramt angefordert werden. Alle Fragen beantwortet das Wahlteam der Landeskirche \u00fcber die Mailadresse wahlservice@ekkw.de.<\/p>\n<p>* pm: Evangelischer Kirchenkreis Marburg<\/p>\n","protected":false},"excerpt":{"rendered":"<p>Die neuen Kirchenvorst\u00e4nde der EKKW werden amSonntag (26. Oktober) gew\u00e4hlt. Bereits seit Ende Septemberkann per Briefwahl oder online abgestimmt werden.<\/p>\n","protected":false},"author":2,"featured_media":0,"comment_status":"closed","ping_status":"open","sticky":false,"template":"","format":"standard","meta":{"advanced_seo_description":"","spay_email":"","jetpack_publicize_message":"","jetpack_is_tweetstorm":false,"jetpack_publicize_feature_enabled":true},"categories":[4],"tags":[4390,5416,433],"jetpack_featured_media_url":"","jetpack_publicize_connections":[],"jetpack_sharing_enabled":true,"jetpack_shortlink":"https:\/\/wp.me\/p8mhvd-4SG","jetpack-related-posts":[{"id":18938,"url":"http:\/\/marburg.news\/?p=18938","url_meta":{"origin":18766,"position":0},"title":"Gewissen: Evangelische Kirche w\u00e4hlte Kirchenvorst\u00e4nde","date":"31. Oktober 2025","format":false,"excerpt":"Die Kirchenvorst\u00e4nde sind gew\u00e4hlt. Dabei gibt es gro\u00dfe Unterschiede in Stadt und Land im Kirchenkreis Marburg. In mehr als 600 Gemeinden der Evangelischen Landeskirche von Kurhessen-Waldeck (EKKW) wurden neue Kirchenvorst\u00e4nde gew\u00e4hlt. Von den 607.606 Wahlberechtigten - alle Gemeindemitglieder \u00fcber 14 Jahren - haben 23,8 Prozent ihre Stimme abgegeben. Damit liegt\u2026","rel":"","context":"In &quot;Politik&quot;","img":{"alt_text":"","src":"","width":0,"height":0},"classes":[]},{"id":19393,"url":"http:\/\/marburg.news\/?p=19393","url_meta":{"origin":18766,"position":1},"title":"Vergn\u00fcgte Vertreter: Konfirmanden kicken f\u00fcr ihre Kirchengemeinden","date":"26. Januar 2026","format":false,"excerpt":"Marburg ist am Freitag (30. Januar) Austragungsort f\u00fcr das Finale des \"Konfi-Cup\" auf landeskirchlicher Ebene. In der Sporthalle an der Frankfurter Stra\u00dfe treffen f\u00fcnf Mannschaften aus der Evangelischen Kirche von Kurhessen-Waldeck (EKKW) aufeinander. Dabei werden sie den Sieger des \"Konfi-Cup\" untereinander ausmachen, der dann im bundesweiten Finale antreten darf. Beim\u2026","rel":"","context":"In &quot;Sport&quot;","img":{"alt_text":"","src":"","width":0,"height":0},"classes":[]},{"id":19587,"url":"http:\/\/marburg.news\/?p=19587","url_meta":{"origin":18766,"position":2},"title":"Gleiche Gedanken: Best \u00fcbernimmt Leitung des Kirchenkreisamts","date":"20. Februar 2026","format":false,"excerpt":"Das Kirchenkreisamt in Marburg hat eine neue Chefin. Alexandra Best \u00fcbernimmt seine Leitung. Seit Sonntag (1. Februar) hat das Kirchenkreisamt der beiden Kirchenkreise Marburg und Kirchhain eine neue Leitung: Alexandra Best wird k\u00fcnftig die Verwaltung f\u00fchren. Der bisherige Amtsleiter Gerhard R\u00f6diger \u00fcbernimmt die Leitung eines Pilotprojekts der Evangelischen Kirche von\u2026","rel":"","context":"In &quot;Soziales&quot;","img":{"alt_text":"","src":"","width":0,"height":0},"classes":[]},{"id":11462,"url":"http:\/\/marburg.news\/?p=11462","url_meta":{"origin":18766,"position":3},"title":"Selbst gew\u00e4rmt: Mehr als 5 Millionen f\u00fcr Evangelische Kirche","date":"14. Dezember 2022","format":false,"excerpt":"Mehr als 5 Millionen Euro f\u00fcr diakonische Angebote hat die Evangelische Kirche in Hessen angek\u00fcndigt. Auch lokale Akteure freuen sich \u00fcber dieses Geld aus der Kirchensteuer. Der Millionenbetrag soll diakonische Angebote st\u00e4rken. Diese Nachricht kam am Montag (12. Dezember) von der Evangelischen Kirche in Hessen und Nassau (EKHN), der Evangelischen\u2026","rel":"","context":"In &quot;Soziales&quot;","img":{"alt_text":"","src":"","width":0,"height":0},"classes":[]},{"id":18798,"url":"http:\/\/marburg.news\/?p=18798","url_meta":{"origin":18766,"position":4},"title":"Konsolidierte Kirchenfinanzen: Nicht genug Geld f\u00fcr alle Geb\u00e4ude","date":"7. Oktober 2025","format":false,"excerpt":"Mit einer \"Gr\u00fcnen Liste\" setzt der Evangelische Kirchenkreis Marburg Priorit\u00e4ten beim Erhalt seiner Geb\u00e4ude. Angesichts sinkender Einnahmen muss die Kirche auch bei ihren Bauten sparen. Zu ihrer zweiten Sitzung in diesem Jahr kam die Synode des Evangelischen Kirchenkreises Marburg Anfang Oktober zusammen. Neben der Verabschiedung des Jahresabschlusses 2024 stand eine\u2026","rel":"","context":"In &quot;Kultur&quot;","img":{"alt_text":"","src":"","width":0,"height":0},"classes":[]},{"id":17762,"url":"http:\/\/marburg.news\/?p=17762","url_meta":{"origin":18766,"position":5},"title":"F\u00fcr Leitung: Engagementpreis der Evangelischen Landeskirche f\u00fcr Marburg","date":"31. M\u00e4rz 2025","format":false,"excerpt":"Unter dem Motto \"Lust auf Leitung\" hat die Evangelische Landeskirche einen Engagementpreis vergeben. Marburg\" konnte mit seiner Idee eines partizipatorischen Modells f\u00fcr die Leitung einer Gemeinde \u00fcberzeugen. Die Ausgezeichneten beeindruckten mit innovativen Ideen rund um das Thema Leitungsarbeit: Das Netzwerk UND Marburg, die Frauenarbeit im Kirchenkreis Schmalkalden, der Verband Christlicher\u2026","rel":"","context":"In &quot;Soziales&quot;","img":{"alt_text":"","src":"","width":0,"height":0},"classes":[]}],"_links":{"self":[{"href":"http:\/\/marburg.news\/index.php?rest_route=\/wp\/v2\/posts\/18766"}],"collection":[{"href":"http:\/\/marburg.news\/index.php?rest_route=\/wp\/v2\/posts"}],"about":[{"href":"http:\/\/marburg.news\/index.php?rest_route=\/wp\/v2\/types\/post"}],"author":[{"embeddable":true,"href":"http:\/\/marburg.news\/index.php?rest_route=\/wp\/v2\/users\/2"}],"replies":[{"embeddable":true,"href":"http:\/\/marburg.news\/index.php?rest_route=%2Fwp%2Fv2%2Fcomments&post=18766"}],"version-history":[{"count":0,"href":"http:\/\/marburg.news\/index.php?rest_route=\/wp\/v2\/posts\/18766\/revisions"}],"wp:attachment":[{"href":"http:\/\/marburg.news\/index.php?rest_route=%2Fwp%2Fv2%2Fmedia&parent=18766"}],"wp:term":[{"taxonomy":"category","embeddable":true,"href":"http:\/\/marburg.news\/index.php?rest_route=%2Fwp%2Fv2%2Fcategories&post=18766"},{"taxonomy":"post_tag","embeddable":true,"href":"http:\/\/marburg.news\/index.php?rest_route=%2Fwp%2Fv2%2Ftags&post=18766"}],"curies":[{"name":"wp","href":"https:\/\/api.w.org\/{rel}","templated":true}]}}