{"id":18748,"date":"2025-09-27T18:55:28","date_gmt":"2025-09-27T16:55:28","guid":{"rendered":"http:\/\/marburg.news\/?p=18748"},"modified":"2025-09-27T18:55:28","modified_gmt":"2025-09-27T16:55:28","slug":"grimmige-geschichte-ich-bin-all-hier","status":"publish","type":"post","link":"http:\/\/marburg.news\/?p=18748","title":{"rendered":"Grimmige Geschichte: Ich bin all hier"},"content":{"rendered":"<p>Der flinke Hase l\u00e4uft immer hinterher, so schnell er auch rennt. &#8222;Ich bin all hier&#8220;, ruft der Igel ihm zu. <!--more--><br \/>\n&#8222;Ich bin all hier&#8220;, ruft auch die Igelin. Der stachelige Igel arbeitet eben mit einer List, um den hurtigen Hasen auszutricksen. So ist es aber nicht nur in dem ber\u00fchmten M\u00e4rchen der Br\u00fcder Grimm, sondern auch in der grimmigen Gegenwart Europas.<br \/>\nAustragungsort des zeitgen\u00f6ssischen Wettlaufs zwischen Langohr und Stacheltier ist aber nicht Buxtehude wie bei Jakob und Wilhelm Grimm, sondern Polen, das Baltikum, D\u00e4nemarkt und Norddeutschland. Die Drohnen sind schon da, bevor man sie noch ankommen sah. Sie kreisen \u00fcber Zivilflugh\u00e4fen und Milit\u00e4rbasen, bevor sie dann wieder im Nichts entschwinden.<br \/>\nHinter diesem hybriden Angriffskrieg ohne Kriegserkl\u00e4rung steht mit allerh\u00f6chster Wahrscheinlichkeit der russische Diktator Vladimier Putin. Derzeit testet er aus, wie die NATO auf seine Grenz\u00fcberschreitungen reagiert. Gleichzeitig verm\u00fcllt er die sogenannten &#8222;Sozialen Medien&#8220; weiter mit Hass, Hetze und L\u00fcgenpropaganda.<br \/>\nTrotzalledem gibt es in Marburg immer noch Menschen, die zu einer &#8222;diplomatischen L\u00f6sung&#8220; des Ukraine-Kriegs auffordern. Wie diese angebliche &#8222;L\u00f6sung&#8220; aussehen soll, das bekunden Putins Pl\u00e4rrplapperer im Kreml: Die Ukraine soll sich Russland ergeben!<br \/>\nEin derartiger Diktatfrieden w\u00e4re nicht nur f\u00fcr die Menschen in der Ukraine unertr\u00e4glich und mit Lebensgefahr verkn\u00fcpft, sondern auch f\u00fcr die westlichen Anrainerstaaten. Bekommt Putin einmal das, was er will, wird er nicht z\u00f6gern, weitrzumachen und weitere Staaten anzugreifen. &#8222;Ich bin all hier&#8220; t\u00f6nt es dann m\u00f6glicherweise auch dort von russischen Truppen.<br \/>\nWer sich in Marburg zum willigen Vollstrecker dieses diktators macht, der verl\u00e4sst damit die Grundlage demokratischer Politik und des Internationalen V\u00f6lkerrechts. Ob die Damen und Herren f\u00fcr solche Kriegspropaganda Geld aus Moskau beziehen oder sie nur aus Dummheit verbreiten, ist dabei zweitrangig. Vorrangig ist, diesen L\u00fcgen und Hetzparolen den Boden zu entziehen und ihre weitere Verbreitung zu behindern.<\/p>\n<p>* pm: <a href=\"http:\/\/marburg.news\/team\/fjh\">Franz-Josef Hanke<\/a><\/p>\n","protected":false},"excerpt":{"rendered":"<p>Der flinke Hase l\u00e4uft immer hinterher, so schnell er auch rennt. &#8222;Ich bin all hier&#8220;, ruft der Igel ihm zu.<\/p>\n","protected":false},"author":2,"featured_media":0,"comment_status":"closed","ping_status":"open","sticky":false,"template":"","format":"standard","meta":{"advanced_seo_description":"","spay_email":"","jetpack_publicize_message":"","jetpack_is_tweetstorm":false,"jetpack_publicize_feature_enabled":true},"categories":[3,2],"tags":[7106,6351,701],"jetpack_featured_media_url":"","jetpack_publicize_connections":[],"jetpack_sharing_enabled":true,"jetpack_shortlink":"https:\/\/wp.me\/p8mhvd-4So","jetpack-related-posts":[{"id":18803,"url":"http:\/\/marburg.news\/?p=18803","url_meta":{"origin":18748,"position":0},"title":"Kollektives K\u00fcmmern: Igel nicht mit in die Wohnung nehmen","date":"7. Oktober 2025","format":false,"excerpt":"Im Herbst werden h\u00e4ufig auch tags\u00fcber Igel im eigenen Garten entdeckt. In der Regel ist das kein Grund zur Sorge. Der Herbst ist da - und mit ihm die Igel. Die kleinen Tiere, normalerweise in der D\u00e4mmerung und der Nacht aktiv, sind jetzt aber wieder vermehrt tags\u00fcber zu beobachten. \"Das\u2026","rel":"","context":"In &quot;Bildung&quot;","img":{"alt_text":"","src":"","width":0,"height":0},"classes":[]},{"id":16455,"url":"http:\/\/marburg.news\/?p=16455","url_meta":{"origin":18748,"position":1},"title":"Am Boden: RP gibt Tipps zum Umgang mit Igeln","date":"27. September 2024","format":false,"excerpt":"Im Herbst werden h\u00e4ufig auch tags\u00fcber Igel im eigenen Garten entdeckt. In der Regel ist das kein Grund zur Sorge. Der Herbst ist da - und mit ihm die Igel. Die kleinen Tiere - normalerweise in der D\u00e4mmerung und der Nacht aktiv - sind jetzt aber wieder vermehrt tags\u00fcber zu\u2026","rel":"","context":"In &quot;Bildung&quot;","img":{"alt_text":"","src":"","width":0,"height":0},"classes":[]},{"id":9052,"url":"http:\/\/marburg.news\/?p=9052","url_meta":{"origin":18748,"position":2},"title":"Ber\u00fchrend: Evou Idahor begeistert mit ihrer Musik","date":"24. M\u00e4rz 2022","format":false,"excerpt":"Evou Idahor steht strahlend vor dem Mikrofon. Obwohl ihre Liedtexte von schweren Themen handeln, verleiht Evous Stimme ihnen eine Kraft. Ihre kraftvolle Stimme klingt durch den Raum, w\u00e4hrend ein Drummer und ein Bass-Spieler sie im Hintergrund begleiten. Verletzlichkeit zu zeigen, ist St\u00e4rke: Das ist ihre Message. Evou ist 23 Jahre\u2026","rel":"","context":"In &quot;Kultur&quot;","img":{"alt_text":"Evou Idahor","src":"https:\/\/i0.wp.com\/marburg.news\/wp-content\/uploads\/2022\/03\/IMG_20220228_091112_975.jpg?fit=750%2C1125&resize=350%2C200","width":350,"height":200},"classes":[]},{"id":19482,"url":"http:\/\/marburg.news\/?p=19482","url_meta":{"origin":18748,"position":3},"title":"Hannah K\u00f6nig: Junge StVV-Kandidatin f\u00fcr Die Gr\u00fcnen","date":"7. Februar 2026","format":false,"excerpt":"Hannah K\u00f6nig Seit 2024 lebt Hannah K\u00f6nig in Marburg. Bei der Kommunalwahl am 15. M\u00e4rz 2026 kandidiert sie f\u00fcr Die Gr\u00fcnen zum Stadtparlament. Aus dem Rhein-Main-Gebiet nach Marburg gekommen ist sie zum Studieren. Ihre F\u00e4cher Physik und Wirtschaft sind in der Politik ebenso ungew\u00f6hnlich wie ihr Alter von gerade einmal\u2026","rel":"","context":"In &quot;Politik&quot;","img":{"alt_text":"Hannah K\u00f6nig","src":"https:\/\/i0.wp.com\/marburg.news\/wp-content\/uploads\/2026\/02\/Image.png?resize=350%2C200","width":350,"height":200},"classes":[]},{"id":4391,"url":"http:\/\/marburg.news\/?p=4391","url_meta":{"origin":18748,"position":4},"title":"Ausgezeichnet: Naxina Wienstroer erhielt Gleichberechtigungspreis","date":"7. November 2019","format":false,"excerpt":"F\u00fcr ihr besonderes Engagement f\u00fcr die Chancengleichheit und Geschlechtergerechtigkeit hat die Universit\u00e4tsstadt Marburg Gabriele Naxina Wienstroer mit dem Marburger Gleichberechtigungspreis ausgezeichnet. Oberb\u00fcrgermeister Dr. Thomas Spies und Dr. Marlis Sewering-Wollanek von der Gleichstellungskommission \u00fcberreichten der Diplom-P\u00e4dagogin den mit 2.500 Euro dotierten Preis. \"Die Gleichberechtigung der Geschlechter ist ein zentrales Anliegen der\u2026","rel":"","context":"In &quot;Politik&quot;","img":{"alt_text":"","src":"","width":0,"height":0},"classes":[]},{"id":19968,"url":"http:\/\/marburg.news\/?p=19968","url_meta":{"origin":18748,"position":5},"title":"Gestorben: M\u00e4hroboter gef\u00e4hrden Kleintiere im Garten","date":"30. April 2026","format":false,"excerpt":"M\u00e4hroboter darf man in Marburg nur tags\u00fcber laufen lassen. Das n\u00e4chtliche Betriebsverbot dient dem Schutz von Igeln und Kleintieren. Igel und andere Kleintiere werden seit einigen Jahren vermehrt nachts von M\u00e4hrobotern - oft auch t\u00f6dlich- verletzt. Um sie zu sch\u00fctzen, hat die Untere Naturschutzbeh\u00f6rde (UNB) der Stadt Marburg eine Allgemeinverf\u00fcgung\u2026","rel":"","context":"In &quot;Soziales&quot;","img":{"alt_text":"","src":"","width":0,"height":0},"classes":[]}],"_links":{"self":[{"href":"http:\/\/marburg.news\/index.php?rest_route=\/wp\/v2\/posts\/18748"}],"collection":[{"href":"http:\/\/marburg.news\/index.php?rest_route=\/wp\/v2\/posts"}],"about":[{"href":"http:\/\/marburg.news\/index.php?rest_route=\/wp\/v2\/types\/post"}],"author":[{"embeddable":true,"href":"http:\/\/marburg.news\/index.php?rest_route=\/wp\/v2\/users\/2"}],"replies":[{"embeddable":true,"href":"http:\/\/marburg.news\/index.php?rest_route=%2Fwp%2Fv2%2Fcomments&post=18748"}],"version-history":[{"count":0,"href":"http:\/\/marburg.news\/index.php?rest_route=\/wp\/v2\/posts\/18748\/revisions"}],"wp:attachment":[{"href":"http:\/\/marburg.news\/index.php?rest_route=%2Fwp%2Fv2%2Fmedia&parent=18748"}],"wp:term":[{"taxonomy":"category","embeddable":true,"href":"http:\/\/marburg.news\/index.php?rest_route=%2Fwp%2Fv2%2Fcategories&post=18748"},{"taxonomy":"post_tag","embeddable":true,"href":"http:\/\/marburg.news\/index.php?rest_route=%2Fwp%2Fv2%2Ftags&post=18748"}],"curies":[{"name":"wp","href":"https:\/\/api.w.org\/{rel}","templated":true}]}}