{"id":18747,"date":"2025-09-26T14:54:50","date_gmt":"2025-09-26T12:54:50","guid":{"rendered":"http:\/\/marburg.news\/?p=18747"},"modified":"2025-09-26T14:54:50","modified_gmt":"2025-09-26T12:54:50","slug":"eingeschlagen-scheiben-von-zwei-autos-zerstoert","status":"publish","type":"post","link":"http:\/\/marburg.news\/?p=18747","title":{"rendered":"Eingeschlagen: Scheiben von zwei Autos zerst\u00f6rt"},"content":{"rendered":"<p>Zwei Scheiben von Autos hat ein Unbekannter am Donnerstag (25. September) eingeschlagen. In der Lahnstra\u00dfe schlug er zwischen 8.55 und 10.25 Uhr zu. <!--more--><br \/>\nAnschlie\u00dfend durchsuchte er die Fahrzeuge. Betroffen waren zwei wei\u00dfe VW Up!. Aus einem Wagen nahm sich der Dieb eine Handtasche, die im Fu\u00dfraum lag und von einem Kleidungsst\u00fcck verdeckt war.<br \/>\nIn der Handtasche befand sich neben Ausweisdokumenten und Bankkarten auch Bargeld. Au\u00dferdem nutzte der T\u00e4ter die Bankkarten kurz nach der Tat f\u00fcr mehrere Bezahlvorg\u00e4nge. Im anderen Fahrzeug wurde er nicht f\u00fcndig.<br \/>\nZeugen, die am Donnerstagvormittag verd\u00e4chtige Personen in der Lahnstra\u00dfe wahrgenommen haben, werden gebeten sich mit der Marburger Polizei unter der Telefonnummer 06421\/406-0 in Verbindung zu setzen. Die Polizei r\u00e4t dazu, keine Wertgegenst\u00e4nde im Fahrzeug zu lassen. Von au\u00dfen erkennbare Gegenst\u00e4nde im Fahrzeuginneren &#8211; und sei es lediglich M\u00fcnzgeld in der Mittelkonsole f\u00fcr den Parkscheinautomaten &#8211; k\u00f6nnen Anreize f\u00fcr Langfinger sein.<\/p>\n<p>* pm: Polizei Marburg<\/p>\n","protected":false},"excerpt":{"rendered":"<p>Zwei Scheiben von Autos hat ein Unbekannter am Donnerstag (25. September) eingeschlagen. In der Lahnstra\u00dfe schlug er zwischen 8.55 und 10.25 Uhr zu.<\/p>\n","protected":false},"author":2,"featured_media":0,"comment_status":"closed","ping_status":"open","sticky":false,"template":"","format":"standard","meta":{"advanced_seo_description":"","spay_email":"","jetpack_publicize_message":"","jetpack_is_tweetstorm":false,"jetpack_publicize_feature_enabled":true},"categories":[6],"tags":[151,29,16],"jetpack_featured_media_url":"","jetpack_publicize_connections":[],"jetpack_sharing_enabled":true,"jetpack_shortlink":"https:\/\/wp.me\/p8mhvd-4Sn","jetpack-related-posts":[{"id":18114,"url":"http:\/\/marburg.news\/?p=18114","url_meta":{"origin":18747,"position":0},"title":"Aneignung: Serie von Diebst\u00e4hlen aus Autos","date":"2. Juni 2025","format":false,"excerpt":"Auf unbekannte Weise haben Unbekannte zwei Airbags ausgel\u00f6st. Vermutlich geschah das bei dem Versuch, m\u00f6gliche Wertsachen aus einem braunen VW Jetta zu stehlen. Dabei entstand am Samstag (31. Mai) zwischen 12 und 13 Uhr ein Schaden von etwa 5.000 Euro an dem VW, der zu der Zeit in der Frauenbergstra\u00dfe\u2026","rel":"","context":"In &quot;Sonstiges&quot;","img":{"alt_text":"","src":"","width":0,"height":0},"classes":[]},{"id":19171,"url":"http:\/\/marburg.news\/?p=19171","url_meta":{"origin":18747,"position":1},"title":"Aufgebrochene Autos: Polizei r\u00e4t, nichts im Wagen zur\u00fcckzulassen","date":"8. Dezember 2025","format":false,"excerpt":"Scheiben an zwei Autos wurden zwischen Freitag (5. Dezember) und Sonntag (7. Dezember) in der Innenstadt eingeschlagen. Das meldete die Polizei am Montag (8. Dezember). Ein Unbekannter schlug zwischen Samstag (6. Dezember) ab 23 Uhr und Sonntag (7. Dezember) bis 11 Uhr in der Georg-Voigt-Stra\u00dfe eine Scheibe eines blauen VW\u2026","rel":"","context":"In &quot;Sonstiges&quot;","img":{"alt_text":"","src":"","width":0,"height":0},"classes":[]},{"id":19073,"url":"http:\/\/marburg.news\/?p=19073","url_meta":{"origin":18747,"position":2},"title":"Mitnehmen und mitmachen: Serie von Autoaufbbr\u00fcchen h\u00e4lt an","date":"20. November 2025","format":false,"excerpt":"Zu mehreren Autoaufbr\u00fcchen kam es am Mittwoch (19. November) in Marburg. Zwischen 16.30 und 18.30 Uhr schlug ein Unbekannter in der Uferstra\u00dfe eine Scheibe eines schwarzen Dacia Sandero ein und griff sich eine schwarze Lederhandtasche. In der Zeit von 16 bis 18.05 Uhr zerst\u00f6rte ein Dieb in einem Parkhaus am\u2026","rel":"","context":"In &quot;Sonstiges&quot;","img":{"alt_text":"","src":"","width":0,"height":0},"classes":[]},{"id":18892,"url":"http:\/\/marburg.news\/?p=18892","url_meta":{"origin":18747,"position":3},"title":"Gegen Gier: Keine Gegenst\u00e4nde im Auto zur\u00fccklassen","date":"24. Oktober 2025","format":false,"excerpt":"Scheiben von zwei Fahrzeugen haben Unbekannte zwischen Mittwoch (22. Oktober) und Donnerstag (23. Oktober) eingeschlagen. Die Polizei warnt erneut davor, Gegenst\u00e4nde im Auto zur\u00fcckzulassen. In der Anne-Frank-Stra\u00dfe zerst\u00f6rten sie zwischen Mittwoch (22. Oktober ) nach 18 Uhr und Donnerstag (23. Oktober) vor 6.45 Uhr eine Scheibe eines blauen Opel Crossland.\u2026","rel":"","context":"In &quot;Sonstiges&quot;","img":{"alt_text":"","src":"","width":0,"height":0},"classes":[]},{"id":12882,"url":"http:\/\/marburg.news\/?p=12882","url_meta":{"origin":18747,"position":4},"title":"Autos aufmachen: Scheiben eingeschlagen im Pilgrimstein","date":"15. Juni 2023","format":false,"excerpt":"Die Scheiben von zwei geparkten Autos schlugen Unbekannte im Pilgrimstein ein. Ob etwas aus einem gelben Fiat Panda fehlt, ist bislang nicht bekannt. Den Schaden sch\u00e4tzt die Polizei auf etwa 200 Euro. Aus einem blauen Toyota Aygo fehlte nichts, das Fahrzeuginnere schien nicht durchw\u00fchlt worden zu sein. Eventuell brachen die\u2026","rel":"","context":"In &quot;Sonstiges&quot;","img":{"alt_text":"","src":"","width":0,"height":0},"classes":[]},{"id":1319,"url":"http:\/\/marburg.news\/?p=1319","url_meta":{"origin":18747,"position":5},"title":"Mit Kletteraktion: Einbr\u00fcche, Diebst\u00e4hle, Vandalismus und Unfallflucht","date":"15. November 2017","format":false,"excerpt":"Beim Einbruch in ein Einfamilienhaus am Kornacker erbeutete der T\u00e4ter mehrere Mobiltelefone, ein Tablet und Schmuck. Tatzeit war am Dienstag (14. November) zwischen 7.40 und 18.50 Uhr. Nach ersten Ermittlungen kletterte der T\u00e4ter wohl zun\u00e4chst \u00fcber den Grundst\u00fcckszaun und brach dann durch die aufgebrochene Terrassent\u00fcr ein. Nach den Spuren durchsuchte\u2026","rel":"","context":"In &quot;Sonstiges&quot;","img":{"alt_text":"","src":"","width":0,"height":0},"classes":[]}],"_links":{"self":[{"href":"http:\/\/marburg.news\/index.php?rest_route=\/wp\/v2\/posts\/18747"}],"collection":[{"href":"http:\/\/marburg.news\/index.php?rest_route=\/wp\/v2\/posts"}],"about":[{"href":"http:\/\/marburg.news\/index.php?rest_route=\/wp\/v2\/types\/post"}],"author":[{"embeddable":true,"href":"http:\/\/marburg.news\/index.php?rest_route=\/wp\/v2\/users\/2"}],"replies":[{"embeddable":true,"href":"http:\/\/marburg.news\/index.php?rest_route=%2Fwp%2Fv2%2Fcomments&post=18747"}],"version-history":[{"count":0,"href":"http:\/\/marburg.news\/index.php?rest_route=\/wp\/v2\/posts\/18747\/revisions"}],"wp:attachment":[{"href":"http:\/\/marburg.news\/index.php?rest_route=%2Fwp%2Fv2%2Fmedia&parent=18747"}],"wp:term":[{"taxonomy":"category","embeddable":true,"href":"http:\/\/marburg.news\/index.php?rest_route=%2Fwp%2Fv2%2Fcategories&post=18747"},{"taxonomy":"post_tag","embeddable":true,"href":"http:\/\/marburg.news\/index.php?rest_route=%2Fwp%2Fv2%2Ftags&post=18747"}],"curies":[{"name":"wp","href":"https:\/\/api.w.org\/{rel}","templated":true}]}}