{"id":18744,"date":"2025-09-25T15:27:53","date_gmt":"2025-09-25T13:27:53","guid":{"rendered":"http:\/\/marburg.news\/?p=18744"},"modified":"2025-09-25T15:27:53","modified_gmt":"2025-09-25T13:27:53","slug":"gespart-gruene-kritisieren-cdu-plaene-zur-kinderbetreuung","status":"publish","type":"post","link":"http:\/\/marburg.news\/?p=18744","title":{"rendered":"Gespart: Gr\u00fcne kritisieren CDU-Pl\u00e4ne zur Kinderbetreuung"},"content":{"rendered":"<p>&#8222;Es ist ein Armutszeugnis, dass die CDU bei der Suche nach Einsparm\u00f6glichkeiten ausgerechnet bei der Kinderbetreuung anfangen will&#8220;, kritisierten die Marburger Gr\u00fcnen. Stadtvorstandssprecher Friedhelm Nonne wies die j\u00fcngste Forderung des CDU-Haushaltsexperten Roger Pfalz scharf zur\u00fcck. <!--more--><br \/>\nPfalz hatte f\u00fcr eine Absenkung der Qualit\u00e4t der Kinderbetreuung in Marburg pl\u00e4diert. &#8222;Die st\u00e4dtischen Ausgaben m\u00fcssen runter, es muss gespart werden&#8220;, erkl\u00e4rte Nonne. &#8222;Das ist auch aus unserer Sicht eine \u00fcberf\u00e4llige Aufgabe. Aber man darf nicht bei der Kinderbetreuung beginnen.&#8220;<br \/>\nSie sei &#8222;eine st\u00e4dtische Aufgabe, deren Qualit\u00e4t und Zuverl\u00e4ssigkeit f\u00fcr die Entwicklung unserer J\u00fcngsten, gro\u00dfe Teile der Bev\u00f6lkerung, f\u00fcr die Universit\u00e4t, das Klinikum, den Pharmastandort und die gesamte Wirtschaft von zentraler Bedeutung ist&#8220;. Die Gr\u00fcnen sagen: &#8222;H\u00e4nde weg von guter Kinderbetreuung &#8211; Marburg muss eine familienfreundliche Stadt bleiben!&#8220;<br \/>\nF\u00fcr Die Gr\u00fcnen stehen andere Sparm\u00f6glichkeiten im Vordergrund. So wurden in den letzten Jahren andere Bereiche der Verwaltung &#8211; oft ohne zwingende Gr\u00fcnde &#8211; massiv ausgeweitet. das solle man wieder zur\u00fcckfahren.<br \/>\nNonne betonte weiter: &#8222;Nat\u00fcrlich ist auch der Betreuungsbereich nicht unantastbar. \u00dcber eine Aktualisierung der seit l\u00e4ngerem unver\u00e4nderten Geb\u00fchren kann man diskutieren, wenn sie sozial gestaffelt wird. Aber eine Verschlechterung der Qualit\u00e4t ist mit uns nicht zu machen.&#8220;<\/p>\n<p>* pm: Stadtfraktion B\u00fcndnis 90\/Die Gr\u00fcnen Marburg<\/p>\n","protected":false},"excerpt":{"rendered":"<p>&#8222;Es ist ein Armutszeugnis, dass die CDU bei der Suche nach Einsparm\u00f6glichkeiten ausgerechnet bei der Kinderbetreuung anfangen will&#8220;, kritisierten die Marburger Gr\u00fcnen. Stadtvorstandssprecher Friedhelm Nonne wies die j\u00fcngste Forderung des CDU-Haushaltsexperten Roger Pfalz scharf zur\u00fcck.<\/p>\n","protected":false},"author":2,"featured_media":0,"comment_status":"closed","ping_status":"open","sticky":false,"template":"","format":"standard","meta":{"advanced_seo_description":"","spay_email":"","jetpack_publicize_message":"","jetpack_is_tweetstorm":false,"jetpack_publicize_feature_enabled":true},"categories":[5,2,4],"tags":[1776,165,892],"jetpack_featured_media_url":"","jetpack_publicize_connections":[],"jetpack_sharing_enabled":true,"jetpack_shortlink":"https:\/\/wp.me\/p8mhvd-4Sk","jetpack-related-posts":[{"id":2244,"url":"http:\/\/marburg.news\/?p=2244","url_meta":{"origin":18744,"position":0},"title":"Qualit\u00e4t und Quantit\u00e4t: Stadtr\u00e4tin Dinnebier zum Stand der Kinderbetreuung","date":"19. Mai 2018","format":false,"excerpt":"Die Stadt baut ihre Kinderbetreuung massiv aus. Allein im ersten Halbjahr 2018 entstehen rund 110 Ganztagspl\u00e4tze f\u00fcr Kinder von 0 bis sechs Jahre. Dabei gehen der Ausbau und die Qualit\u00e4t immer Hand in Hand, betonte Stadtr\u00e4tin Kirsten Dinnebier: \"Es l\u00e4uft toll. Wir kommen sehr gut voran.\" Mitte November hatte die\u2026","rel":"","context":"In &quot;Bildung&quot;","img":{"alt_text":"","src":"","width":0,"height":0},"classes":[]},{"id":1321,"url":"http:\/\/marburg.news\/?p=1321","url_meta":{"origin":18744,"position":1},"title":"Kinder als Kosten: Marburg vorn bei Qualit\u00e4t und Umfang der Betreuung","date":"16. November 2017","format":false,"excerpt":"Die Kinderbetreuung inMarburg ist \u00fcberdurchschnittlich. Das hat der Hessische Rechnungshof festgestellt. Mit seinem Betreuungsangebot f\u00fcr Kinder von 0 bis sechs Jahren liegt Marburg sowohl in der Qualit\u00e4t als auch im Umfang durchg\u00e4ngig \u00fcber dem Mittelwert aller vergleichbaren hessischen St\u00e4dte. Verglichen hat der Hessische Rechnungshof die Haushalte und Stellenpl\u00e4ne der sieben\u2026","rel":"","context":"In &quot;Bildung&quot;","img":{"alt_text":"","src":"","width":0,"height":0},"classes":[]},{"id":2951,"url":"http:\/\/marburg.news\/?p=2951","url_meta":{"origin":18744,"position":2},"title":"Jetzt anmelden: Bewerbungsfrist f\u00fcr Kindergartenpl\u00e4tze endet am 11. Januar","date":"6. Januar 2019","format":false,"excerpt":"Die Frist f\u00fcr eine Anmeldung zum Kindergarten l\u00e4uft am Freitag (11. Januar) ab. Darauf hat die Stadt hingewiesen. Eltern, die f\u00fcr ihre Kinder im Kindergartenjahr 2019\/2020 den Rechtsanspruch auf einen Kindergartenplatz geltend machen wollen, bittet die Universit\u00e4tsstadt Marburg um Anmeldung bis Freitag (11. Januar). Es geht um Kinder, die zwischen\u2026","rel":"","context":"In &quot;Bildung&quot;","img":{"alt_text":"","src":"","width":0,"height":0},"classes":[]},{"id":6111,"url":"http:\/\/marburg.news\/?p=6111","url_meta":{"origin":18744,"position":3},"title":"Studis springen ein: Einzigartiges Kooperationsprojekt sichert Kinderbetreuung","date":"3. Dezember 2020","format":false,"excerpt":"Eine landesweit einzigartige Zusammenarbeit hat die Stadt Marburg initiiert. Studierende helfen bei der Kinderbetreuung. Um die Kinderbetreuung auch in Corona-Zeiten aufrecht zu erhalten, hat die Stadt die Philipps-Universit\u00e4t und die K\u00e4the-Kollwitz-Schule (KKS) um Unterst\u00fctzung gebeten. Die ersten Studierenden wurden bereits an Einrichtungen vermittelt, um dort auszuhelfen. \"Wir sind au\u00dferordentlich dankbar\u2026","rel":"","context":"In &quot;Bildung&quot;","img":{"alt_text":"","src":"","width":0,"height":0},"classes":[]},{"id":1510,"url":"http:\/\/marburg.news\/?p=1510","url_meta":{"origin":18744,"position":4},"title":"Frist f\u00fcr Eltern: Dreij\u00e4hrige bis 12. Januar zum Kindergarten anmelden","date":"2. Januar 2018","format":false,"excerpt":"Bis Freitag (12. Januar) sollten Eltern ihre Kinder f\u00fcr einen Kindergartenplatz im Jahr 2018anmelden. Nur dann k\u00f6nnen sie den Rechtsanspruch auf einen Kindergartenplatz geltend machen. Diesen Rechtsanspruch haben Kinder, die in der Zeit vom 1. August 2018 bis 31. Juli 2019 drei Jahre alt werden. Die Bitte um Anmeldung dient\u2026","rel":"","context":"In &quot;Bildung&quot;","img":{"alt_text":"","src":"","width":0,"height":0},"classes":[]},{"id":4594,"url":"http:\/\/marburg.news\/?p=4594","url_meta":{"origin":18744,"position":5},"title":"Recht auf Betreuung: Bei Kindergarten bis 10. Januar anmelden","date":"5. Januar 2020","format":false,"excerpt":"Eltern, die f\u00fcr ihre Kinder im Kindergartenjahr 2020\/2021 den Rechtsanspruch auf einen Kindergartenplatz geltend machen wollen, bittet die Stadt um Anmeldung bis Freitag (10. Januar). Betroffen davon sind Kinder, die in der Zeit vom 1. August 2020 bis 31. Juli 2021 drei Jahre alt werden. Die Anmeldung dient dem st\u00e4dtischen\u2026","rel":"","context":"In &quot;Bildung&quot;","img":{"alt_text":"","src":"","width":0,"height":0},"classes":[]}],"_links":{"self":[{"href":"http:\/\/marburg.news\/index.php?rest_route=\/wp\/v2\/posts\/18744"}],"collection":[{"href":"http:\/\/marburg.news\/index.php?rest_route=\/wp\/v2\/posts"}],"about":[{"href":"http:\/\/marburg.news\/index.php?rest_route=\/wp\/v2\/types\/post"}],"author":[{"embeddable":true,"href":"http:\/\/marburg.news\/index.php?rest_route=\/wp\/v2\/users\/2"}],"replies":[{"embeddable":true,"href":"http:\/\/marburg.news\/index.php?rest_route=%2Fwp%2Fv2%2Fcomments&post=18744"}],"version-history":[{"count":0,"href":"http:\/\/marburg.news\/index.php?rest_route=\/wp\/v2\/posts\/18744\/revisions"}],"wp:attachment":[{"href":"http:\/\/marburg.news\/index.php?rest_route=%2Fwp%2Fv2%2Fmedia&parent=18744"}],"wp:term":[{"taxonomy":"category","embeddable":true,"href":"http:\/\/marburg.news\/index.php?rest_route=%2Fwp%2Fv2%2Fcategories&post=18744"},{"taxonomy":"post_tag","embeddable":true,"href":"http:\/\/marburg.news\/index.php?rest_route=%2Fwp%2Fv2%2Ftags&post=18744"}],"curies":[{"name":"wp","href":"https:\/\/api.w.org\/{rel}","templated":true}]}}