{"id":18743,"date":"2025-09-25T11:37:10","date_gmt":"2025-09-25T09:37:10","guid":{"rendered":"http:\/\/marburg.news\/?p=18743"},"modified":"2025-09-25T11:37:10","modified_gmt":"2025-09-25T09:37:10","slug":"gemeldet-neue-ehrenamtliche-polizeihelfer-auch-fuer-marburg","status":"publish","type":"post","link":"http:\/\/marburg.news\/?p=18743","title":{"rendered":"Gemeldet: Neue Ehrenamtliche Polizeihelfer auch f\u00fcr Marburg"},"content":{"rendered":"<p>Der Freiwillige Polizeidienst bekommt Verst\u00e4rkung. Zehn neue Ehrenamtliche haben ihrem Dienst aufgenommen. <!--more--><br \/>\nPolizeidirektor Tino Hentrich begr\u00fc\u00dfte am Donnerstag (11. September) zehn Freiwillige Polizeihelfer und -helferinnen im Polizeipr\u00e4sidium Mittelhessen. Der Leiter des Abteilungsstabs \u00fcberreichte ihnen die Ernennungsurkunden mit den besten Gl\u00fcckw\u00fcnschen des Beh\u00f6rdenleiters Polizeipr\u00e4sidenten Torsten Kr\u00fcckemeier.<br \/>\nBevor sie in den St\u00e4dten Marburg, Stadtallendorf, Gie\u00dfen, Bad Nauheim und Bad Vilbel eingesetzt werden, absolvieren die ehrenamtlichen Helfer mehrere Unterrichtseinheiten, in denen sie rechtliche Grundlagen, Eingriffsbefugnisse, Kenntnisse in der Eigensicherung und Erste-Hilfe-Ma\u00dfnahmen erlernen. An die \u00dcbergabe der Urkunden schloss sich ein Austausch mit den Leitern der Ordnungs\u00e4mter sowie den Leitern der zust\u00e4ndigen Polizeistationen an, bevor die sieben Frauen und drei M\u00e4nner ihre Ausr\u00fcstungsgegenst\u00e4nde und ihre Uniform erhielten. Im Anschluss folgte die erste Unterrichtseinheit.<br \/>\nSeit nun mehr als 20 Jahren sind die Freiwilligen Polizeihelfer mittlerweile fester Bestandteil der polizeilich-kommunalen Sicherheitsarchitektur in Hessen. Mehr Sicherheit f\u00fcr die B\u00fcrgerinnen und B\u00fcrger, Unterst\u00fctzung der Vollzugspolizei und aktives Eintreten der Bev\u00f6lkerung gegen Kriminalit\u00e4t sind dabei die Kernpunkte. Der Freiwillige Polizeidienst dient dem Ziel, insbesondere durch das Zeigen von Pr\u00e4senz, Beobachten und Melden von Wahrnehmungen zur \u00f6ffentlichen Sicherheit und Ordnung und vorbeugende Gespr\u00e4che mit den B\u00fcrgerinnen und B\u00fcrgern, die objektive und subjektive Sicherheitslage der St\u00e4dte und Gemeinden weiter zu verbessern.<\/p>\n<p>* pm: Polizei Marburg<\/p>\n","protected":false},"excerpt":{"rendered":"<p>Der Freiwillige Polizeidienst bekommt Verst\u00e4rkung. Zehn neue Ehrenamtliche haben ihrem Dienst aufgenommen.<\/p>\n","protected":false},"author":2,"featured_media":0,"comment_status":"closed","ping_status":"open","sticky":false,"template":"","format":"standard","meta":{"advanced_seo_description":"","spay_email":"","jetpack_publicize_message":"","jetpack_is_tweetstorm":false,"jetpack_publicize_feature_enabled":true},"categories":[4],"tags":[622,3626,16],"jetpack_featured_media_url":"","jetpack_publicize_connections":[],"jetpack_sharing_enabled":true,"jetpack_shortlink":"https:\/\/wp.me\/p8mhvd-4Sj","jetpack-related-posts":[{"id":19141,"url":"http:\/\/marburg.news\/?p=19141","url_meta":{"origin":18743,"position":0},"title":"Gemeldet: Polizeipr\u00e4sidum begr\u00fc\u00dfte zehn neue Freiwillige","date":"3. Dezember 2025","format":false,"excerpt":"Zehn neue Freiwillige Polizeihelferinnen und -helfer wurden am Dienstag (2. Dezember) in Gie\u00dfen willkommen gehei\u00dfen. Auch in Marburg werdeneinige k\u00fcnftig unterwegs sein. Gemeinsam mit Staatssekret\u00e4r Martin R\u00f6\u00dfler begr\u00fc\u00dfte die Leitende Kriminaldirektorin Carina Lerch am Dienstag (2. Dezember) die neuen Freiwilligen Polizeihelferinnen und Polizeihelfer aus dem Bereich des Polizeipr\u00e4sidiums Mittelhessen. Im\u2026","rel":"","context":"In &quot;Soziales&quot;","img":{"alt_text":"","src":"","width":0,"height":0},"classes":[]},{"id":13770,"url":"http:\/\/marburg.news\/?p=13770","url_meta":{"origin":18743,"position":1},"title":"Auf die B\u00e4ume: Neue Zielgruppen f\u00fcr Ehrenamt gewinnen","date":"4. September 2023","format":false,"excerpt":"Wie k\u00f6nnen Vereine neue Zielgruppen f\u00fcr das Ehrenamt gewinnen? Mit dieser Frage laden Landkreis und Freiwilligenagentur zur n\u00e4chsten Ehrenamtskonferenz am Dienstag (26. September). Der Landkreis Marburg-Biedenkopf und die Freiwilligenagentur Marburg-Biedenkopf laden f\u00fcr Dienstag (26. September) zur n\u00e4chsten Ehrenamtskonferenz ein. Im Fokus steht die Frage, wie sich neue Mitstreiterinnen und Mitstreiter\u2026","rel":"","context":"In &quot;Soziales&quot;","img":{"alt_text":"","src":"","width":0,"height":0},"classes":[]},{"id":16363,"url":"http:\/\/marburg.news\/?p=16363","url_meta":{"origin":18743,"position":2},"title":"Alles im Fluss: 50 Freiwillige bei Aktion &#8222;Sauberhafte Lahn&#8220;","date":"18. September 2024","format":false,"excerpt":"50 Freiwillige haben die Lahn von rund einer Tonne M\u00fcll befreit. Das geschah am Samstag (14. September) bei der Aktion \"Sauberhafte Lahn\". Beim Aktionstag \"Sauberhafte Lahn\" trifft \"LahnCleanUp\" haben rund 50 Freiwillige und Ehrenamtliche am und im Wasser der Lahn Abf\u00e4lle gesammelt. Auf der Strecke von Weidenhausen bis zum Wehrdaer\u2026","rel":"","context":"In &quot;Soziales&quot;","img":{"alt_text":"","src":"","width":0,"height":0},"classes":[]},{"id":19339,"url":"http:\/\/marburg.news\/?p=19339","url_meta":{"origin":18743,"position":3},"title":"Freizeitbetreuer: Kreis sucht Freiwillige f\u00fcr Jugendarbeit","date":"14. Januar 2026","format":false,"excerpt":"Der Landkreis sucht ehrenamtliche Betreuungskr\u00e4fte f\u00fcr Freizeiten. Dazu bietet er Informationsveranstaltungen f\u00fcr Interessierte im Januar und Februar an. Auch 2026 sucht der Landkreis Marburg-Biedenkopf mit seinem Fachdienst Jugendf\u00f6rderung engagierte ehrenamtliche Betreuerinnen und Betreuer f\u00fcr sein Freizeit- und Bildungsprogramm. Der Kreis bietet f\u00fcr Interessierte an zwei Terminen die M\u00f6glichkeit, sich \u00fcber\u2026","rel":"","context":"In &quot;Bildung&quot;","img":{"alt_text":"","src":"","width":0,"height":0},"classes":[]},{"id":18704,"url":"http:\/\/marburg.news\/?p=18704","url_meta":{"origin":18743,"position":4},"title":"Ehrenamtliche Entsorgung: Lahnufer und Fluss von M\u00fcll ges\u00e4ubert","date":"16. September 2025","format":false,"excerpt":"Unter dem Motto \"Sauberhafte Lahn trifft LahnCleanU\"p hat wieder eine Sammelaktion von Abf\u00e4llen stattgefunden. Freiwillige befreiten das Lahnufer und den Fluss von Abfall. Auch in diesem Jahr waren wieder tatkr\u00e4ftige Freiwillige unterwegs und haben die Lahnufer von achtlos weggeworfenen Abf\u00e4llen gereinigt. Die DLRG, der bsj Marburg und die Vereinigung Marburger\u2026","rel":"","context":"In &quot;Soziales&quot;","img":{"alt_text":"","src":"","width":0,"height":0},"classes":[]},{"id":13962,"url":"http:\/\/marburg.news\/?p=13962","url_meta":{"origin":18743,"position":5},"title":"Ab morgen: Kreis und Freiwilligenagentur st\u00e4rken Ehrenamt","date":"5. Oktober 2023","format":false,"excerpt":"Der Kreis und die Freiwilligenagentur st\u00e4rken das Ehrenamt auf vielf\u00e4ltigen Wegen. Anneke Gittermann sprach im Landratsamt \u00fcber neue Zielgruppen f\u00fcr freiwilliges Engagement. Um neue Zielgruppen zu erschlie\u00dfen, die sich ehrenamtlich engagieren wollen, k\u00f6nnen Vereine und Initiativen aktiv etwas tun. So lautet das Fazit der Ehrenamtskonferenz des Landkreises und der Freiwilligenagentur\u2026","rel":"","context":"In &quot;Soziales&quot;","img":{"alt_text":"","src":"","width":0,"height":0},"classes":[]}],"_links":{"self":[{"href":"http:\/\/marburg.news\/index.php?rest_route=\/wp\/v2\/posts\/18743"}],"collection":[{"href":"http:\/\/marburg.news\/index.php?rest_route=\/wp\/v2\/posts"}],"about":[{"href":"http:\/\/marburg.news\/index.php?rest_route=\/wp\/v2\/types\/post"}],"author":[{"embeddable":true,"href":"http:\/\/marburg.news\/index.php?rest_route=\/wp\/v2\/users\/2"}],"replies":[{"embeddable":true,"href":"http:\/\/marburg.news\/index.php?rest_route=%2Fwp%2Fv2%2Fcomments&post=18743"}],"version-history":[{"count":0,"href":"http:\/\/marburg.news\/index.php?rest_route=\/wp\/v2\/posts\/18743\/revisions"}],"wp:attachment":[{"href":"http:\/\/marburg.news\/index.php?rest_route=%2Fwp%2Fv2%2Fmedia&parent=18743"}],"wp:term":[{"taxonomy":"category","embeddable":true,"href":"http:\/\/marburg.news\/index.php?rest_route=%2Fwp%2Fv2%2Fcategories&post=18743"},{"taxonomy":"post_tag","embeddable":true,"href":"http:\/\/marburg.news\/index.php?rest_route=%2Fwp%2Fv2%2Ftags&post=18743"}],"curies":[{"name":"wp","href":"https:\/\/api.w.org\/{rel}","templated":true}]}}