{"id":18742,"date":"2025-09-25T11:13:51","date_gmt":"2025-09-25T09:13:51","guid":{"rendered":"http:\/\/marburg.news\/?p=18742"},"modified":"2025-09-25T11:13:51","modified_gmt":"2025-09-25T09:13:51","slug":"geschlossen-stadtbuecherei-bleibt-von-3-bis-6-oktober-zu","status":"publish","type":"post","link":"http:\/\/marburg.news\/?p=18742","title":{"rendered":"Geschlossen: Stadtb\u00fccherei bleibt von 3. bis 6. Oktober zu"},"content":{"rendered":"<p>Die Stadtb\u00fccherei bleibt am Samstag (4. Oktober) geschlossen. Das hat die Stadt Marburg am Donnerstag (25. September) mitgeteilt. <!--more--><br \/>\nAngesichts des Feiertags am Freitag (3. Oktober) bleibt die Stadtb\u00fccherei auch am Samstag (4. Oktober) geschlossen. Von Freitag (3. Oktober) bis Montag (6. Oktober) steht auch die R\u00fcckgabe-Box f\u00fcr Medien-Abgaben nicht zur Verf\u00fcgung. Ab Dienstag (7. Oktober) hat die Stadtb\u00fccherei wieder regul\u00e4r ge\u00f6ffnet. Die \u00d6ffnungszeiten sind auch zu finden unter <a href=\"http:\/\/www.marburg.de\/stadtbuecherei\">www.marburg.de\/stadtbuecherei<\/a>.<\/p>\n<p>* pm: Stadt Marburg<\/p>\n","protected":false},"excerpt":{"rendered":"<p>Die Stadtb\u00fccherei bleibt am Samstag (4. Oktober) geschlossen. Das hat die Stadt Marburg am Donnerstag (25. September) mitgeteilt.<\/p>\n","protected":false},"author":2,"featured_media":0,"comment_status":"closed","ping_status":"open","sticky":false,"template":"","format":"standard","meta":{"advanced_seo_description":"","spay_email":"","jetpack_publicize_message":"","jetpack_is_tweetstorm":false,"jetpack_publicize_feature_enabled":true},"categories":[5,3],"tags":[1056,4445,388],"jetpack_featured_media_url":"","jetpack_publicize_connections":[],"jetpack_sharing_enabled":true,"jetpack_shortlink":"https:\/\/wp.me\/p8mhvd-4Si","jetpack-related-posts":[{"id":16732,"url":"http:\/\/marburg.news\/?p=16732","url_meta":{"origin":18742,"position":0},"title":"Bingo kommunal: W\u00e4hrend Personalversammlung auch Stadtb\u00fccherei dicht","date":"24. Oktober 2024","format":false,"excerpt":"Auch die Stadtb\u00fccherei bleibt am Dienstag (29. Oktober) geschlossen. Darauf hat die Stadt am Donnerstag (24. Oktober) noch einmal extra hingewiesen. Aufgrund einer Personalversammlung der Stadtverwaltung bleibt die Stadtb\u00fccherei am Dienstag (29. Oktober) geschlossen. Auch die Medienr\u00fcckgabebox steht ab 12 Uhr nicht mehr zur Verf\u00fcgung. Die Online-Dienste der Stadtb\u00fccherei k\u00f6nnen\u2026","rel":"","context":"In &quot;Bildung&quot;","img":{"alt_text":"","src":"","width":0,"height":0},"classes":[]},{"id":15261,"url":"http:\/\/marburg.news\/?p=15261","url_meta":{"origin":18742,"position":1},"title":"Vier Tage zu: Stadtb\u00fccherei bleibt \u00fcber Ostern geschlossen","date":"22. M\u00e4rz 2024","format":false,"excerpt":"\u00dcber Ostern bleibt die Stadtb\u00fccherei geschlossen. Das hat die Stadt Marburg am Freitag (22. M\u00e4rz) mitgeteilt. Die Stadtb\u00fccherei ist an den Osterfeiertagen und am Samstag (30. M\u00e4rz) geschlossen. Die Schlie\u00dfung dauert somit von Freitag (29. M\u00e4rz) bis einschlie\u00dflich Montag (1. April). Die Abgabe von Medien \u00fcber die Medienr\u00fcckgabebox ist in\u2026","rel":"","context":"In &quot;Bildung&quot;","img":{"alt_text":"","src":"","width":0,"height":0},"classes":[]},{"id":19900,"url":"http:\/\/marburg.news\/?p=19900","url_meta":{"origin":18742,"position":2},"title":"Langes Wochenende: Stadtb\u00fccherei bleibt am 2. Mai zu","date":"20. April 2026","format":false,"excerpt":"Die Schlie\u00dfung der Stadtb\u00fccherei am Samstag (2. Mai) hat die Stadt Marburg am Montag (20. April) angek\u00fcndigt. F\u00fcr die Besch\u00e4ftigten der Bibliothek gibt es damit ein langes Wochenende. Als \"Tag der Arbeit\" ist der 1. Mai ein bundesweit gesetzlicher Feiertag. Der darauffolgende Samstag (2. Mai) ist f\u00fcr viele ein Br\u00fcckentag\u2026","rel":"","context":"In &quot;Bildung&quot;","img":{"alt_text":"","src":"","width":0,"height":0},"classes":[]},{"id":7553,"url":"http:\/\/marburg.news\/?p=7553","url_meta":{"origin":18742,"position":3},"title":"Sommerschlie\u00dfung: Stadtb\u00fccherei macht Ferien im August","date":"11. August 2021","format":false,"excerpt":"Die Stadtb\u00fccherei bleibt von Montag (16. August) bis Samstag (28. August) geschlossen. Diesen Sommerurlaub hat die Stadt am Mittwoch (11. August) angek\u00fcndigt. Die Stadtb\u00fccherei macht vom 16. bis zum 28. August Urlaub. Deshalb ist sie w\u00e4hrend dieser Zeit f\u00fcr den Publikumsverkehr geschlossen. Die R\u00fcckgabe von Medien \u00fcber die Medienr\u00fcckgabebox ist\u2026","rel":"","context":"In &quot;Bildung&quot;","img":{"alt_text":"","src":"","width":0,"height":0},"classes":[]},{"id":5438,"url":"http:\/\/marburg.news\/?p=5438","url_meta":{"origin":18742,"position":4},"title":"Zwei Wochen: Stadtb\u00fccherei schlie\u00dft f\u00fcr Publikumsverkehr","date":"21. Juli 2020","format":false,"excerpt":"In den Sommerferien bleibt die Stadtb\u00fccherei zwei Wochen land f\u00fcr den Publikumsverkehr geschlossen. Das hat die Stadt Marburg am Dienstag (21. Juli) mitgeteilt. W\u00e4hrend der Zeit von Montag (27. Juli) bis Samstag (8. August) finden in der Stadtb\u00fccherei Renovierungs- und EDV-Wartungsarbeiten statt. Die R\u00fcckgabe von ausgeliehenen Medien ist \u00fcber die\u2026","rel":"","context":"In &quot;Bildung&quot;","img":{"alt_text":"","src":"","width":0,"height":0},"classes":[]},{"id":17189,"url":"http:\/\/marburg.news\/?p=17189","url_meta":{"origin":18742,"position":5},"title":"Verwaltung: St\u00e4dtische Stellen bleiben zwischen den Jahren geschlossen","date":"16. Dezember 2024","format":false,"excerpt":"Stadtverwaltung, B\u00fccherei und AquaMar sind \"zwischen den Jahren\" geschlossen. Das hat die Stadtverwaltung am Montag (16. Dezember) angek\u00fcndigt. An den Weihnachtstagen und in der Zeit bis zum Neujahrstag bleiben die Stadtverwaltung, die Stadtb\u00fccherei und das AquaMar geschlossen. Das gilt f\u00fcr die Zeit von Dienstag (24. Dezember) bis einschlie\u00dflich Mittwoch (1.\u2026","rel":"","context":"In &quot;Soziales&quot;","img":{"alt_text":"","src":"","width":0,"height":0},"classes":[]}],"_links":{"self":[{"href":"http:\/\/marburg.news\/index.php?rest_route=\/wp\/v2\/posts\/18742"}],"collection":[{"href":"http:\/\/marburg.news\/index.php?rest_route=\/wp\/v2\/posts"}],"about":[{"href":"http:\/\/marburg.news\/index.php?rest_route=\/wp\/v2\/types\/post"}],"author":[{"embeddable":true,"href":"http:\/\/marburg.news\/index.php?rest_route=\/wp\/v2\/users\/2"}],"replies":[{"embeddable":true,"href":"http:\/\/marburg.news\/index.php?rest_route=%2Fwp%2Fv2%2Fcomments&post=18742"}],"version-history":[{"count":0,"href":"http:\/\/marburg.news\/index.php?rest_route=\/wp\/v2\/posts\/18742\/revisions"}],"wp:attachment":[{"href":"http:\/\/marburg.news\/index.php?rest_route=%2Fwp%2Fv2%2Fmedia&parent=18742"}],"wp:term":[{"taxonomy":"category","embeddable":true,"href":"http:\/\/marburg.news\/index.php?rest_route=%2Fwp%2Fv2%2Fcategories&post=18742"},{"taxonomy":"post_tag","embeddable":true,"href":"http:\/\/marburg.news\/index.php?rest_route=%2Fwp%2Fv2%2Ftags&post=18742"}],"curies":[{"name":"wp","href":"https:\/\/api.w.org\/{rel}","templated":true}]}}