{"id":18722,"date":"2025-09-20T11:38:52","date_gmt":"2025-09-20T09:38:52","guid":{"rendered":"http:\/\/marburg.news\/?p=18722"},"modified":"2025-09-20T11:38:52","modified_gmt":"2025-09-20T09:38:52","slug":"krimifestival-lesung-mit-anette-hinrichs","status":"publish","type":"post","link":"http:\/\/marburg.news\/?p=18722","title":{"rendered":"Krimifestival: Lesung mit Anette Hinrichs"},"content":{"rendered":"<p>Das Marburger Krimifestival startet am Freitag (26. September) mit einer Lesung von Anette Hinrichs. In der Stadtb\u00fcchereipr\u00e4sentiert sie ihren Roman &#8222;Nordlicht &#8211; Das kalte Grab&#8220;. <!--more--><br \/>\nin eiskalter Doppelmord ersch\u00fcttert die Bewohner der d\u00e4nischen Insel Als: In einem abgelegenen Haus werden die Leichen des deutschen Immobilieninvestors Konrad Dahlmann und seiner Frau aufgefunden. Blut\u00fcberstr\u00f6mt und an einen Heizk\u00f6rper gefesselt. Ein schiefgegangener Raub\u00fcberfall oder steckt ein pers\u00f6nliches Motiv dahinter?<br \/>\nAls eine weitere Leiche auftaucht, nimmt der Fall eine unerwartete Wendung und f\u00fchrt Vibeke Boisen und Rasmus Nyborg von der Sondereinheit GZ Padborg weit in die Vergangenheit in den Eiswinter 1978\/79 . Die Lesung in der Stadtb\u00fccherei an der Ketzerbach beginnt um 20 Uhr. Das komplette Programm ist zu finden unter <a href=\"http:\/\/www.krimifestival-marburg.de\">www.krimifestival-marburg.de<\/a>.<\/p>\n<p>* pm: Kulturelle Aktion Marburg &#8222;Str\u00f6mungen&#8220;<\/p>\n","protected":false},"excerpt":{"rendered":"<p>Das Marburger Krimifestival startet am Freitag (26. September) mit einer Lesung von Anette Hinrichs. In der Stadtb\u00fcchereipr\u00e4sentiert sie ihren Roman &#8222;Nordlicht &#8211; Das kalte Grab&#8220;.<\/p>\n","protected":false},"author":2,"featured_media":0,"comment_status":"closed","ping_status":"open","sticky":false,"template":"","format":"standard","meta":{"advanced_seo_description":"","spay_email":"","jetpack_publicize_message":"","jetpack_is_tweetstorm":false,"jetpack_publicize_feature_enabled":true},"categories":[3],"tags":[7097,4710,438],"jetpack_featured_media_url":"","jetpack_publicize_connections":[],"jetpack_sharing_enabled":true,"jetpack_shortlink":"https:\/\/wp.me\/p8mhvd-4RY","jetpack-related-posts":[{"id":18790,"url":"http:\/\/marburg.news\/?p=18790","url_meta":{"origin":18722,"position":0},"title":"Sichere Spannung: Weitere Veranstaltungen im Krimifestival","date":"6. Oktober 2025","format":false,"excerpt":"Zu weiteren Veranstaltungen des Krimifestivals Marburg hat der Verein \"Str\u00f6mungen\" am Montag (6. Oktober) eingeladen. Besonders hinweisen m\u00f6chte er auf den 17. Oktober, , denn da stellt Jake Lamar seinen Jazzkrimi \"Viper's Dream\" im Jazzclub \"Cavete\" vor. \"S\u00f6rensen macht Urlaub\" hei\u00dft der neue Krimi von Sven Stricker. Vorstellen will der\u2026","rel":"","context":"In &quot;Kultur&quot;","img":{"alt_text":"","src":"","width":0,"height":0},"classes":[]},{"id":16224,"url":"http:\/\/marburg.news\/?p=16224","url_meta":{"origin":18722,"position":1},"title":"Angeregt: Krimifestival startet im September","date":"30. August 2024","format":false,"excerpt":"Mit einer Lesung von Nele Neuhaus beginnt das Krimifestival Marburg am Freitag (6. September) im Cineplex. Angek\u00fcndigt haben das die Veranstalter am Freitag (30. August). Den Auftakt zu der kriminalistischen Veranstaltungsreihe macht am Freitag (6. September) um 20 Uhr im Cineplex die Autorin Nele Neuhaus mit ihrem Kriminalroman \"Monster\". Im\u2026","rel":"","context":"In &quot;Kultur&quot;","img":{"alt_text":"","src":"","width":0,"height":0},"classes":[]},{"id":18165,"url":"http:\/\/marburg.news\/?p=18165","url_meta":{"origin":18722,"position":2},"title":"Gemeinsam gewartet: Lesung mit Charlotte Inden im Cineplex","date":"11. Juni 2025","format":false,"excerpt":"\"Im Warten sind wir wundervoll\" lautet der Titel einer Lesung mit Charlotte Inden. Sie findet am Samtag (28. Juni) im Cineplex statt. Literatur und Film treffen am Samstag (28. Juni) auf Stadt: Zu einer Lesung mit Charlotte Inden l\u00e4dt das Oberstadtb\u00fcro f\u00fcr 15.30 Uhr ins Cineplex Marburg an der Biegenstra\u00dfe\u2026","rel":"","context":"In &quot;Kultur&quot;","img":{"alt_text":"","src":"","width":0,"height":0},"classes":[]},{"id":12202,"url":"http:\/\/marburg.news\/?p=12202","url_meta":{"origin":18722,"position":3},"title":"Kein Kleber: Letzte Generation widerspricht Erpressungsvorwurf","date":"21. M\u00e4rz 2023","format":false,"excerpt":"Dem Erpressungsvorwurf gegen\u00fcber der \"Letzten Generation\" tritt deren Sprecherin Carla Hinrichs vehement entgegen. Sie hat am Dienstag (21. M\u00e4rz) eine Klarstellung dazu ver\u00f6ffentlicht. \"Wir haben in der letzten Woche wahrgenommen, dass sich einige B\u00fcrgermeister*innnen von unseren Worten erpresst f\u00fchlten\", schrieb Hinrichs. \"Wir wollen klarstellen: Unser Ziel ist es, die Bundesregierung\u2026","rel":"","context":"In &quot;Politik&quot;","img":{"alt_text":"","src":"","width":0,"height":0},"classes":[]},{"id":8626,"url":"http:\/\/marburg.news\/?p=8626","url_meta":{"origin":18722,"position":4},"title":"Holocaust-Gedenktag: Am 27. Januar Lesung zu Ravensbr\u00fcck","date":"24. Januar 2022","format":false,"excerpt":"Zum Gedenken an NS-Opfer wehen die Flaggen am Donnerstag (27. Januar) auf halbmast. Zudem f\u00fchrt die Volkshochschule eine Lesung zum KZ Ravensbr\u00fcck durch. Die Flaggen am Rathaus sowie an weiteren \u00f6ffentlichen Geb\u00e4uden der Stadt wehen am Donnerstag (27. Januar) auf halbmast. Erinnert wird damit an die Opfer des Nationalsozialismus. Das\u2026","rel":"","context":"In &quot;Bildung&quot;","img":{"alt_text":"","src":"","width":0,"height":0},"classes":[]},{"id":17634,"url":"http:\/\/marburg.news\/?p=17634","url_meta":{"origin":18722,"position":5},"title":"Dorothea Gr\u00fcnzweig: Gedichte aus dem Herzland von Licht und Dunkel","date":"8. M\u00e4rz 2025","format":false,"excerpt":"Die Lyrikerin Dorothea Gr\u00fcnzweig liest in Marburg. Am Samstag (15. M\u00e4rz) pr\u00e4sentiert sie im Theater neben dem Turm um 19.30 Uhr ihre Gedichte aus dem Herzland von Licht und Dunkel. Dass eine deutsche Schriftstellerin und ein deutscher Pfarrer in Finnland aufeinandertreffen, Freunde werden und er sie Jahre sp\u00e4ter zu einer\u2026","rel":"","context":"In &quot;Kultur&quot;","img":{"alt_text":"","src":"","width":0,"height":0},"classes":[]}],"_links":{"self":[{"href":"http:\/\/marburg.news\/index.php?rest_route=\/wp\/v2\/posts\/18722"}],"collection":[{"href":"http:\/\/marburg.news\/index.php?rest_route=\/wp\/v2\/posts"}],"about":[{"href":"http:\/\/marburg.news\/index.php?rest_route=\/wp\/v2\/types\/post"}],"author":[{"embeddable":true,"href":"http:\/\/marburg.news\/index.php?rest_route=\/wp\/v2\/users\/2"}],"replies":[{"embeddable":true,"href":"http:\/\/marburg.news\/index.php?rest_route=%2Fwp%2Fv2%2Fcomments&post=18722"}],"version-history":[{"count":0,"href":"http:\/\/marburg.news\/index.php?rest_route=\/wp\/v2\/posts\/18722\/revisions"}],"wp:attachment":[{"href":"http:\/\/marburg.news\/index.php?rest_route=%2Fwp%2Fv2%2Fmedia&parent=18722"}],"wp:term":[{"taxonomy":"category","embeddable":true,"href":"http:\/\/marburg.news\/index.php?rest_route=%2Fwp%2Fv2%2Fcategories&post=18722"},{"taxonomy":"post_tag","embeddable":true,"href":"http:\/\/marburg.news\/index.php?rest_route=%2Fwp%2Fv2%2Ftags&post=18722"}],"curies":[{"name":"wp","href":"https:\/\/api.w.org\/{rel}","templated":true}]}}