{"id":18673,"date":"2025-09-10T14:43:34","date_gmt":"2025-09-10T12:43:34","guid":{"rendered":"http:\/\/marburg.news\/?p=18673"},"modified":"2025-09-10T14:43:34","modified_gmt":"2025-09-10T12:43:34","slug":"zumeist-zufrieden-umfrage-brachte-der-stadtbuecherei-lob-ein","status":"publish","type":"post","link":"http:\/\/marburg.news\/?p=18673","title":{"rendered":"Zumeist zufrieden: Umfrage brachte der Stadtb\u00fccherei Lob ein"},"content":{"rendered":"<p>Lob und W\u00fcnsche an die Stadtb\u00fccherei enthalten die Ergebnisse der &#8222;Sentobib&#8220;-Umfrage. Das hat die Stadt am Mittwoch (10. September) mitgeteilt. <!--more--><br \/>\nDie Besucherinnen und Besucher der Marburger Stadtb\u00fccherei sch\u00e4tzen Angebot und Atmosph\u00e4re. Sie haben aber \u00c4nderungsw\u00fcnsche in Bezug auf R\u00e4umlichkeiten und \u00d6ffnungszeiten. Das hat eine Umfrage ergeben, die vor rund einem Jahr stattgefunden hat.<br \/>\n&#8222;Die Stadtb\u00fccherei in Marburg ist bei ihren Nutzer*innen sehr beliebt&#8220;, freute sich Stadtr\u00e4tin Kirsten Dinnebier \u00fcber das Ergebnis der europaweiten Publikumsumfrage f\u00fcr \u00f6ffentliche Bibliotheken &#8222;Sentobib&#8220; im Herbst 2024. &#8222;94 Prozent der Befragten sch\u00e4tzen die Stadtb\u00fccherei als einen vertrauensw\u00fcrdigen, zukunftsorientierten Ort, der Bildung und Kultur in der Stadt stark f\u00f6rdert. Ebenso best\u00e4tigen mehr als 93 Prozent, dass das Bibliothekspersonal freundlich, hilfsbereit und kompetent ist.&#8220;<br \/>\nAktive sowie ehemalige Nutzer*innen und Nichtnutzer*innen hatten die M\u00f6glichkeit, anonym die Angebote der jeweiligen Bibliothek online zu bewerten und W\u00fcnsche, Lob, Kritik oder Verbesserungsvorschl\u00e4ge mitzuteilen. F\u00fcr die Stadtb\u00fccherei Marburg nahmen 1.515 Personen an der Umfrage teil. Die Auswertung zeigt, dass die Nutzenden das Angebot der Stadtb\u00fccherei Marburg sehr positiv bewerten.<br \/>\n&#8222;Sie sehen die Stadtb\u00fccherei als einen zentralen Ort f\u00fcr Bildung, Kultur, Inspiration und gesellschaftliche Begegnung&#8220;, fasste die Stadtr\u00e4tin zusammen. Gleichzeitig bestehe der Wunsch nach mehr Raum, digitaler Weiterentwicklung und flexibleren \u00d6ffnungszeiten, um die Rolle der Bibliothek als \u00f6ffentlichen Begegnungs- und Lernort noch besser zu erf\u00fcllen. So geben beispielsweise rund 78 Prozent der Befragten an, ausreichend Medien zu ihren Interessen in der Stadtb\u00fccherei zu finden &#8211; und 81 Prozent, ihre gesuchten Medien relativ leicht zu finden.<br \/>\nBesonders gefragt sind dabei Romane, Sachb\u00fccher, Kinderb\u00fccher, E-Books und H\u00f6rb\u00fccher. Das Angebot stimme gr\u00f6\u00dftenteils mit den W\u00fcnschen \u00fcberein. Verbesserungsm\u00f6glichkeiten sehen die Nutzenden am ehesten beim Platzangebot f\u00fcr die Medien und deren Pr\u00e4sentation.<br \/>\nKritisch gesehen wird insbesondere die Kinder- und Jugendbibliothek: Insgesamt 60 Prozent gaben aber an, mit der zur Verf\u00fcgung stehenden Raumfl\u00e4che und der Medien-Pr\u00e4sentation zufrieden zu sein. Umfrage-Teilnehmende \u00e4u\u00dfern den Wunsch nach mehr Platz und Aufenthaltsqualit\u00e4t &#8211; unter anderem in Form bequemerer Sitzm\u00f6bel und besserer Beleuchtung, besonders f\u00fcr Kinder. Auch w\u00fcnschen sich einige mehr Lern-Angebote und Veranstaltungen.<br \/>\nMit der Qualit\u00e4t des Veranstaltungsangebots sind die Befragten \u00fcberwiegend zufrieden: bei den Veranstaltungen f\u00fcr Erwachsene sind es 76 Prozent und bei den Veranstaltungen f\u00fcr Kinder 95 Prozent.<br \/>\nF\u00fcr Erwachsene finden Lesungen, Ausstellungen und Spiele-Abende statt. F\u00fcr Kinder finden unter anderem Bilderbuchkinos, Mitmachtheater oder Gaming-Nachmittage statt. Au\u00dferdem gibt es vielf\u00e4ltige Lesef\u00f6rderangebote in Kooperation mit Kitas und Schulen.<br \/>\nRund 67 Prozent der Nutzerinnen und Nutzer sind mit den derzeitigen \u00d6ffnungszeiten zufrieden. Auf der Wunschliste stehen l\u00e4ngere \u00d6ffnungszeiten am Samstag und am Abend \u00fcber 18.30 Uhr hinaus sowie eine \u00d6ffnung am Mittwochnachmittag, an weiteren Vormittagen und am Montag.<br \/>\nStadtr\u00e4tin Dinnebier hebt hervor, dass die Ergebnisse der wissenschaftlichen Umfrage f\u00fcr der Stadtb\u00fccherei die Chance er\u00f6ffnen, ihre Angebote noch st\u00e4rker auf die Bed\u00fcrfnisse der Besucher*innen auszurichten. So gilt es, die Anregungen, W\u00fcnsche und Ver\u00e4nderungsvorschl\u00e4ge im Einzelnen zu pr\u00fcfen, zu priorisieren und &#8211; wenn m\u00f6glich &#8211; umzusetzen. So sollen beispielsweise noch in diesem Jahr durch ein Onleihe-Software-Update digitale Angebote leichter zug\u00e4nglich gemacht werden. Eine ausf\u00fchrlichere Zusammenfassung der &#8211; mehr als 280 Seiten umfassenden &#8211;<br \/>\nStudie ist als pdf-Dokumen auf <a href=\"http:\/\/www.marburg.de\/stadtbuecherei\">www.marburg.de\/stadtbuecherei<\/a> unter &#8222;Weitere Informationen&#8220; und &#8222;Dokumente&#8220; zu finden.<\/p>\n<p>* pm: Stadt Marburg<\/p>\n","protected":false},"excerpt":{"rendered":"<p>Lob und W\u00fcnsche an die Stadtb\u00fccherei enthalten die Ergebnisse der &#8222;Sentobib&#8220;-Umfrage. Das hat die Stadt am Mittwoch (10. September) mitgeteilt.<\/p>\n","protected":false},"author":2,"featured_media":0,"comment_status":"closed","ping_status":"open","sticky":false,"template":"","format":"standard","meta":{"advanced_seo_description":"","spay_email":"","jetpack_publicize_message":"","jetpack_is_tweetstorm":false,"jetpack_publicize_feature_enabled":true},"categories":[5,3],"tags":[7086,388,372],"jetpack_featured_media_url":"","jetpack_publicize_connections":[],"jetpack_sharing_enabled":true,"jetpack_shortlink":"https:\/\/wp.me\/p8mhvd-4Rb","jetpack-related-posts":[{"id":16221,"url":"http:\/\/marburg.news\/?p=16221","url_meta":{"origin":18673,"position":0},"title":"Angeboten: Europaweite Umfrage zu Bibliotheken","date":"30. August 2024","format":false,"excerpt":"Eine europaweite Befragung zu Bibliotheken findet bis Donnerstag (31. Oktober) statt. Mit einer Teilnahme k\u00f6nnen Interessierte die Stadtb\u00fccherei von morgen mitgestalten. Welche Medien fehlen noch in der Stadtb\u00fccherei? Welche Services w\u00fcnschen sich die Nutzerinnen und Nutzer? Um diese und weitere Fragen zu kl\u00e4ren, nimmt die Stadtb\u00fccherei Marburg an einer europaweiten\u2026","rel":"","context":"In &quot;Bildung&quot;","img":{"alt_text":"","src":"","width":0,"height":0},"classes":[]},{"id":6152,"url":"http:\/\/marburg.news\/?p=6152","url_meta":{"origin":18673,"position":1},"title":"Bibliothekare als Detektive: Stadtb\u00fccherei unterst\u00fctzt bei Corona-Nachverfolgung","date":"9. Dezember 2020","format":false,"excerpt":"Die Stadtb\u00fccherei hat ab Montag (14. Dezember) eingeschr\u00e4nkte \u00d6ffnungszeiten. Das Team der Stadtb\u00fccherei unterst\u00fctzt in der Corona-Pandemie das Gesundheitsamt des Landkreises Marburg-Biedenkopf. Mitarbeiterinnen und Mitarbeiter der Stadt helfen bei der Kontaktnachverfolgung, um die Corona-Pandemie einzud\u00e4mmen. Die neuen \u00d6ffnungszeiten der Stadtb\u00fccherei sind dienstags und ffreitags von 12 bis 17 Uhr, donnerstags\u2026","rel":"","context":"In &quot;Bildung&quot;","img":{"alt_text":"","src":"","width":0,"height":0},"classes":[]},{"id":19530,"url":"http:\/\/marburg.news\/?p=19530","url_meta":{"origin":18673,"position":2},"title":"Neuer Rekord: Stadtb\u00fccherei erfreut sich gr\u00f6\u00dfter Beliebtheit","date":"13. Februar 2026","format":false,"excerpt":"570.000 Ausleihen in der Stadtb\u00fccherei sind ein neuer Rekord. Ihn pr\u00e4gt eine starke Nutzung analoger und digitaler Medien. Romane, Sachb\u00fccher und H\u00f6rb\u00fccher, Filme, Musik, Spiele und vieles mehr hat die Marburger Stadtb\u00fccherei zu bieten. 2025 verzeichnet sie die h\u00f6chste Zahl Ausleihen analoger und digitaler Medien in der Geschichte der Stadtb\u00fccherei:\u2026","rel":"","context":"In &quot;Bildung&quot;","img":{"alt_text":"","src":"","width":0,"height":0},"classes":[]},{"id":5438,"url":"http:\/\/marburg.news\/?p=5438","url_meta":{"origin":18673,"position":3},"title":"Zwei Wochen: Stadtb\u00fccherei schlie\u00dft f\u00fcr Publikumsverkehr","date":"21. Juli 2020","format":false,"excerpt":"In den Sommerferien bleibt die Stadtb\u00fccherei zwei Wochen land f\u00fcr den Publikumsverkehr geschlossen. Das hat die Stadt Marburg am Dienstag (21. Juli) mitgeteilt. W\u00e4hrend der Zeit von Montag (27. Juli) bis Samstag (8. August) finden in der Stadtb\u00fccherei Renovierungs- und EDV-Wartungsarbeiten statt. Die R\u00fcckgabe von ausgeliehenen Medien ist \u00fcber die\u2026","rel":"","context":"In &quot;Bildung&quot;","img":{"alt_text":"","src":"","width":0,"height":0},"classes":[]},{"id":8258,"url":"http:\/\/marburg.news\/?p=8258","url_meta":{"origin":18673,"position":4},"title":"Liebevoll Literatur: Stadtb\u00fccherei verleiht Gesamtausgabe von G\u00fcnter Grass","date":"29. November 2021","format":false,"excerpt":"Neuen Lesestoff zum Winter bietet die Stadtb\u00fccherei an. Sie verleiht eine Werkausgabe von G\u00fcnter Grass. Mit der \"Neuen G\u00f6ttinger Ausgabe in 24 B\u00e4nden\" gibt es erstmals eine bibliophil gestaltete, komplette Werkausgabe von G\u00fcnter Grass. Zum Teil wurde sie vom Autoren selbst korrigiert, intensiv ausgew\u00e4hlt und liebevoll gestaltet. Die Kundschaft der\u2026","rel":"","context":"In &quot;Bildung&quot;","img":{"alt_text":"","src":"","width":0,"height":0},"classes":[]},{"id":17363,"url":"http:\/\/marburg.news\/?p=17363","url_meta":{"origin":18673,"position":5},"title":"Ausleihen 2024: Stadtb\u00fccherei meldet neue Rekordzahlen","date":"23. Januar 2025","format":false,"excerpt":"Neue Rekordzahlen hat die Stadtb\u00fccherei am Donnerstag (23. Januar) gemeldet. 2024 wurden dort mehr als 540.000 Medien ausgeliehen. Die Stadtb\u00fccherei der Universit\u00e4tsstadt Marburg leistet einen wichtigen Beitrag zur Bildung von Kindern, Jugendlichen und Erwachsenen; - und sie wird immer beliebter: Im Jahr 2024 wurden 540.000 Medien ausgeliehen. Das sind die\u2026","rel":"","context":"In &quot;Bildung&quot;","img":{"alt_text":"","src":"","width":0,"height":0},"classes":[]}],"_links":{"self":[{"href":"http:\/\/marburg.news\/index.php?rest_route=\/wp\/v2\/posts\/18673"}],"collection":[{"href":"http:\/\/marburg.news\/index.php?rest_route=\/wp\/v2\/posts"}],"about":[{"href":"http:\/\/marburg.news\/index.php?rest_route=\/wp\/v2\/types\/post"}],"author":[{"embeddable":true,"href":"http:\/\/marburg.news\/index.php?rest_route=\/wp\/v2\/users\/2"}],"replies":[{"embeddable":true,"href":"http:\/\/marburg.news\/index.php?rest_route=%2Fwp%2Fv2%2Fcomments&post=18673"}],"version-history":[{"count":0,"href":"http:\/\/marburg.news\/index.php?rest_route=\/wp\/v2\/posts\/18673\/revisions"}],"wp:attachment":[{"href":"http:\/\/marburg.news\/index.php?rest_route=%2Fwp%2Fv2%2Fmedia&parent=18673"}],"wp:term":[{"taxonomy":"category","embeddable":true,"href":"http:\/\/marburg.news\/index.php?rest_route=%2Fwp%2Fv2%2Fcategories&post=18673"},{"taxonomy":"post_tag","embeddable":true,"href":"http:\/\/marburg.news\/index.php?rest_route=%2Fwp%2Fv2%2Ftags&post=18673"}],"curies":[{"name":"wp","href":"https:\/\/api.w.org\/{rel}","templated":true}]}}