{"id":18672,"date":"2025-09-09T16:35:50","date_gmt":"2025-09-09T14:35:50","guid":{"rendered":"http:\/\/marburg.news\/?p=18672"},"modified":"2025-09-09T16:35:50","modified_gmt":"2025-09-09T14:35:50","slug":"am-freitag-gemeinsam-an-einem-tisch-im-eph","status":"publish","type":"post","link":"http:\/\/marburg.news\/?p=18672","title":{"rendered":"Am Freitag: Gemeinsam an einem Tisch im EPH"},"content":{"rendered":"<p>Den Aktionstag &#8222;Gemeinsam an einem Tisch&#8220; hat die Stadt am Dienstag (9. September) angek\u00fcndigt. Am Freitag (12. September) soll er Information, Austausch und Begegnung erm\u00f6glichen. <!--more--><br \/>\nKostenfreies Essen, Musik, Bewegungs- und Bastelangebote sowie Informationsst\u00e4nde rund um die Themen &#8222;Armut&#8220; und &#8222;soziale Leistungen&#8220; gibt es am Aktionstag &#8222;Gemeinsam an einem Tisch&#8220; am Freitag (12. September). Gemeinsam an einem Tisch Platz zu nehmen, ins Gespr\u00e4ch zu kommen, sich zu informieren und miteinander zu essen: Darum geht es bei diesem Aktionstag. Das Netzwerk &#8222;Familie und Armut&#8220; l\u00e4dt alle B\u00fcrgerinnen und B\u00fcrger zwischen 15 und 18 Uhr in die Servicestelle f\u00fcr Soziales und auf den Vorplatz des Erwin-Piscator-Hauses (EPH) an der Biegenstra\u00dfe ein.<br \/>\nNeben Informationen und Beratungen zu sozialen Leistungen und Unterst\u00fctzungsangeboten gibt es kostenfreies Essen sowie Mitmach- und Kulturangebote: Das &#8222;Kultur Mobil&#8220; ist vor Ort. Der Chor &#8222;Joy of Life&#8220; tritt auf; und es gibt Bewegungs- und Bastelaktionen f\u00fcr Jung und Alt. Im Vordergrund stehen bei &#8222;Gemeinsam an einem Tisch&#8220; der Austausch und die pers\u00f6nlichen Gespr\u00e4che.<br \/>\nStadtr\u00e4tin Kirsten Dinnebier er\u00f6ffnet die Veranstaltung um 15 Uhr. &#8222;Armut darf nicht unsichtbar bleiben&#8220;, betonte sie . &#8222;Mit dem Aktionstag Gemeinsam an einem Tisch machen wir das Thema sichtbar, informieren, bieten Unterst\u00fctzung in entspannter Atmosph\u00e4re und machen deutlich: Teilhabe und gute soziale Angebote st\u00e4rken nicht nur Einzelpersonen, sondern die Gemeinschaft und unsere Demokratie.&#8220;<br \/>\nSozialplanerin Monique Meier von der Universit\u00e4tsstadt Marburg erg\u00e4nzte: &#8222;Durch die Zusammenarbeit der vielen unterschiedlichen Partner*innen werden die zahlreichen Unterst\u00fctzungsangebote noch bekannter gemacht. Durch das Kennen und die Inanspruchnahme von Leistungen und Hilfen wird Teilhabe erm\u00f6glicht.&#8220;<br \/>\nDer Aktionstag findet im j\u00e4hrlichen Wechsel mit der Marburger Armutskonferenz als einer Fachveranstaltung statt. Mit dem niederschwelligen Format &#8222;Gemeinsam an einem Tisch&#8220; m\u00f6chte die Stadt die breite \u00d6ffentlichkeit ansprechen, niederschwellig informieren und Begegnungen erm\u00f6glichen. Anlass f\u00fcr die Veranstaltung ist der &#8222;Internationale Tag f\u00fcr die Beseitigung der Armut&#8220; am 17. Oktober.<br \/>\nZu den Partnern des Aktionstags geh\u00f6ren die Agentur f\u00fcr Arbeit, die Familienkasse Hessen, das KreisJobCenter Marburg-Biedenkopf (KJC), die Praxis GmbH, Arbeit und Bildung, die Evangelische Familien-Bildungsst\u00e4tte, die Gemeinwesentr\u00e4ger BSF, AKSB und IKJG, die Kulturloge, der Kinderschutzbund, das SOUL-Netzwerk, Fairdirect, Zonta Marburg, das Pfarramt &#8222;Peter &amp; Paul&#8220; und der Betreuungsverein Forum Betreuung sowie die Freiwilligenagentur. Die Universit\u00e4tsstadt Marburg ist mit mehreren Fachdiensten an der Veranstaltung beteiligt. Die Bek\u00e4mpfung von Armut ist eine gemeinsame Aufgabe von Politik, Verwaltung, Organisationen, Vereinen und lokalen Initiativen.<br \/>\nDas Netzwerk &#8222;Familie und Armut&#8220; des Marburger B\u00fcndnisses f\u00fcr Familie macht auf Armut aufmerksam, setzt sich mit verschiedenen Fragestellungen auseinander und entwickelt Projekte, um auf den erkannten Bedarf zu reagieren und um bestehende Beratungsangebote, finanzielle Hilfen und soziale Leistungen noch bekannter zu machen. Neben dem Aktionstag organisiert die Projektgruppe auch die Marburger Armutskonferenzen, entwickelt Projekte zu erkannten Bed\u00fcrfnissen und informiert zu Beratungsangeboten, finanziellen Hilfen und sozialen Leistungen. Weitere Informationen erhalten Interessierte auf <a href=\"http:\/\/www.marburg.de\/familie_und_armut\">www.marburg.de\/familie_und_armut<\/a>.<\/p>\n<p>* pm: Stadt Marburg<\/p>\n","protected":false},"excerpt":{"rendered":"<p>Den Aktionstag &#8222;Gemeinsam an einem Tisch&#8220; hat die Stadt am Dienstag (9. September) angek\u00fcndigt. Am Freitag (12. September) soll er Information, Austausch und Begegnung erm\u00f6glichen.<\/p>\n","protected":false},"author":2,"featured_media":0,"comment_status":"closed","ping_status":"open","sticky":false,"template":"","format":"standard","meta":{"advanced_seo_description":"","spay_email":"","jetpack_publicize_message":"","jetpack_is_tweetstorm":false,"jetpack_publicize_feature_enabled":true},"categories":[4],"tags":[633,483,7085],"jetpack_featured_media_url":"","jetpack_publicize_connections":[],"jetpack_sharing_enabled":true,"jetpack_shortlink":"https:\/\/wp.me\/p8mhvd-4Ra","jetpack-related-posts":[{"id":10826,"url":"http:\/\/marburg.news\/?p=10826","url_meta":{"origin":18672,"position":0},"title":"Aktionstag gegen Armut: Marburg gemeinsam an einem Tisch","date":"8. Oktober 2022","format":false,"excerpt":"Der internationaler Tag zur Beseitigung der Armut l\u00e4uft unter dem Motto \"Gemeinsam an einem Tisch\". Er m\u00f6chte der Armut Geh\u00f6r verleihen und im Austausch bleiben. Mit einem Aktionstag will die Stadt Marburg in Zusammenarbeit mit zahlreichen Kooperationspartnern anl\u00e4sslich des Internationalen Tags zur Beseitigung der Armut auf das Thema Armutsbek\u00e4mpfung aufmerksam\u2026","rel":"","context":"In &quot;Soziales&quot;","img":{"alt_text":"","src":"","width":0,"height":0},"classes":[]},{"id":11011,"url":"http:\/\/marburg.news\/?p=11011","url_meta":{"origin":18672,"position":1},"title":"Aktion gegen Armut: Gemeinsam an einem Tisch mitten in Marburg","date":"24. Oktober 2022","format":false,"excerpt":"Eine Aktion am \"Tag zur Beseitigung der Armut\" brachte viele \"Gemeinsam an einem Tisch\" mitten in der Stadt. Ort war dabei der Rudolphsplatz. Zum \"internationalen Tag zur Beseitigung der Armut\" fand am Montag (17. Oktober) auf dem Rudolphsplatz eine Aktion unter dem Motto \"Gemeinsam an einem Tisch\" statt. Vor Ort\u2026","rel":"","context":"In &quot;Politik&quot;","img":{"alt_text":"","src":"","width":0,"height":0},"classes":[]},{"id":14115,"url":"http:\/\/marburg.news\/?p=14115","url_meta":{"origin":18672,"position":2},"title":"17. Oktober: Aktionstag zur Bek\u00e4mpfung von Armut","date":"20. Oktober 2023","format":false,"excerpt":"Der 17. Oktober ist der \"Internationale Tag f\u00fcr die Beseitigung der Armut\". Betroffene und Vereine begingen ihn \"Gemeinsam an einem Tisch\" mit buntem Programm am Rudolphsplatz. Zum Internationalen Tag f\u00fcr die Beseitigung der Armut fand mitten in der Stadt, rund um den Brunnen am Rudolphsplatz, der Aktionstag \"Gemeinsam an einem\u2026","rel":"","context":"In &quot;Soziales&quot;","img":{"alt_text":"","src":"","width":0,"height":0},"classes":[]},{"id":5869,"url":"http:\/\/marburg.news\/?p=5869","url_meta":{"origin":18672,"position":3},"title":"Zwei M\u00f6glichkeiten: Aktionstag &#8222;Gemeinsam handeln gegen Armut&#8220;","date":"19. Oktober 2020","format":false,"excerpt":"\"Gemeinsam handeln gegen Armut\" hei\u00dft das Motto eines Aktionstags am Donnerstag (22. Oktober). Mit mehreren dezentralen Aktionen macht das Marburger B\u00fcndnis f\u00fcr Familie in verschiedenen Stadtteilen sowie vor dem Erwin-Piscator-Haus (EPH) auf das Thema Armut aufmerksam. Organisiert werden die Aktionen von der Projektgruppe \"Familie und Armut\" des B\u00fcndnisses, Anlass ist\u2026","rel":"","context":"In &quot;Politik&quot;","img":{"alt_text":"","src":"","width":0,"height":0},"classes":[]},{"id":10125,"url":"http:\/\/marburg.news\/?p=10125","url_meta":{"origin":18672,"position":4},"title":"Besuchende bek\u00f6stigen: Festmahl beim Tisch der Kulturen","date":"14. Juli 2022","format":false,"excerpt":"Ein Festmahl unter freiem Himmel gibt es beim \"Tisch der Kulturen\". Getafelt wird am Freitag (22. Juli) auf dem Lutherischen Kirchhof. Zu einem gro\u00dfen Gastmahl unter freiem Himmel, mitten in der Altstadt Marburgs l\u00e4dt das Oberstadtb\u00fcro f\u00fcr Freitag (22. Juli) von 16 bis 22 Uhr, auf den Lutherischen Kirchhof ein.\u2026","rel":"","context":"In &quot;Kultur&quot;","img":{"alt_text":"","src":"","width":0,"height":0},"classes":[]},{"id":5796,"url":"http:\/\/marburg.news\/?p=5796","url_meta":{"origin":18672,"position":5},"title":"Armes Deutschland: Geplante Konferenz auf 2021 verschoben","date":"3. Oktober 2020","format":false,"excerpt":"Die erste Marburger Armutskonferenz wurde auf 2021 verschoben. Die geplanten Aktionen \"Gemeinsam handeln gegen Armut\" finden aber statt. F\u00fcr Donnerstag (22. Oktober) hatten die Mitglieder der Projektgruppe \"Familie und Armut\" des Marburger B\u00fcndnisses f\u00fcr Familie eine \"Marburger Armutskonferenz\" im Erwin-Piscator-Haus (EPH) geplant. Die Veranstaltung des Fachbereichs Arbeit, Soziales und Wohnen\u2026","rel":"","context":"In &quot;Politik&quot;","img":{"alt_text":"","src":"","width":0,"height":0},"classes":[]}],"_links":{"self":[{"href":"http:\/\/marburg.news\/index.php?rest_route=\/wp\/v2\/posts\/18672"}],"collection":[{"href":"http:\/\/marburg.news\/index.php?rest_route=\/wp\/v2\/posts"}],"about":[{"href":"http:\/\/marburg.news\/index.php?rest_route=\/wp\/v2\/types\/post"}],"author":[{"embeddable":true,"href":"http:\/\/marburg.news\/index.php?rest_route=\/wp\/v2\/users\/2"}],"replies":[{"embeddable":true,"href":"http:\/\/marburg.news\/index.php?rest_route=%2Fwp%2Fv2%2Fcomments&post=18672"}],"version-history":[{"count":0,"href":"http:\/\/marburg.news\/index.php?rest_route=\/wp\/v2\/posts\/18672\/revisions"}],"wp:attachment":[{"href":"http:\/\/marburg.news\/index.php?rest_route=%2Fwp%2Fv2%2Fmedia&parent=18672"}],"wp:term":[{"taxonomy":"category","embeddable":true,"href":"http:\/\/marburg.news\/index.php?rest_route=%2Fwp%2Fv2%2Fcategories&post=18672"},{"taxonomy":"post_tag","embeddable":true,"href":"http:\/\/marburg.news\/index.php?rest_route=%2Fwp%2Fv2%2Ftags&post=18672"}],"curies":[{"name":"wp","href":"https:\/\/api.w.org\/{rel}","templated":true}]}}