{"id":18660,"date":"2025-09-05T16:45:00","date_gmt":"2025-09-05T14:45:00","guid":{"rendered":"http:\/\/marburg.news\/?p=18660"},"modified":"2025-09-05T16:45:00","modified_gmt":"2025-09-05T14:45:00","slug":"zum-ghaza-krieg-vortrag-von-daniel-neumann-am-15-september","status":"publish","type":"post","link":"http:\/\/marburg.news\/?p=18660","title":{"rendered":"Zum Ghaza-Krieg: Vortrag von Daniel Neumann am 15. September"},"content":{"rendered":"<p>Einen Vortrag mit Daniel Neumann zum Thema &#8222;Israel und die J\u00fcdische Gemeinde nach dem 7. Oktober&#8220; veranstalten das Junge Forum Marburg und die DIG AG Gie\u00dfen am Montag (15. September). Beginnen soll er um 19 Uhr im Historischen Saal des Rathauses. <!--more--><br \/>\nDaniel Neumann ist Rechtsanwalt und Autor sowie Vorsitzender der J\u00fcdischen Gemeinde Darmstadt. Zudem ist er Vorsitzender des Landesverbands der J\u00fcdischen Gemeinden Hessens.<\/p>\n<p>* pm: Stadt Marburg<\/p>\n","protected":false},"excerpt":{"rendered":"<p>Einen Vortrag mit Daniel Neumann zum Thema &#8222;Israel und die J\u00fcdische Gemeinde nach dem 7. Oktober&#8220; veranstalten das Junge Forum Marburg und die DIG AG Gie\u00dfen am Montag (15. September). Beginnen soll er um 19 Uhr im Historischen Saal des <a class=\"more-link\" href=\"http:\/\/marburg.news\/?p=18660\">weiterlesen  <span class=\"screen-reader-text\">  Zum Ghaza-Krieg: Vortrag von Daniel Neumann am 15. September<\/span><span class=\"meta-nav\">&rarr;<\/span><\/a><\/p>\n","protected":false},"author":2,"featured_media":0,"comment_status":"closed","ping_status":"open","sticky":false,"template":"","format":"standard","meta":{"advanced_seo_description":"","spay_email":"","jetpack_publicize_message":"","jetpack_is_tweetstorm":false,"jetpack_publicize_feature_enabled":true},"categories":[3,2,4],"tags":[7079,5456,4914],"jetpack_featured_media_url":"","jetpack_publicize_connections":[],"jetpack_sharing_enabled":true,"jetpack_shortlink":"https:\/\/wp.me\/p8mhvd-4QY","jetpack-related-posts":[{"id":9615,"url":"http:\/\/marburg.news\/?p=9615","url_meta":{"origin":18660,"position":0},"title":"Verliehen: Amnon Orbach erhielt Marburger Leuchtfeuer","date":"23. Mai 2022","format":false,"excerpt":"\"Du hast der Stadt Bestes gesucht\", sagte Daniel Neumann. Er hielt die Laudatio auf den Leuchtfeuer-Preistr\u00e4ger Amnon Orbach. An den vielen Gesichtern im Raum konnte man erkennen, wie viele Menschen Orbach in seinem Leben ber\u00fchrt hat. \u00dcber 40 Jahre lang hat er in Marburg gelebt und gewirkt. Durch seine Beharrlichkeit\u2026","rel":"","context":"In &quot;Politik&quot;","img":{"alt_text":"Ehepaar Orbach","src":"https:\/\/i0.wp.com\/marburg.news\/wp-content\/uploads\/2022\/05\/20220522_123118-01.jpeg?fit=1200%2C941&resize=350%2C200","width":350,"height":200},"classes":[]},{"id":9236,"url":"http:\/\/marburg.news\/?p=9236","url_meta":{"origin":18660,"position":1},"title":"J\u00fcdisches Leben: Amnon Orbach erh\u00e4lt das Leuchtfeuer 2022","date":"19. April 2022","format":false,"excerpt":"Amnon Orbach erh\u00e4lt am Sonntag (22. Mai) das \"Marburger Leuchtfeuer\" 2022. Die achtk\u00f6pfige Jury w\u00fcrdigt damit sein jahrzehntelanges Engagement gegen Antisemitismus und Rassismus sowie f\u00fcr j\u00fcdisches Leben. \"Amnon Orbach hat das j\u00fcdische Leben und den interkulturellen Dialog in Marburg seit Jahrzehnten gepr\u00e4gt\", erkl\u00e4rte Oberb\u00fcrgermeister Dr. Thomas Spies. \"Er hat sich\u2026","rel":"","context":"In &quot;Politik&quot;","img":{"alt_text":"","src":"","width":0,"height":0},"classes":[]},{"id":16925,"url":"http:\/\/marburg.news\/?p=16925","url_meta":{"origin":18660,"position":2},"title":"Am Donnerstag: Hessischer Verfassungsschutzpr\u00e4sident spricht im Kreishaus","date":"20. November 2024","format":false,"excerpt":"Der hessische Verfassungsschutzpr\u00e4sident Bernd Neumann h\u00e4lt am Donnerstag (28. November) einen Vortrag im Kreishaus. Dabei spricht der Beh\u00f6rdenchef \u00fcber aktuelle Herausforderungen des Verfassungsschutzes. Unter dem Motto \"Freiheit sch\u00fctzen, Demokratie bewahren\" h\u00e4lt Pr\u00e4sident Bernd Neumann vom hessischen Verfassungsschutz am Donnerstag (28. November) einen Vortrag im Marburger Kreishaus \"Im Lichtenholz\" 60. Beginn\u2026","rel":"","context":"In &quot;Politik&quot;","img":{"alt_text":"","src":"","width":0,"height":0},"classes":[]},{"id":16161,"url":"http:\/\/marburg.news\/?p=16161","url_meta":{"origin":18660,"position":3},"title":"Das Gesicht der Gemeinde: Die Stadt trauert um Amnon Orbach","date":"21. August 2024","format":false,"excerpt":"Marburg trauert um Amnon Orbach. Der Ehrenb\u00fcrger und Tr\u00e4ger des Bundesverdienstkreuzes ist am Sonntag (18. August))im Alter von 94 Jahren gestorben. Die Stadt Marburg trauert um Amnon Orbach. Mit dem Gr\u00fcnder und jahrzehntelangen Vorsitzenden der J\u00fcdischen Gemeinde, Ehrenb\u00fcrger der Stadt, Tr\u00e4ger des Bundesverdienstordens und Vorstandsmitglied der Gesellschaft f\u00fcr christlich-j\u00fcdische Zusammenarbeit\u2026","rel":"","context":"In &quot;Kultur&quot;","img":{"alt_text":"","src":"","width":0,"height":0},"classes":[]},{"id":4654,"url":"http:\/\/marburg.news\/?p=4654","url_meta":{"origin":18660,"position":4},"title":"Am Marburger Judentum: Ehrenb\u00fcrger Amnon Orbach feierte Geburtstag","date":"24. Januar 2020","format":false,"excerpt":"Amnon Orbach pr\u00e4gt das j\u00fcdische Leben und den interkulturellen Dialog in Marburg seit Jahrzehnten. Im Januar 2020 begeht er seinen 90. Geburtstag. Oberb\u00fcrgermeister Dr. Thomas Spies hat aus diesem besonderen Anlass zu einem Empfang in Marburgs sch\u00f6nstem Saal eingeladen. Damit gratulierte er dem Gr\u00fcnder und Vorsitzenden der J\u00fcdischen Gemeinde, Ehrenb\u00fcrger\u2026","rel":"","context":"In &quot;Kultur&quot;","img":{"alt_text":"","src":"","width":0,"height":0},"classes":[]},{"id":1385,"url":"http:\/\/marburg.news\/?p=1385","url_meta":{"origin":18660,"position":5},"title":"Frieden und Freude gr\u00f6\u00dfer: Monika Bunk erhielt Ehrenbrief des Landes Hessen","date":"30. November 2017","format":false,"excerpt":"F\u00fcr das friedliche Miteinander und den Austausch der Religionen engagiert Monika Bunk sich seit weit \u00fcber 20 Jahren. Im Historischen Saal des Rathauses \u00fcberreichte Oberb\u00fcrgermeister Dr. Thomas Spies ihr am Mittwoch (29. November) den Ehrenbrief des Landes Hessen. Ihr Engagement begann in der Gesellschaft f\u00fcr christlich-j\u00fcdische Zusammenarbeit. Schlie\u00dflich konvertierte sie\u2026","rel":"","context":"In &quot;Kultur&quot;","img":{"alt_text":"","src":"","width":0,"height":0},"classes":[]}],"_links":{"self":[{"href":"http:\/\/marburg.news\/index.php?rest_route=\/wp\/v2\/posts\/18660"}],"collection":[{"href":"http:\/\/marburg.news\/index.php?rest_route=\/wp\/v2\/posts"}],"about":[{"href":"http:\/\/marburg.news\/index.php?rest_route=\/wp\/v2\/types\/post"}],"author":[{"embeddable":true,"href":"http:\/\/marburg.news\/index.php?rest_route=\/wp\/v2\/users\/2"}],"replies":[{"embeddable":true,"href":"http:\/\/marburg.news\/index.php?rest_route=%2Fwp%2Fv2%2Fcomments&post=18660"}],"version-history":[{"count":0,"href":"http:\/\/marburg.news\/index.php?rest_route=\/wp\/v2\/posts\/18660\/revisions"}],"wp:attachment":[{"href":"http:\/\/marburg.news\/index.php?rest_route=%2Fwp%2Fv2%2Fmedia&parent=18660"}],"wp:term":[{"taxonomy":"category","embeddable":true,"href":"http:\/\/marburg.news\/index.php?rest_route=%2Fwp%2Fv2%2Fcategories&post=18660"},{"taxonomy":"post_tag","embeddable":true,"href":"http:\/\/marburg.news\/index.php?rest_route=%2Fwp%2Fv2%2Ftags&post=18660"}],"curies":[{"name":"wp","href":"https:\/\/api.w.org\/{rel}","templated":true}]}}