{"id":18617,"date":"2025-08-31T17:57:03","date_gmt":"2025-08-31T15:57:03","guid":{"rendered":"http:\/\/marburg.news\/?p=18617"},"modified":"2025-09-01T19:11:31","modified_gmt":"2025-09-01T17:11:31","slug":"marburg-vorn-warum-gerade-behinderte-so-wirksam-warnen","status":"publish","type":"post","link":"http:\/\/marburg.news\/?p=18617","title":{"rendered":"Marburg vorn: Warum gerade Behinderte so wirksam warnen"},"content":{"rendered":"<p>In der internationalen Behindertenbewegung hat Marburg eine Vorreiterrolle inne. Das zeigt sich auch bei der Ausstellung zur sogenannten &#8222;Euthanasie&#8220;. <!--more--><br \/>\nEine Wanderausstellung zu den Nazi-Verbrechen an Menschen mit Behinderungen hat die Arbeitsgruppe &#8222;Menschenbild Behinderter Gestern und Heute&#8220; im &#8222;Marburger Netzwerk f\u00fcr Demokratie und gegen Rechtsextremismus&#8220; um konkrete Beispiele aus Marburg erg\u00e4nzt. 164 Zwangssterilisierungen und 333 Morde an Behinderten aus Marburg haben sie in einem zus\u00e4tzlichen Ausstellungsteil zusammengetragen. Die <a href=\"http:\/\/marburg.news\/?p=18581\">ergreifende Ausstellungser\u00f6ffnung am Freitag (22. August)<\/a> im katholischen Begegnungshaus &#8222;Ka.Re.&#8220; war eine wirkungsvolle Mahnung zu aktivem Eintreten f\u00fcr Demokratie.<br \/>\nEin Zufall ist es nicht, dass ausgerechnet Menschen mit Behinderungen eine so wirkungsvolle Warnung vor Rechtsextremismus auf den Weg gebracht haben. Die Begr\u00fcndung der Morde an Behinderten als angeblich &#8222;unn\u00fctze Esser&#8220; und als &#8222;lebensunwertes Leben&#8220; sind gar nicht so weit entfernt von Kosten-Nutzen-Rechnungen neoliberaler Ideologen, die seit Jahren immer mehr Raum einnehmen in der internationalen und deutschen Politik. Ein Zeitstrahl in der Ausstellung listet eugenische Debatten vom Jahr 1907 bis zum Jahr 2025 auf. Leider nehmen solche Debatten in j\u00fcngster Zeit auch zu und gewinnen zudem mehr Sch\u00e4rfe.<br \/>\nDarum sei ein Besuch der Ausstellung &#8222;Verfolgung behinderter Menschen im Nationalsozialismus&#8220; im Ka.Re an der Biegenstra\u00dfe allen empfohlen, die sich nicht f\u00fcr Politik interessieren. Wer sich f\u00fcr Politik interessiert, wird wohl sowieso dorthin gehen wollen. Wer aber nicht hingeht, der k\u00f6nnte m\u00f6glicherweise bald eben wegen jender menschenverachtenden Politik draufgehen.<\/p>\n<p>* <a href=\"http:\/\/marburg.news\/team\/fjh\">Franz-Josef Hanke<\/a><\/p>\n","protected":false},"excerpt":{"rendered":"<p>In der internationalen Behindertenbewegung hat Marburg eine Vorreiterrolle inne. Das zeigt sich auch bei der Ausstellung zur sogenannten &#8222;Euthanasie&#8220;.<\/p>\n","protected":false},"author":2,"featured_media":0,"comment_status":"closed","ping_status":"open","sticky":false,"template":"","format":"standard","meta":{"advanced_seo_description":"","spay_email":"","jetpack_publicize_message":"","jetpack_is_tweetstorm":false,"jetpack_publicize_feature_enabled":true},"categories":[5,2,4],"tags":[216,70,497],"jetpack_featured_media_url":"","jetpack_publicize_connections":[],"jetpack_sharing_enabled":true,"jetpack_shortlink":"https:\/\/wp.me\/p8mhvd-4Qh","jetpack-related-posts":[{"id":18561,"url":"http:\/\/marburg.news\/?p=18561","url_meta":{"origin":18617,"position":0},"title":"Wegen Faschismus: Ausstellung zeigt Behindertenmorde in Marburg","date":"18. August 2025","format":false,"excerpt":"Eine Ausstellung zeigt die Greuel der \"Euthanasie\"\"-Verbrechen. Auch in Marburg wurden w\u00e4hrend des Nationalsozialismus solche Verbrechen begangen. Um Opfer, T\u00e4ter und Abl\u00e4ufe der Patientenmorde w\u00e4hrend des Nationalsozialismus` geht es in einer neuen Ausstellung in der Marburger Stadtmitte. Die Ausstellung ist bis Donnerstag (30. Oktober) im katholischen Begegnungshaus \"KA.RE.\" an der\u2026","rel":"","context":"In &quot;Bildung&quot;","img":{"alt_text":"","src":"","width":0,"height":0},"classes":[]},{"id":18380,"url":"http:\/\/marburg.news\/?p=18380","url_meta":{"origin":18617,"position":1},"title":"Freiwillige vor: Junge Leute als Ausstellungsf\u00fchrer gesucht","date":"15. Juli 2025","format":false,"excerpt":"s Die systematische Ermordung behinderter Menschen ist Thema einer Wanderausstellung der \"Topographie des Terrors\". Im August kommt sie nach Marburg. Die Ausstellung \"Die nationalsozialistischen ,Euthanasie'-Morde\" wird von Freitag (22. August) bis Donnerstag (30. Oktober) im Begegnungshaus \"KA.RE.\" an der Biegenstra\u00dfe neben der katholischen Kirche St. Peter und Paul gezeigt. Die\u2026","rel":"","context":"In &quot;Kultur&quot;","img":{"alt_text":"","src":"","width":0,"height":0},"classes":[]},{"id":15418,"url":"http:\/\/marburg.news\/?p=15418","url_meta":{"origin":18617,"position":2},"title":"Rund um Behinderungen: Demonstration gegen Rechts am 27. April","date":"17. April 2024","format":false,"excerpt":"Anl\u00e4sslich des Aktionstags zur Gleichstellung von Menschen mit Behinderung gibt es eine Demonstration gegen Rechts. Sie findet am Samstag (27. April) statt. Das \"Aktionsb\u00fcndnis 5. Mai\" ruft zur Teilnahme an einer Demonstration am Samstag (27. April) in Marburg auf. Sie findet im Rahmen des \"europ\u00e4ischen Protesttags zur Gleichstellung von Menschen\u2026","rel":"","context":"In &quot;Politik&quot;","img":{"alt_text":"","src":"","width":0,"height":0},"classes":[]},{"id":4640,"url":"http:\/\/marburg.news\/?p=4640","url_meta":{"origin":18617,"position":3},"title":"Ausschreibung nach Ausstellung: Bewerbungen zum J\u00fcrgen-Markus-Preis bis 15. April","date":"22. Januar 2020","format":false,"excerpt":"Inklusion und Teilhabe von Menschen mit Behinderungen in allen Lebensbereichen f\u00f6rdern soll der J\u00fcrgen-Markus-Preis. Bis Mittwoch (15. April) k\u00f6nnen sich Menschen bewerben, deren Idee, Projekt oder Initiative hilft, Barrieren abzubauen. Oberb\u00fcrgermeister Dr. Thomas Spies hat sich angeschaut, was die \"Freunde des Kunstmuseums\" als vergangene Preistr\u00e4ger mit dem Preisgeld realisiert haben.\u2026","rel":"","context":"In &quot;Kultur&quot;","img":{"alt_text":"","src":"","width":0,"height":0},"classes":[]},{"id":18816,"url":"http:\/\/marburg.news\/?p=18816","url_meta":{"origin":18617,"position":4},"title":"Ausstellung im Ka.Re.: Vielf\u00e4ltiges Begleitprogramm bis Ende Oktober","date":"10. Oktober 2025","format":false,"excerpt":"Ein vielf\u00e4ltiges Programm begleitet die \"Euthanasie\"-Ausstellung\"im Begegnungshaus \"Ka.Re.\". Es reicht von Lesung bis F\u00fchrungen in Einfacher Sprache. Noch bis Donnerstag (30. Oktober) ist die Ausstellung \"Verfolgung behinderter Menschen im Nationalsozialismus\" im Begegnungshaus KA.RE. in der Biegenstra\u00dfe 18 zu sehen. Thema ist die Ausgrenzung, Verfolgung und Ermordung von Menschen mit Behinderungen\u2026","rel":"","context":"In &quot;Bildung&quot;","img":{"alt_text":"","src":"","width":0,"height":0},"classes":[]},{"id":18778,"url":"http:\/\/marburg.news\/?p=18778","url_meta":{"origin":18617,"position":5},"title":"Klartext im Ka.Re.: F\u00fchrung in Einfacher Sprache durch die &#8222;Euthanasie&#8220;-Ausstellung","date":"2. Oktober 2025","format":false,"excerpt":"Eine F\u00fchrung in Einfacher Sprache durch die \"Wanderausstellung Euthanasie\" wird am Montag (20. Oktober) angeboten. Sie findet von 16.30 bis 18 Uhr im \"Ka.Re.\" statt. Am Montag (20. Oktober) wird von 16.30 bis 18 Uhr eine Sonderf\u00fchrung durch die \"Wanderausstellung Euthanasie\" in verst\u00e4ndlicher und Leichter Sprache angeboten. Die F\u00fchrung ist\u2026","rel":"","context":"In &quot;Bildung&quot;","img":{"alt_text":"","src":"","width":0,"height":0},"classes":[]}],"_links":{"self":[{"href":"http:\/\/marburg.news\/index.php?rest_route=\/wp\/v2\/posts\/18617"}],"collection":[{"href":"http:\/\/marburg.news\/index.php?rest_route=\/wp\/v2\/posts"}],"about":[{"href":"http:\/\/marburg.news\/index.php?rest_route=\/wp\/v2\/types\/post"}],"author":[{"embeddable":true,"href":"http:\/\/marburg.news\/index.php?rest_route=\/wp\/v2\/users\/2"}],"replies":[{"embeddable":true,"href":"http:\/\/marburg.news\/index.php?rest_route=%2Fwp%2Fv2%2Fcomments&post=18617"}],"version-history":[{"count":1,"href":"http:\/\/marburg.news\/index.php?rest_route=\/wp\/v2\/posts\/18617\/revisions"}],"predecessor-version":[{"id":18626,"href":"http:\/\/marburg.news\/index.php?rest_route=\/wp\/v2\/posts\/18617\/revisions\/18626"}],"wp:attachment":[{"href":"http:\/\/marburg.news\/index.php?rest_route=%2Fwp%2Fv2%2Fmedia&parent=18617"}],"wp:term":[{"taxonomy":"category","embeddable":true,"href":"http:\/\/marburg.news\/index.php?rest_route=%2Fwp%2Fv2%2Fcategories&post=18617"},{"taxonomy":"post_tag","embeddable":true,"href":"http:\/\/marburg.news\/index.php?rest_route=%2Fwp%2Fv2%2Ftags&post=18617"}],"curies":[{"name":"wp","href":"https:\/\/api.w.org\/{rel}","templated":true}]}}