{"id":18594,"date":"2025-08-26T18:07:11","date_gmt":"2025-08-26T16:07:11","guid":{"rendered":"http:\/\/marburg.news\/?p=18594"},"modified":"2025-08-26T18:07:11","modified_gmt":"2025-08-26T16:07:11","slug":"unbezahlbar-offenes-bewegungsangebot-fuer-aeltere-startet-im-stadtwald","status":"publish","type":"post","link":"http:\/\/marburg.news\/?p=18594","title":{"rendered":"Unbezahlbar: Offenes Bewegungsangebot f\u00fcr \u00c4ltere startet im Stadtwald"},"content":{"rendered":"<p>Ein offenes Bewegungsangebot f\u00fcr Senior*innen startet im Stadtwald. Das hat die Stadt Marburg am Dienstag (26. August) angek\u00fcndigt. <!--more--><br \/>\nDie offenen Bewegungsangebote der Stadt Marburg werden erweitert. Am Mittwoch (27. August) startet ein Bewegungsangebot speziell f\u00fcr \u00e4ltere Menschen. Es findet immer am vierten Mittwoch im Monat von 16.30 bis 18 Uhr im Stadtwald statt. Das Angebot wird angeschlossen an das Seniorencaf\u00e9 im Stadtteilzentrum Stadtwald an der Dietrich-Bonhoeffer-Stra\u00dfe.<br \/>\nDas Bewegungsangebot richtet sich an \u00e4ltere Menschen, die sanft und ohne Leistungsdruck etwas f\u00fcr ihre Gesundheit tun m\u00f6chten. In entspannter Atmosph\u00e4re werden gemeinsam \u00dcbungen zur Mobilisation, Kr\u00e4ftigung und Balance angeboten. Die \u00dcbungen richten sich nach den eigenen M\u00f6glichkeiten und Kenntnisstand.<br \/>\nDie offenen Bewegungsangebote sind Teil des umfassenden Konzepts zur Bewegungs- und Gesundheitsf\u00f6rderung der Stadt Marburg. Sie geh\u00f6ren zu den Bewegungsangeboten, die im Zusammenhang mit dem Projekt &#8222;Kommunale Bewegungsf\u00f6rderung zur Implementierung der Nationalen Empfehlungen&#8220; (KOMBINE) gestartet. Das neue Angebot rundet die offenen Bewegungsangebote ab und schafft auch ein Angebot speziell f\u00fcr die Zielgruppe der \u00e4lteren Menschen. Die Teilnahme an den offenen Bewegungsangeboten ist kostenlos.<\/p>\n<p>* pm: Stadt Marburg<\/p>\n","protected":false},"excerpt":{"rendered":"<p>Ein offenes Bewegungsangebot f\u00fcr Senior*innen startet im Stadtwald. Das hat die Stadt Marburg am Dienstag (26. August) angek\u00fcndigt.<\/p>\n","protected":false},"author":2,"featured_media":0,"comment_status":"closed","ping_status":"open","sticky":false,"template":"","format":"standard","meta":{"advanced_seo_description":"","spay_email":"","jetpack_publicize_message":"","jetpack_is_tweetstorm":false,"jetpack_publicize_feature_enabled":true},"categories":[7],"tags":[1967,1471,530],"jetpack_featured_media_url":"","jetpack_publicize_connections":[],"jetpack_sharing_enabled":true,"jetpack_shortlink":"https:\/\/wp.me\/p8mhvd-4PU","jetpack-related-posts":[{"id":8749,"url":"http:\/\/marburg.news\/?p=8749","url_meta":{"origin":18594,"position":0},"title":"Sportliche Entwicklungshilfe: KOMBINE-Bewegungsbus startet in die Stadtteile","date":"9. Februar 2022","format":false,"excerpt":"Der KOMBINE-Bewegungsbus f\u00e4hrt wieder durch Marburg. Das hat die Stadt am Mittwoch (9. Februar) angek\u00fcndigt. Die Aktionstage des Modellprojekts \"KOMBINE\" starten nach der Winterpause wieder. Ab Samstag (12. Februar) ist der KOMBINE-Bewegungsbus wieder durch Marburg unterwegs und macht in den Stadtteilen Richtsberg, Waldtal und Stadtwald Halt. Mit vielen Sport- und\u2026","rel":"","context":"In &quot;Sport&quot;","img":{"alt_text":"","src":"","width":0,"height":0},"classes":[]},{"id":16207,"url":"http:\/\/marburg.news\/?p=16207","url_meta":{"origin":18594,"position":1},"title":"Im Stadtwald: Bienen in den Sp\u00e4tsommer begleiten","date":"28. August 2024","format":false,"excerpt":"Eine Neue Runde der Bienen-AG im Stadtwald hat die Stadt am Mittwoch (28. August) bekanntgegeben. Kinder und Jugendliche begleiten die Bienen in den Sp\u00e4tsommer. Neben der Bienen-AG f\u00fcr Jugendliche gibt es nun auch f\u00fcr Kinder ein Bienenprojekt: im Stadtwald k\u00f6nnen sie zu Nachwuchs-Imkern werden. Die Sommerpause ist vorbei; und nicht\u2026","rel":"","context":"In &quot;Bildung&quot;","img":{"alt_text":"","src":"","width":0,"height":0},"classes":[]},{"id":13512,"url":"http:\/\/marburg.news\/?p=13512","url_meta":{"origin":18594,"position":2},"title":"Spa\u00df im Stadtwald: Ferienspiele erstmals eine Woche l\u00e4nger","date":"4. August 2023","format":false,"excerpt":"Die Ferienspiele im Stadtwald dauerten erstmals f\u00fcnf Wochen lang. Marburger Kinder k\u00f6nnen dabei naturnahe Ferien erleben. Auf dem Feriengel\u00e4nde im Stadtwald finden in den Sommerferien wieder die Marburger Ferienspiele statt. Das Betreuungsangebot der Jugendf\u00f6rderung der Stadt Marburg bietet Platz f\u00fcr bis zu 512 Kinder und setzt in diesem Jahr einen\u2026","rel":"","context":"In &quot;Soziales&quot;","img":{"alt_text":"","src":"","width":0,"height":0},"classes":[]},{"id":5829,"url":"http:\/\/marburg.news\/?p=5829","url_meta":{"origin":18594,"position":3},"title":"Neuer Parcours: Fitness-Strecke bringt Bewegung in den Stadtwald","date":"11. Oktober 2020","format":false,"excerpt":"Ein neuer Bewegungs-Parcours wurde im Stadtwald er\u00f6ffnet. Die \"Fitness-Strecke\" verbindet die Sporthalle und \"Paris\" mit dem Bolzplatz und dem Quartierszentrum. Der neue Parcours im Stadtwald bietet vielseitige M\u00f6glichkeiten zur Bewegung an der frischen Luft. Mit dieser \"Fitness-Strecke\" erh\u00e4lt das Quartier im Stadtwald ein weiteres Bewegungs- und Begegnungsangebot inmitten seines Zentrums.\u2026","rel":"","context":"In &quot;Soziales&quot;","img":{"alt_text":"","src":"","width":0,"height":0},"classes":[]},{"id":9129,"url":"http:\/\/marburg.news\/?p=9129","url_meta":{"origin":18594,"position":4},"title":"aufgenommen: Gefl\u00fcchtete aus der Ukraine im Stadtwald","date":"28. M\u00e4rz 2022","format":false,"excerpt":"Die Stadtgesellschaft engagiert sich f\u00fcr ukrainische Gefl\u00fcchtete. Sie leistet tatkr\u00e4ftige Unterst\u00fctzung beim Ankommen im Stadtwald. Auf dem Freizeitgel\u00e4nde im Stadtwald hat die Stadt Marburg rund 20 Gefl\u00fcchtete untergebracht. Neben den Besch\u00e4ftigten der Verwaltung helfen viele weitere Menschen und Organisationen dabei, dass die Menschen aus der Ukraine gut ankommen k\u00f6nnen und\u2026","rel":"","context":"In &quot;Politik&quot;","img":{"alt_text":"","src":"","width":0,"height":0},"classes":[]},{"id":18061,"url":"http:\/\/marburg.news\/?p=18061","url_meta":{"origin":18594,"position":5},"title":"F\u00fcr Kinder: Neuer Mini-Sport-Treff startet im Juni","date":"26. Mai 2025","format":false,"excerpt":"Ein neuer \"Mini-Sport-Treff\" f\u00fcr Kinder von 3 bis 6 Jahren startet im Juni. Das hat die Stadt am Montag (26. Mai) angek\u00fcndigt. In Bewegung bringen die Stadt Marburg und der Sportkreis Marburg-Biedenkopf ab Juni gemeinsam Kinder im Alter von drei bis sechs Jahren. Der \"Mini-Sport-Treff\" im Georg-Ga\u00dfmann-Stadion ist ein betreutes\u2026","rel":"","context":"In &quot;Sport&quot;","img":{"alt_text":"","src":"","width":0,"height":0},"classes":[]}],"_links":{"self":[{"href":"http:\/\/marburg.news\/index.php?rest_route=\/wp\/v2\/posts\/18594"}],"collection":[{"href":"http:\/\/marburg.news\/index.php?rest_route=\/wp\/v2\/posts"}],"about":[{"href":"http:\/\/marburg.news\/index.php?rest_route=\/wp\/v2\/types\/post"}],"author":[{"embeddable":true,"href":"http:\/\/marburg.news\/index.php?rest_route=\/wp\/v2\/users\/2"}],"replies":[{"embeddable":true,"href":"http:\/\/marburg.news\/index.php?rest_route=%2Fwp%2Fv2%2Fcomments&post=18594"}],"version-history":[{"count":0,"href":"http:\/\/marburg.news\/index.php?rest_route=\/wp\/v2\/posts\/18594\/revisions"}],"wp:attachment":[{"href":"http:\/\/marburg.news\/index.php?rest_route=%2Fwp%2Fv2%2Fmedia&parent=18594"}],"wp:term":[{"taxonomy":"category","embeddable":true,"href":"http:\/\/marburg.news\/index.php?rest_route=%2Fwp%2Fv2%2Fcategories&post=18594"},{"taxonomy":"post_tag","embeddable":true,"href":"http:\/\/marburg.news\/index.php?rest_route=%2Fwp%2Fv2%2Ftags&post=18594"}],"curies":[{"name":"wp","href":"https:\/\/api.w.org\/{rel}","templated":true}]}}