{"id":18550,"date":"2025-08-15T12:13:28","date_gmt":"2025-08-15T10:13:28","guid":{"rendered":"http:\/\/marburg.news\/?p=18550"},"modified":"2025-08-15T12:13:28","modified_gmt":"2025-08-15T10:13:28","slug":"asphalt-rauf-weitere-strassensperrung-in-wehrda","status":"publish","type":"post","link":"http:\/\/marburg.news\/?p=18550","title":{"rendered":"Asphalt rauf: Weitere Stra\u00dfensperrung in Wehrda"},"content":{"rendered":"<p>Eine Vollsperrung der Stra\u00dfe &#8222;Am J\u00e4gerw\u00e4ldchen&#8220; ab Montag (25. August) hat die Stadt Marburg gemeldet. Der Fu\u00dfverkehr ist nicht davon betroffen. <!--more--><br \/>\nDie Stra\u00dfe &#8222;Am J\u00e4gerw\u00e4ldchen&#8220; im Stadtteil Wehrda ist ab Montag (25. August) in H\u00f6he der Hausnummer 1 voll gesperrt. Grund daf\u00fcr sind Asphaltarbeiten. Die Bauarbeiten werden voraussichtlich bis Freitag (26. September) andauern.<br \/>\nEine Zufahrt aus den Nebenstra\u00dfen &#8222;In der G\u00f6rtzbach&#8220; und &#8222;Th\u00fcringer Stra\u00dfe&#8220; ist bis zur Baustelle m\u00f6glich. Rettungsfahrzeuge k\u00f6nnen bei einem m\u00f6glichen Notfall in den abgesperrten Bereich einfahren. Fu\u00dfg\u00e4ngerinnen und Fu\u00dfg\u00e4nger sind von den Bauarbeiten nicht betroffen.<br \/>\nInformationen zu aktuellen Baustellen in Marburg sind grunds\u00e4tzlich zu finden unter <a href=\"http:\/\/www.marburg.de\/baustelleninformationen\">www.marburg.de\/baustelleninformationen<\/a>. Neben Meldungen gibt es dort auch eine digitale Stadtkarte, die immer aktuell die derzeitigen Baustellen in der Universit\u00e4tsstadt anzeigt.<\/p>\n<p>* pm: Stadt Marburg<\/p>\n","protected":false},"excerpt":{"rendered":"<p>Eine Vollsperrung der Stra\u00dfe &#8222;Am J\u00e4gerw\u00e4ldchen&#8220; ab Montag (25. August) hat die Stadt Marburg gemeldet. Der Fu\u00dfverkehr ist nicht davon betroffen.<\/p>\n","protected":false},"author":2,"featured_media":0,"comment_status":"closed","ping_status":"open","sticky":false,"template":"","format":"standard","meta":{"advanced_seo_description":"","spay_email":"","jetpack_publicize_message":"","jetpack_is_tweetstorm":false,"jetpack_publicize_feature_enabled":true},"categories":[4],"tags":[2846,1073,638],"jetpack_featured_media_url":"","jetpack_publicize_connections":[],"jetpack_sharing_enabled":true,"jetpack_shortlink":"https:\/\/wp.me\/p8mhvd-4Pc","jetpack-related-posts":[{"id":18313,"url":"http:\/\/marburg.news\/?p=18313","url_meta":{"origin":18550,"position":0},"title":"Ein Hochsommerwunschtraum: Barrierefreier Ausbau der Bushaltestelle Mengelsgasse","date":"3. Juli 2025","format":false,"excerpt":"Bauarbeiten an der Haltestelle \"Mengelsgasse\" hat die Stadt am Donnerstag (3. Juli) angek\u00fcndigt. Vor allem die Stadtbusse werden deswegen in Wehrda umgeleitet. Der Haltestellenbereich \"Wehrda Mengelsgasse wird ab Montag (7. Juli) an der Einm\u00fcndung in die Wehrdaer Stra\u00dfe voll gesperrt. Grund f\u00fcr die Sperrung ist der barrierefreie Ausbau der Haltestelle\u2026","rel":"","context":"In &quot;Soziales&quot;","img":{"alt_text":"","src":"","width":0,"height":0},"classes":[]},{"id":18268,"url":"http:\/\/marburg.news\/?p=18268","url_meta":{"origin":18550,"position":1},"title":"Stra\u00dfe sperren: Bauarbeiten in der Wehrdaer Stra\u00dfe","date":"26. Juni 2025","format":false,"excerpt":"Eine Vollsperrung der Wehrdaer Stra\u00dfe erfolgt ab Montag (7. Juli). Das hat die Stadt am Donnerstag (26. Juni) angek\u00fcndigt. Von Montag (7. Juli) bis voraussichtlich Freitag (22. August) wird die Wehrdaer Stra\u00dfe in H\u00f6he der Hausnummern 10 bis 12 voll gesperrt. Grund f\u00fcr die Sperrung ist die Erneuerung einer Trinkwasserleitung\u2026","rel":"","context":"In &quot;Soziales&quot;","img":{"alt_text":"","src":"","width":0,"height":0},"classes":[]},{"id":18270,"url":"http:\/\/marburg.news\/?p=18270","url_meta":{"origin":18550,"position":2},"title":"Ausweichm\u00f6glichkeiten: Alte Kasseler Stra\u00dfe wegen Bauarbeiten gesperrt","date":"27. Juni 2025","format":false,"excerpt":"Eine Vollsperrung im Nordviertel vom 7. bis 9. Juli hat die Stadt am Freitag (27. Juni) angek\u00fcndigt. Betroffen davon ist auch die Buslinie 8. Die Alte Kasseler Stra\u00dfe im Nordviertel wird zwischen Montag (7. Juli) und Mittwoch (9. Juli) vollgesperrt. Grund f\u00fcr die Vollsperrung sind Tiefbauarbeiten zum Verlegen von Stromkabeln\u2026","rel":"","context":"In &quot;Soziales&quot;","img":{"alt_text":"","src":"","width":0,"height":0},"classes":[]},{"id":16846,"url":"http:\/\/marburg.news\/?p=16846","url_meta":{"origin":18550,"position":3},"title":"Ma\u00dfnahme macht dicht: Vollsperrung des Kaffwegs Mitte November","date":"7. November 2024","format":false,"excerpt":"Eine Vollsperrung im Kaffweg ab Montag (11. November) hat die Stadt am Donnerstag (7. November) angek\u00fcndigt. Sie soll voraussichtlich eine Woche dauern. Aufgrund von Asphaltsanierungsarbeiten muss der Kaffweg ab Montag (11. November) bis voraussichtlich Freitag (15. November) in zwei Bauabschnitten jeweils vollgesperrt werden. Eine Zufahrt zu den dortigen Wohnh\u00e4usern ist\u2026","rel":"","context":"In &quot;Soziales&quot;","img":{"alt_text":"","src":"","width":0,"height":0},"classes":[]},{"id":16521,"url":"http:\/\/marburg.news\/?p=16521","url_meta":{"origin":18550,"position":4},"title":"Abgesperrt: Sankt-Martin-Stra\u00dfe und Waidmannsweg","date":"4. Oktober 2024","format":false,"excerpt":"Eine Vollsperrung von Sankt-Martin-Stra\u00dfe und Waidmannsweg hat die Stadt am Freitag (4. Oktober) angek\u00fcndigt. Sie wird vorausslichtlich bis Freitag (1. November) andauern. Zun\u00e4chst in der Sankt-Martin-Stra\u00dfe und anschlie\u00dfend im Waidmannsweg werden ab Montag (14. Oktober) Asphaltarbeiten ausgef\u00fchrt. Daher kommt es zu Vollsperrungen. Die Umleitungsstrecke f\u00fchrt jeweils \u00fcber die Stra\u00dfe \"Fuchspass\"\u2026","rel":"","context":"In &quot;Soziales&quot;","img":{"alt_text":"","src":"","width":0,"height":0},"classes":[]},{"id":18010,"url":"http:\/\/marburg.news\/?p=18010","url_meta":{"origin":18550,"position":5},"title":"Angek\u00fcndigt: Vollsperrung der Geschwister-Scholl-Stra\u00dfe","date":"16. Mai 2025","format":false,"excerpt":"Eine Vollsperrung der Geschwister-Scholl-Stra\u00dfe hat die Stadt am Freitag (16. Mai) angek\u00fcndigt. Wirksam wird sie ab Montag (19. Mai). Die Geschwister-Scholl-Stra\u00dfe im Stadtteil Waldtal ist ab Montag (19. Mai) auf H\u00f6he der Einm\u00fcndung zur Pasternakstra\u00dfe voll gesperrt. Grund f\u00fcr die Sperrung sind Asphaltarbeiten, die aufgrund der schmalen Fahrbahn unter Vollsperrung\u2026","rel":"","context":"In &quot;Soziales&quot;","img":{"alt_text":"","src":"","width":0,"height":0},"classes":[]}],"_links":{"self":[{"href":"http:\/\/marburg.news\/index.php?rest_route=\/wp\/v2\/posts\/18550"}],"collection":[{"href":"http:\/\/marburg.news\/index.php?rest_route=\/wp\/v2\/posts"}],"about":[{"href":"http:\/\/marburg.news\/index.php?rest_route=\/wp\/v2\/types\/post"}],"author":[{"embeddable":true,"href":"http:\/\/marburg.news\/index.php?rest_route=\/wp\/v2\/users\/2"}],"replies":[{"embeddable":true,"href":"http:\/\/marburg.news\/index.php?rest_route=%2Fwp%2Fv2%2Fcomments&post=18550"}],"version-history":[{"count":0,"href":"http:\/\/marburg.news\/index.php?rest_route=\/wp\/v2\/posts\/18550\/revisions"}],"wp:attachment":[{"href":"http:\/\/marburg.news\/index.php?rest_route=%2Fwp%2Fv2%2Fmedia&parent=18550"}],"wp:term":[{"taxonomy":"category","embeddable":true,"href":"http:\/\/marburg.news\/index.php?rest_route=%2Fwp%2Fv2%2Fcategories&post=18550"},{"taxonomy":"post_tag","embeddable":true,"href":"http:\/\/marburg.news\/index.php?rest_route=%2Fwp%2Fv2%2Ftags&post=18550"}],"curies":[{"name":"wp","href":"https:\/\/api.w.org\/{rel}","templated":true}]}}