{"id":1839,"date":"2018-03-09T15:28:44","date_gmt":"2018-03-09T14:28:44","guid":{"rendered":"http:\/\/marburg.news\/?p=1839"},"modified":"2018-03-09T15:29:12","modified_gmt":"2018-03-09T14:29:12","slug":"heftig-ueberbruecken-insassen-fluechteten-nach-unfall-in-der-deutschhausstrasse","status":"publish","type":"post","link":"http:\/\/marburg.news\/?p=1839","title":{"rendered":"Heftig \u00fcberbr\u00fccken: Insassen fl\u00fcchteten nach Unfall in der Deutschhausstra\u00dfe"},"content":{"rendered":"<p>Ein Unfall mit anschlie\u00dfender Fahrerflucht passierte am Donnerstag (8. M\u00e4rz). Der Vorfall geschah gegen 22.45 Uhr in der Deutschhausstra\u00dfe.<br \/>\n<!--more--><br \/>\nNach ersten Sch\u00e4tzungen entstand dabei ein hoher f\u00fcnfstelliger Sachschaden. Nicht fest steht, ob die beiden gefl\u00fcchteten Insassen des erheblich<br \/>\nbesch\u00e4digten schwarzen Daimler C450 AMG verletzt wurden.<br \/>\nNach ersten Ermittlungen war der auff\u00e4llige schwarze Wagen<br \/>\nvom Rudolphsplatz kommend auf der Biegenstra\u00dfe unterwegs und bog in<br \/>\ndie Deutschhausstra\u00dfe mit Fahrtrichtung Ketzerbach ab. In H\u00f6he des<br \/>\nAnwesens Deutschhausstra\u00dfe 38 kam der Daimler nach rechts von der<br \/>\nStra\u00dfe ab. Er kollidierte mit einem Poller, fuhr ein Stra\u00dfenschild um,<br \/>\nprallte noch gegen einen Verteilerkasten der Telekom und im<br \/>\nweiteren Verlauf gegen einen Blumenk\u00fcbel bevor die Hausfassade das<br \/>\nEnde der Fahrt bedeutete.<br \/>\nNach Zeugenaussagen stiegen zwei ca. 1,80<br \/>\nMeter gro\u00dfe M\u00e4nner von &#8222;asiatischem<br \/>\nAussehen&#8220; aus und liefen sofort zur Uferstra\u00dfe davon. Beide<br \/>\ntrugen Jeanshosen. Einer trug ein helles, der andere ein dunkles T-Shirt.<br \/>\nDie Polizei stellte den Mercedes sicher. Eine Fahndung nach den beiden zischen 20 und 30 Jahre alten Insassen blieb erfolglos.<br \/>\nAllein an dem Daimler entstand nach ersten<br \/>\nSch\u00e4tzungen ein Schaden von mindestens 45.000 Euro. Der Schaden am<br \/>\nVerteilerkasten betr\u00e4gt etwa 5.000 Euro.<br \/>\nHinzu kommen die<br \/>\nSch\u00e4den am Stra\u00dfenschild und am Blumenk\u00fcbel. An der Fassade entstand<br \/>\naugenscheinlich kein Schaden; jedoch bedarf es hier noch einer<br \/>\ngenaueren Pr\u00fcfung.<\/p>\n<p>* pm: Polizei Marburg<\/p>\n","protected":false},"excerpt":{"rendered":"<p>Ein Unfall mit anschlie\u00dfender Fahrerflucht passierte am Donnerstag (8. M\u00e4rz). Der Vorfall geschah gegen 22.45 Uhr in der Deutschhausstra\u00dfe.<\/p>\n","protected":false},"author":7,"featured_media":0,"comment_status":"open","ping_status":"open","sticky":false,"template":"","format":"standard","meta":{"advanced_seo_description":"","spay_email":"","jetpack_publicize_message":"","jetpack_is_tweetstorm":false,"jetpack_publicize_feature_enabled":true},"categories":[6],"tags":[1187,16,34],"jetpack_featured_media_url":"","jetpack_publicize_connections":[],"jetpack_sharing_enabled":true,"jetpack_shortlink":"https:\/\/wp.me\/p8mhvd-tF","jetpack-related-posts":[{"id":15797,"url":"http:\/\/marburg.news\/?p=15797","url_meta":{"origin":1839,"position":0},"title":"Deutschhausstra\u00dfe im Blick: Unfall im Einm\u00fcndungsbereich der Bunsenstra\u00dfe","date":"12. Juni 2024","format":false,"excerpt":"Einen Unfall erlitt eine 18-j\u00e4hrige Frau am Sonntag (9. Juni). Mit ihrem PSA Automobiles war sie auf der Deutschhausstra\u00dfe unterwegs. An der Einm\u00fcndung der Bunsenstra\u00dfe bog sie nach rechts ab. Im Einm\u00fcndungsbereich kam ihr ein Unbekannter entgegen, der beim Abbiegen von der Bunsenstra\u00dfe nach links in die Deutschhausstra\u00dfe auf die\u2026","rel":"","context":"In &quot;Sonstiges&quot;","img":{"alt_text":"","src":"","width":0,"height":0},"classes":[]},{"id":1368,"url":"http:\/\/marburg.news\/?p=1368","url_meta":{"origin":1839,"position":1},"title":"Flucht nach Unf\u00e4llen: Bei drei Vorf\u00e4llen sieben Autos besch\u00e4digt","date":"27. November 2017","format":false,"excerpt":"Bei einem Unfall mit insgesamt f\u00fcnf beteiligten Fahrzeugen kam es zu einem Gesamtschaden von mindestens 48.000 Euro. Der Fahrer des verursachenden Ford Kuga fl\u00fcchtete. Der Unfall ereignete sich am Sonntag (26. November) gegen 0.50 Uhr in der Sommerbadstra\u00dfe in H\u00f6he der Einm\u00fcndung zur Jahnstra\u00dfe. Als die Polizei eintraf, standen \"nur\"\u2026","rel":"","context":"In &quot;Sonstiges&quot;","img":{"alt_text":"","src":"","width":0,"height":0},"classes":[]},{"id":9728,"url":"http:\/\/marburg.news\/?p=9728","url_meta":{"origin":1839,"position":2},"title":"Zeichen vom Crash: Fu\u00dfg\u00e4nger starb nach Zusammensto\u00df mit Fahrrad","date":"31. Mai 2022","format":false,"excerpt":"Bei der Universit\u00e4tsbibliothek an der Deutschhausstra\u00dfe kollidierten am Sonntag (29. Mai) ein Fahrrad und ein Fu\u00dfg\u00e4nger miteinander. Der Fu\u00dfg\u00e4nger starb nach der Kollision. Der 21-j\u00e4hrige Radfahrer aus Marburg fuhr gegen 13.05 Uhr die absch\u00fcssig verlaufende Deutschhausstra\u00dfe aus Richtung Pilgrimstein entlang. Etwa in H\u00f6he des Eingangs zur Universit\u00e4tsbibliothek trat - von\u2026","rel":"","context":"In &quot;Sonstiges&quot;","img":{"alt_text":"","src":"","width":0,"height":0},"classes":[]},{"id":2488,"url":"http:\/\/marburg.news\/?p=2488","url_meta":{"origin":1839,"position":3},"title":"Nicht gut gefahren: Fahrradkollision, Unfallflucht und Vandalismus an Auto","date":"2. August 2018","format":false,"excerpt":"Ein Unfall zwischen zwei Radlern ereignete sich am Mittwoch (1. August). Unfallort war der Rad- und Gehweg parallel zur Gisselberger Stra\u00dfe. Der Unfall passierte um 19.10 Uhr auf H\u00f6he der Jet-Tankstelle beim Fu\u00dfballplatz, als der eine Radler den anderen \u00fcberholte. Auf dem \u00fcberholten Rad sa\u00dfen eine 36 Jahre alte Frau\u2026","rel":"","context":"In &quot;Sonstiges&quot;","img":{"alt_text":"","src":"","width":0,"height":0},"classes":[]},{"id":12510,"url":"http:\/\/marburg.news\/?p=12510","url_meta":{"origin":1839,"position":4},"title":"Unzufriedenheit: Diebst\u00e4hle in Wehrda und Deutschhausstra\u00dfe","date":"4. Mai 2023","format":false,"excerpt":"Opfer eines Einbruchs wurde der Hundesportverein Wehrda. Die T\u00e4ter erbeuteten Bargeld und einen Schl\u00fcsselkasten mit Schl\u00fcsseln. Dabei entstand dem Hundesportverein ein Schaden von - nach ersten Sch\u00e4tzungen - mindestens 3.000 Euro. Der Einbruch in das Vereinsheim in der Gemarkung \"Auf der Beute\" erfolgte zwischen Dienstag (2. Mai) nach 15 Uhr\u2026","rel":"","context":"In &quot;Sonstiges&quot;","img":{"alt_text":"","src":"","width":0,"height":0},"classes":[]},{"id":3529,"url":"http:\/\/marburg.news\/?p=3529","url_meta":{"origin":1839,"position":5},"title":"Aus Eile: Unfall auf der Stadtautobahn bei Wehrda","date":"23. April 2019","format":false,"excerpt":"Die Polizei sucht Zeugen eines Unfalls auf der Stadtautobahn B3A an der Auffahrt \"C\u00f6lbe \/Wehrda\" nach Gie\u00dfen. Er passierte am Freitag (19. April) kurz nach 18 Uhr. Der Unfall ereignete sich unmittelbar am Beschleunigungsstreifen an der Anschlussstelle . Beteiligt daran waren ein blauer Volvo Kombi, ein blauer Ford Focus und\u2026","rel":"","context":"In &quot;Sonstiges&quot;","img":{"alt_text":"","src":"","width":0,"height":0},"classes":[]}],"_links":{"self":[{"href":"http:\/\/marburg.news\/index.php?rest_route=\/wp\/v2\/posts\/1839"}],"collection":[{"href":"http:\/\/marburg.news\/index.php?rest_route=\/wp\/v2\/posts"}],"about":[{"href":"http:\/\/marburg.news\/index.php?rest_route=\/wp\/v2\/types\/post"}],"author":[{"embeddable":true,"href":"http:\/\/marburg.news\/index.php?rest_route=\/wp\/v2\/users\/7"}],"replies":[{"embeddable":true,"href":"http:\/\/marburg.news\/index.php?rest_route=%2Fwp%2Fv2%2Fcomments&post=1839"}],"version-history":[{"count":1,"href":"http:\/\/marburg.news\/index.php?rest_route=\/wp\/v2\/posts\/1839\/revisions"}],"predecessor-version":[{"id":1840,"href":"http:\/\/marburg.news\/index.php?rest_route=\/wp\/v2\/posts\/1839\/revisions\/1840"}],"wp:attachment":[{"href":"http:\/\/marburg.news\/index.php?rest_route=%2Fwp%2Fv2%2Fmedia&parent=1839"}],"wp:term":[{"taxonomy":"category","embeddable":true,"href":"http:\/\/marburg.news\/index.php?rest_route=%2Fwp%2Fv2%2Fcategories&post=1839"},{"taxonomy":"post_tag","embeddable":true,"href":"http:\/\/marburg.news\/index.php?rest_route=%2Fwp%2Fv2%2Ftags&post=1839"}],"curies":[{"name":"wp","href":"https:\/\/api.w.org\/{rel}","templated":true}]}}