{"id":18373,"date":"2025-07-14T19:45:41","date_gmt":"2025-07-14T17:45:41","guid":{"rendered":"http:\/\/marburg.news\/?p=18373"},"modified":"2025-07-14T19:45:41","modified_gmt":"2025-07-14T17:45:41","slug":"fuer-vorfreude-schlossflair-mit-vergangenheit-und-zukunft","status":"publish","type":"post","link":"http:\/\/marburg.news\/?p=18373","title":{"rendered":"F\u00fcr Vorfreude: Schlossflair mit Vergangenheit und Zukunft"},"content":{"rendered":"<p>Das Marburger Landgrafenschloss \u00f6ffnet seine Tore f\u00fcr ein einzigartiges Erlebnisfest. &#8222;Schlossflair&#8220; gibt es dort am Sonntag (20. Juli). <!--more--><br \/>\nF\u00fcr Sonntag (20. Juli)l\u00e4dt das Marburger Landgrafenschloss von 11 bis 18 Uhr zu der <a href=\"http:\/\/marburg.news\/?p=18354\">Veranstaltung &#8222;Schlossflair&#8220;<\/a> ein. So hei\u00dft ein Fest, das Geschichte lebendig werden l\u00e4sst und die Zukunft des historischen Wahrzeichens erahnen l\u00e4sst. Die Veranstaltung ist eines der Ergebnisse aus einem dreij\u00e4hrigen Entwicklungsprozess, bei dem B\u00fcrgerinnen und B\u00fcrger, Fachleute und Ehrenamtliche ihre Ideen eingebracht haben.<br \/>\n&#8222;Schlossflair&#8220; greift die W\u00fcnsche der Marburgerinnen und Marburger auf, die in Workshops, beim ersten Schlossfest 2023 und beim digitalen Schlossquiz 2024 ge\u00e4u\u00dfert wurden. &#8222;Die rege Beteiligung hat uns wertvolle Impulse f\u00fcr die Schloss- und Museumsentwicklung geliefert&#8220;, erkl\u00e4rte Oberb\u00fcrgermeister Dr. Thomas Spies. &#8222;Mit dem Fest setzen wir erste Ideen um und laden alle ein, das Schloss zu entdecken.&#8220; Die Besucher erwartet eine Zeitreise durch die Jahrhunderte. F\u00fchrungen &#8211;<br \/>\nteilweise kost\u00fcmiert &#8211; erschlie\u00dfen versteckte Orte wie die Kasematten oder den Schlossbrunnen. Interaktive Mitmachstationen erm\u00f6glichen es, sich gestaltend mit Geschichte zu besch\u00e4ftigen. Zwei Fotoboxen &#8211; im F\u00fcrstensaal und im S\u00fcdsaal der Ausstellung Stadtgeschichten &#8211; halten besondere Momente fest.<br \/>\nAlle Angebote haben einen Bezug zur Stadt Marburg und zum Landgrafenschloss: Die Musik spannt einen Bogen von der Reformationszeit bis zur Gegenwart. In der Schlosskapelle erklingen Laute und Fl\u00f6te, die an das ber\u00fchmte Marburger Religionsgespr\u00e4ch von 1529 erinnern. Im Schlosshof spielt der Musiker Quest mit Dudelsack und Traversfl\u00f6te mit besonderen Weisen aus der Zeit des Siebenj\u00e4hrigen Krieges auf, w\u00e4hrend elektronische Beats am Nachmittag zum Chillen im Innenhof einladen. Ausgew\u00e4hlte Food Trucks bieten kulinarische Spezialit\u00e4ten an, die auf den Terrassen mit Blick \u00fcber Marburg genossen werden k\u00f6nnen.<br \/>\nDas Fest ist nicht nur ein Blick in die Vergangenheit, sondern auch in die Zukunft des Schlosses. Universit\u00e4tspr\u00e4sident Prof. Dr. Thomas Nauss betonte die fruchtbare Kooperation: &#8222;Universit\u00e4t und Stadt begegnen sich in der Arbeit am Schlosskonzept auf Augenh\u00f6he. Gemeinsam entwickeln wir Ideen, wie das Schloss als Ort der Wissensvermittlung und des kulturellen Austauschs fungieren kann.&#8220;<br \/>\nCornelia D\u00f6rr von Marburg Stadt und Land Tourismus GmbH f\u00fcgte hinzu: &#8222;Mit unseren erlebnisreichen F\u00fchrungen geben wir den Besucher*innen Einblicke in die Geschichte des Schlosses. Es ist sch\u00f6n, Teil dieser lebendigen und vielf\u00e4ltigen Angebote zu sein.&#8220;<br \/>\nDas Marburger Landgrafenschloss, dessen Geschichte \u00fcber 1.000 Jahre zur\u00fcckreicht, beherbergt heute Ausstellungen zur Stadtgeschichte, Mineralogie und Baugeschichte. Der gotische F\u00fcrstensaal und die Schlosskapelle mit mittelalterlichen Wandmalereien z\u00e4hlen zu den H\u00f6hepunkten. &#8222;Schlossflair&#8220; l\u00e4dt zum Schlendern, Verweilen, Zuh\u00f6ren und Entdecken ein.<br \/>\nEs ist ein Fest, das den besonderen Charakter des Ortes erlebbar macht und zugleich neue Perspektiven f\u00fcr seine Zukunft er\u00f6ffnet. Das ist ein Ergebnis der gelungenen Zusammenarbeit zwischen Stadt, Universit\u00e4t und B\u00fcrgerschaft. Der Eintritt und alle Programmangebote sind kostenfrei.<\/p>\n<p>* pm: Stadt Marburg<\/p>\n","protected":false},"excerpt":{"rendered":"<p>Das Marburger Landgrafenschloss \u00f6ffnet seine Tore f\u00fcr ein einzigartiges Erlebnisfest. &#8222;Schlossflair&#8220; gibt es dort am Sonntag (20. Juli).<\/p>\n","protected":false},"author":2,"featured_media":0,"comment_status":"closed","ping_status":"open","sticky":false,"template":"","format":"standard","meta":{"advanced_seo_description":"","spay_email":"","jetpack_publicize_message":"","jetpack_is_tweetstorm":false,"jetpack_publicize_feature_enabled":true},"categories":[5,3],"tags":[6994,1262,580],"jetpack_featured_media_url":"","jetpack_publicize_connections":[],"jetpack_sharing_enabled":true,"jetpack_shortlink":"https:\/\/wp.me\/p8mhvd-4Ml","jetpack-related-posts":[{"id":18354,"url":"http:\/\/marburg.news\/?p=18354","url_meta":{"origin":18373,"position":0},"title":"Besondere Besichtigung: Schlossflair am 20. Juli am Landgrafenschloss","date":"11. Juli 2025","format":false,"excerpt":"\"Schlossflair\" hei\u00dft ein Erlebnisfest im Landgrafenschloss. Es findet am Sonntag (20. Juli) von 11 bis 18 Uhr statt. Seit 2022 arbeiten Stadt und Philipps-Universit\u00e4t gemeinsam an der Weiterentwicklung des Landgrafenschlosses. Das hat die Stadtverordnetenversammlung (StVV) beschlossen. Die Beteiligten m\u00f6chten gemeinsam einen Ort schaffen, der f\u00fcr alle erlebbar ist und sich\u2026","rel":"","context":"In &quot;Kultur&quot;","img":{"alt_text":"","src":"","width":0,"height":0},"classes":[]},{"id":15389,"url":"http:\/\/marburg.news\/?p=15389","url_meta":{"origin":18373,"position":1},"title":"Mitmachen an der Planung: Beteiligungstage f\u00fcr das Landgrafenschloss der Zukunft","date":"12. April 2024","format":false,"excerpt":"Beteiligungstage f\u00fcr das \"Landgrafenschloss der Zukunft\" f\u00fchren Stadt und Uni durch. Dazu gibt es Workshops und Erlebnisangebote am 19. und 20. April im Schloss. Im Zuge des Projekts \"Landgrafenschloss der Zukunft\" laden die Philipps-Universit\u00e4t und die Universit\u00e4tsstadt Marburg alle Interessierten zu Beteiligungstagen am Samstag (19. April) und Samstag (20. April)\u2026","rel":"","context":"In &quot;Bildung&quot;","img":{"alt_text":"","src":"","width":0,"height":0},"classes":[]},{"id":13022,"url":"http:\/\/marburg.news\/?p=13022","url_meta":{"origin":18373,"position":2},"title":"Landgrafenschloss in Marburg: Neue Gremien entwickeln Zukunftskonzepte","date":"26. Juni 2023","format":false,"excerpt":"Gremien zur Schloss-Entwicklung haben die Philipps-Universit\u00e4t und die Stadt etabliert. Au\u00dferdem k\u00fcndigten sie ein gro\u00dfes Schlossfest am 10. September an. Das Landgrafenschloss zukunftsf\u00e4hig zu machen, ist die Herausforderung, der sich die Philipps-Universit\u00e4t und die Universit\u00e4tsstadt Marburg gemeinsam mit dem Land Hessen stellen. Um diese Herausforderung gemeinsam mit wichtigen Vertreter*innen aus\u2026","rel":"","context":"In &quot;Bildung&quot;","img":{"alt_text":"","src":"","width":0,"height":0},"classes":[]},{"id":13751,"url":"http:\/\/marburg.news\/?p=13751","url_meta":{"origin":18373,"position":3},"title":"Angek\u00fcndigt: Gro\u00dfes Schlossfest am 10. September","date":"31. August 2023","format":false,"excerpt":"\"Entdecke dein Schloss!\" Unter diesem Motto laden Stadt und Universit\u00e4t am Sonntag (10. September) zu einem gro\u00dfen Fest ein. F\u00fcr den bundesweiten \"Tag des offenen Denkmals\" am Sonntag (10. September) laden die Philipps-Universit\u00e4t und die Universit\u00e4tsstadt Marburg zum gro\u00dfen Fest im und rund um das Landgrafenschloss ein. Los geht es\u2026","rel":"","context":"In &quot;Bildung&quot;","img":{"alt_text":"","src":"","width":0,"height":0},"classes":[]},{"id":17586,"url":"http:\/\/marburg.news\/?p=17586","url_meta":{"origin":18373,"position":4},"title":"Dein Traumschloss: W\u00fcnsche \u00e4u\u00dfern beim Schlossquiz","date":"27. Februar 2025","format":false,"excerpt":"Am Marburger Schlossquiz k\u00f6nnen Interessierte bis Montag (31. M\u00e4rz) teilnehmen. Vorgebracht wurden dort bisher bereits vielf\u00e4ltige W\u00fcnsche f\u00fcr das Landgrafenschloss der Zukunft. Was w\u00fcnschen sich die B\u00fcrgerinnen und B\u00fcrger f\u00fcr die Zukunft des Landgrafenschlosses? Hunderte haben bereits beim Schlossquiz der Stadt Marburg mitgemacht und ihre W\u00fcnsche und Ideen f\u00fcr die\u2026","rel":"","context":"In &quot;Kultur&quot;","img":{"alt_text":"","src":"","width":0,"height":0},"classes":[]},{"id":18414,"url":"http:\/\/marburg.news\/?p=18414","url_meta":{"origin":18373,"position":5},"title":"Vergangenheit mit Zukunft: 3.000 G\u00e4ste besuchten erstes &#8222;Schlossflair&#8220;","date":"23. Juli 2025","format":false,"excerpt":"Rund 3.000 Menschen haben das erste \"Schlossflair\" besucht. Dabei boten Stadt und Uni eine Zeitreise mit Weitblick. Das erste \"Schlossflair\" hat am Wochenende rund 3.000 Menschen aus Marburg und Umgebung zum Landgrafenschloss gelockt. Stadt und Universit\u00e4t boten am Samstag (20. Juli) ein Fest, das Geschichte lebendig werden lie\u00df und die\u2026","rel":"","context":"In &quot;Bildung&quot;","img":{"alt_text":"","src":"","width":0,"height":0},"classes":[]}],"_links":{"self":[{"href":"http:\/\/marburg.news\/index.php?rest_route=\/wp\/v2\/posts\/18373"}],"collection":[{"href":"http:\/\/marburg.news\/index.php?rest_route=\/wp\/v2\/posts"}],"about":[{"href":"http:\/\/marburg.news\/index.php?rest_route=\/wp\/v2\/types\/post"}],"author":[{"embeddable":true,"href":"http:\/\/marburg.news\/index.php?rest_route=\/wp\/v2\/users\/2"}],"replies":[{"embeddable":true,"href":"http:\/\/marburg.news\/index.php?rest_route=%2Fwp%2Fv2%2Fcomments&post=18373"}],"version-history":[{"count":0,"href":"http:\/\/marburg.news\/index.php?rest_route=\/wp\/v2\/posts\/18373\/revisions"}],"wp:attachment":[{"href":"http:\/\/marburg.news\/index.php?rest_route=%2Fwp%2Fv2%2Fmedia&parent=18373"}],"wp:term":[{"taxonomy":"category","embeddable":true,"href":"http:\/\/marburg.news\/index.php?rest_route=%2Fwp%2Fv2%2Fcategories&post=18373"},{"taxonomy":"post_tag","embeddable":true,"href":"http:\/\/marburg.news\/index.php?rest_route=%2Fwp%2Fv2%2Ftags&post=18373"}],"curies":[{"name":"wp","href":"https:\/\/api.w.org\/{rel}","templated":true}]}}