{"id":18337,"date":"2025-07-08T21:45:00","date_gmt":"2025-07-08T19:45:00","guid":{"rendered":"http:\/\/marburg.news\/?p=18337"},"modified":"2025-07-08T21:45:00","modified_gmt":"2025-07-08T19:45:00","slug":"ausgetueftelt-die-floating-widgets-spielen-auf-der-waldbuehne","status":"publish","type":"post","link":"http:\/\/marburg.news\/?p=18337","title":{"rendered":"Ausget\u00fcftelt: Die Floating Widgets spielen auf der Waldb\u00fchne"},"content":{"rendered":"<p>&#8222;Rock &amp; Pop &amp; more&#8220; bringen die &#8222;Floating Widgets&#8220; am Freitag (25. Juli) ab 20 Uhrauf die Waldb\u00fchne auf Spiegelslust. Es ist ihr erster Auftritt dort. <!--more--><br \/>\nErst vor etwa 1.000 Tagen haben sie als Zusammenschluss von f\u00fcnf Musiker*Innen das Licht der Welt erblickt. Die &#8222;FLOATING WIDGETS&#8220; &#8211; das `Schwebende Etwas\u00b4, als das sich die Band so oft sieht &#8211; unternehmen nun endlich Schritte hinaus aus der heimischen Schwalm in die gro\u00dfe weite Welt der musikalischen Event. Im St\u00e4dtchen Treysa bastelt das Quintett vorwiegend an Rock &#8211; Pop &#8211; Musik ab den 80er Jahren up to date &#8211; zumeist weniger an Mainstream-Hits dieser Jahrzehnte.<br \/>\nDie &#8222;Floating Widgets&#8220; spielen bislang nichts Eigenes. Sehr eigen sind sie aber klingen ihre Coverversionen unterschiedlichster Originale. Die akustische Interpretation der Songs ohne E-Gitarre und Schlagzeug &#8211; oft zwei- oder mehrstimmig &#8211; au\u00dfergew\u00f6hnlich! Ob groovy, verhalten, eher ruhig &#8211;<br \/>\nob gruftig, treibend-rebellischer oder einfach nur rhythmisch g\u00e4ngig &#8211; sind ein H\u00f6rerlebnis.<br \/>\nRockig-poppig und nicht allzu heftig ist ihr breit aufgestelltes Repertoire mit stilistischen Ausfl\u00fcgen in Blues, Folk, Country und so weiter. Das ist ihr musikalisches Programm!. Doch &#8222;\u00fcber Musik zu reden ist wie \u00fcber Architektur zu tanzen&#8220;, wie der legend\u00e4re Extrem-Musiker Frank Zappa einst meinte. Man solle sie &#8222;soll hei\u00dfen: einfach nur h\u00f6ren, schauen uva. .. Spa\u00df dabei haben!&#8220;<\/p>\n<p>* pm: MObiLO e.V., Marburg<\/p>\n","protected":false},"excerpt":{"rendered":"<p>&#8222;Rock &amp; Pop &amp; more&#8220; bringen die &#8222;Floating Widgets&#8220; am Freitag (25. Juli) ab 20 Uhrauf die Waldb\u00fchne auf Spiegelslust. Es ist ihr erster Auftritt dort.<\/p>\n","protected":false},"author":2,"featured_media":0,"comment_status":"closed","ping_status":"open","sticky":false,"template":"","format":"standard","meta":{"advanced_seo_description":"","spay_email":"","jetpack_publicize_message":"","jetpack_is_tweetstorm":false,"jetpack_publicize_feature_enabled":true},"categories":[3],"tags":[6987,359,2798],"jetpack_featured_media_url":"","jetpack_publicize_connections":[],"jetpack_sharing_enabled":true,"jetpack_shortlink":"https:\/\/wp.me\/p8mhvd-4LL","jetpack-related-posts":[{"id":7572,"url":"http:\/\/marburg.news\/?p=7572","url_meta":{"origin":18337,"position":0},"title":"Zum Zuschauen: Leseb\u00fchne und Konzert am Spiegelslustturm","date":"13. August 2021","format":false,"excerpt":"Die Leseb\u00fchne und ein Konzert auf der Waldb\u00fchne am Spiegelslustturm bilden das Programm der \"Sommerstadt Marburg\" am 17. und 18. August. Das hat die Stadt am Freitag (13. August) angek\u00fcndigt. Die \"Cavete-Leseb\u00fchne\" zieht am Dienstag (17. August) f\u00fcr einen Abend vom Steinweg an den Spiegelslustturm. Die Leseb\u00fchne ist eine langj\u00e4hrige\u2026","rel":"","context":"In &quot;Kultur&quot;","img":{"alt_text":"","src":"","width":0,"height":0},"classes":[]},{"id":15451,"url":"http:\/\/marburg.news\/?p=15451","url_meta":{"origin":18337,"position":1},"title":"Den Blues atmen: Drei Bluespapas am 1. Mai auf Spiegelslust","date":"20. April 2024","format":false,"excerpt":"Drei erfahrene Musiker atmen den Blues am Turm. Die \"Bluespapas\" Thomas Heldmann, Bernd Simon und Reiner Lenz gastieren am Mittwoch (1. Mai) im Turmcaf\u00e9. Die drei erfahrenen Musiker haben sich unter dem Label \"Bluespapas\" zusammengefunden. Gitarrist und S\u00e4nger Bernd Simon ist seit rund vierzig Jahren in der deutschen Blues-Szene erfolgreich\u2026","rel":"","context":"In &quot;Kultur&quot;","img":{"alt_text":"","src":"","width":0,"height":0},"classes":[]},{"id":12533,"url":"http:\/\/marburg.news\/?p=12533","url_meta":{"origin":18337,"position":2},"title":"Buntes Turmfest: Am Himmelfahrtstag auf Spiegelslust","date":"7. Mai 2023","format":false,"excerpt":"Ein buntes Turmfest gibt es zu Himmelfahrt im Spiegelslustturm. Es tr\u00e4gt den Titel \"Lokalglobal\" Es ist ein Fest f\u00fcr Marburger und alle die es werden wollen. Von 11 bis 18 Uhr gibt es am Donnerstag (18. Mai) Musik, Gesang, Theater, M\u00e4rchen, Kinderbelustigung, Bratwurst, Gezapftes, Limo und Quatsch mit gr\u00fcner Sauce...\u2026","rel":"","context":"In &quot;Kultur&quot;","img":{"alt_text":"","src":"","width":0,"height":0},"classes":[]},{"id":19125,"url":"http:\/\/marburg.news\/?p=19125","url_meta":{"origin":18337,"position":3},"title":"Musik f\u00fcrs Musizieren: Geschichte der Rockmusik II","date":"1. Dezember 2025","format":false,"excerpt":"Richard Wittekind, Frieder Gottwald und Peter Volksdorf treten am Samstag (13. Dezember) im Spiegelslustturm auf. Der Titel ihres Konzerts lautet \"Geschichte der Rockmusik II\". Nach ihren Auftritten in den letzten beiden Jahren folgt jetzt die Fortsetzung der \"Geschichte der Rockmusik\". Diesmal nehmen die Musiker die Frauen in der Rockmusik und\u2026","rel":"","context":"In &quot;Kultur&quot;","img":{"alt_text":"","src":"","width":0,"height":0},"classes":[]},{"id":14869,"url":"http:\/\/marburg.news\/?p=14869","url_meta":{"origin":18337,"position":4},"title":"Operette ungehobelt: Gesangsabend mit Judika Tschammer im Turm-Caf\u00e9","date":"4. Februar 2024","format":false,"excerpt":"\"Operette ungehobelt\" ist der Titel eines Gesangsabends mit Charakter Ohne Filter, unverstellt. Er findet am Samstag (17. Februar) um 20 Uhr im TurmCaf\u00e9 auf Spiegelslust statt. An diesem Abend werden Operettenst\u00fccke von Judika Tschammer direkt ans Ohr serviert. Die Musik aus der Operette ist ehrlich. Das Gef\u00fchl \u00fcbertr\u00e4gt sich leicht.\u2026","rel":"","context":"In &quot;Kultur&quot;","img":{"alt_text":"","src":"","width":0,"height":0},"classes":[]},{"id":19356,"url":"http:\/\/marburg.news\/?p=19356","url_meta":{"origin":18337,"position":5},"title":"Nachmittagsprogramm: Caf\u00e9 con Leche tierisch menschlich","date":"16. Januar 2026","format":false,"excerpt":"Die n\u00e4chste Veranstaltung der Reihe \"Caf\u00e9 con Leche\" steht unter dem Motto \"Tierisch menschlich\". Immer wenn Menschen Geschichten \u00fcber Tiere erz\u00e4hlen, erz\u00e4hlen sie von sich selbst. Stattfinden soll die Veranstaltung am Montag (2. Februar) ab 16 Uhr im TurmCaf\u00e9 auf Spiegelslust. Der Eintritt ist frei, aber eine tierisch hungrige Spendenb\u00fcchse\u2026","rel":"","context":"In &quot;Kultur&quot;","img":{"alt_text":"","src":"","width":0,"height":0},"classes":[]}],"_links":{"self":[{"href":"http:\/\/marburg.news\/index.php?rest_route=\/wp\/v2\/posts\/18337"}],"collection":[{"href":"http:\/\/marburg.news\/index.php?rest_route=\/wp\/v2\/posts"}],"about":[{"href":"http:\/\/marburg.news\/index.php?rest_route=\/wp\/v2\/types\/post"}],"author":[{"embeddable":true,"href":"http:\/\/marburg.news\/index.php?rest_route=\/wp\/v2\/users\/2"}],"replies":[{"embeddable":true,"href":"http:\/\/marburg.news\/index.php?rest_route=%2Fwp%2Fv2%2Fcomments&post=18337"}],"version-history":[{"count":0,"href":"http:\/\/marburg.news\/index.php?rest_route=\/wp\/v2\/posts\/18337\/revisions"}],"wp:attachment":[{"href":"http:\/\/marburg.news\/index.php?rest_route=%2Fwp%2Fv2%2Fmedia&parent=18337"}],"wp:term":[{"taxonomy":"category","embeddable":true,"href":"http:\/\/marburg.news\/index.php?rest_route=%2Fwp%2Fv2%2Fcategories&post=18337"},{"taxonomy":"post_tag","embeddable":true,"href":"http:\/\/marburg.news\/index.php?rest_route=%2Fwp%2Fv2%2Ftags&post=18337"}],"curies":[{"name":"wp","href":"https:\/\/api.w.org\/{rel}","templated":true}]}}