{"id":18252,"date":"2025-06-24T16:52:09","date_gmt":"2025-06-24T14:52:09","guid":{"rendered":"http:\/\/marburg.news\/?p=18252"},"modified":"2025-06-24T16:52:09","modified_gmt":"2025-06-24T14:52:09","slug":"vorgestellt-vortrag-ueber-geschlechtergerechtes-globales-handeln","status":"publish","type":"post","link":"http:\/\/marburg.news\/?p=18252","title":{"rendered":"Vorgestellt: Vortrag \u00fcber geschlechtergerechtes globales Handeln"},"content":{"rendered":"<p>Was bedeutet Globale Gerechtigkeit aus einer geschlechtergerechten Perspektive? Diese Frage beantwortet Sulca Ariza vom &#8222;Konzeptwerk neue \u00d6konomie&#8220; am Donnerstag (26. Juni). <!--more--><br \/>\nWeltweit sind unbezahlte Care-Arbeit &#8211; also Haus-, Pflege- und Erziehungsarbeit &#8211; sowie soziale Ungleichheiten zentrale Themen, wenn es um Geschlechtergerechtigkeit geht. Diese strukturellen Herausforderungen zeigen auf, wo dringender Handlungsbedarf besteht. Die Veranstaltung l\u00e4dt dazu ein, Wege und Br\u00fccken zu erkunden, die aus unterschiedlichen Perspektiven heraus Gerechtigkeit erm\u00f6glichen.<br \/>\nDabei werden intersektionale Ans\u00e4tze ber\u00fccksichtigt. Darunter ist die \u00dcberschneidung von Geschlecht mit weiteren Diskriminierungsformen wie Herkunft, Klasse oder Klimagerechtigkeit zu verstehen. Anhand von Beispielen wie der &#8222;Equal-Pay&#8220;-Kampagne oder den geschlechtsspezifischen Auswirkungen des Klimawandels gibt die Referentin Einblicke in globale Zusammenh\u00e4nge und l\u00e4dt zur Diskussion ein. Ihr Vortrag &#8222;Geschlechtergerechtes globales Handeln&#8220; findet am Donnerstag (26. Juni) von 20 bis 22 Uhr im Marburger Weltladen am Markt statt.<\/p>\n<p>* pm: Marburger Weltladen<\/p>\n","protected":false},"excerpt":{"rendered":"<p>Was bedeutet Globale Gerechtigkeit aus einer geschlechtergerechten Perspektive? Diese Frage beantwortet Sulca Ariza vom &#8222;Konzeptwerk neue \u00d6konomie&#8220; am Donnerstag (26. Juni).<\/p>\n","protected":false},"author":2,"featured_media":0,"comment_status":"closed","ping_status":"open","sticky":false,"template":"","format":"standard","meta":{"advanced_seo_description":"","spay_email":"","jetpack_publicize_message":"","jetpack_is_tweetstorm":false,"jetpack_publicize_feature_enabled":true},"categories":[5,2,4],"tags":[3064,6953,4486],"jetpack_featured_media_url":"","jetpack_publicize_connections":[],"jetpack_sharing_enabled":true,"jetpack_shortlink":"https:\/\/wp.me\/p8mhvd-4Ko","jetpack-related-posts":[{"id":18153,"url":"http:\/\/marburg.news\/?p=18153","url_meta":{"origin":18252,"position":0},"title":"Globale Gerechtigkeit: Vortrag zu Fairem Handel im Weltladen","date":"9. Juni 2025","format":false,"excerpt":"Zu einem weiteren Vortrag in der Reihe \"Globale Gerechtigkeit\" l\u00e4dt der Marburger Weltladen ein. Unter dem Titel \"Fairer Handel: ein Beitrag zur Globalen Gerechtigkeit\" spricht Andrea F\u00fctterer dort am Freitag (13. Juni) ab 20 Uhr. Dabei wird es um den Beitrag des Fairen Handels zu \"Globaler Gerechtigkeit\" gehen. Dazu wurde\u2026","rel":"","context":"In &quot;Politik&quot;","img":{"alt_text":"","src":"","width":0,"height":0},"classes":[]},{"id":17891,"url":"http:\/\/marburg.news\/?p=17891","url_meta":{"origin":18252,"position":1},"title":"Einrede: Vortrag \u00fcber Hilfe zu globaler Gerechtigkeit","date":"24. April 2025","format":false,"excerpt":"\"Hilfe zur globalen Gerechtigkeit?\" lautet der Titel eines Vortrags von Radwa Khaled Ibrahim von medico international. Er findet am Dienstag (29. April) ab 19 Uhr im Marburger Weltladen statt. Gerade angesichts eines globalen autorit\u00e4ren Rechtsrucks und von menschenverachtender internationaler und lokaler Politik werden die Rufe nach globaler Gerechtigkeit lauter. Nicht\u2026","rel":"","context":"In &quot;Politik&quot;","img":{"alt_text":"","src":"","width":0,"height":0},"classes":[]},{"id":15898,"url":"http:\/\/marburg.news\/?p=15898","url_meta":{"origin":18252,"position":2},"title":"Politische Reise: Lecture-Performance zu Kolonialismus und Klimagerechtigktit","date":"29. Juni 2024","format":false,"excerpt":"Die Lecture Performance \"Die Ex-trahere Matrix - vom Kolonialismus zur Klima(un)gerechtigkeit\" bringt die Waggonhalle am Mittwoch (10. Juli) um 19 Uhr und am Donnerstag (11. Juli) um 20 Uhr auf die B\u00fchne. Die Inszenierung \"DIE EX-TRAHERE MATRIX - vom Kolonialismus zur Klima(un)gerechtigkeit\" erz\u00e4hlt eine fiktive Geschichte: W\u00e4hrend eines Vortrags eines\u2026","rel":"","context":"In &quot;Kultur&quot;","img":{"alt_text":"","src":"","width":0,"height":0},"classes":[]},{"id":18537,"url":"http:\/\/marburg.news\/?p=18537","url_meta":{"origin":18252,"position":3},"title":"Gefragte Gerechtigkeit: Internationale Tagung von Theologinnen diskutiert interreligi\u00f6s","date":"13. August 2025","format":false,"excerpt":"Eine Internationale Tagung zur nachhaltigen Gerechtigkeit findet von Mittwoch (20. August) bis Sonntag (24. August) in Marburg statt. Die Europ\u00e4ische Gesellschaft f\u00fcr Theologische Forschung von Frauen (ESWTR) diskutiert dabei interreligi\u00f6se Perspektiven. Vom 20. bis 24. August 2025 findet am Fachbereich Evangelische Theologie die Jahrestagung der Europ\u00e4ischen Gesellschaft f\u00fcr Theologische Forschung\u2026","rel":"","context":"In &quot;Bildung&quot;","img":{"alt_text":"","src":"","width":0,"height":0},"classes":[]},{"id":9208,"url":"http:\/\/marburg.news\/?p=9208","url_meta":{"origin":18252,"position":4},"title":"Insel der Seligen: Solidarit\u00e4t ist in dieser Stadt selbstverst\u00e4ndlich","date":"10. April 2022","format":false,"excerpt":"Manchen mutet Marburg manchmal an wie eine \"Insel der Seligen\". Die offene Atmosph\u00e4re preisen viele mit lobenden Worten. Damit haben sie nat\u00fcrlich auch Recht. Dennoch ist auch die mittelhessische Universit\u00e4tsstadt kein Paradies. Auch in Marburg herrscht das pralle Leben mit Mord und Totschlag, Teufel, Tod und Trauer. Au\u00dferdem ist Marburg\u2026","rel":"","context":"In &quot;Politik&quot;","img":{"alt_text":"","src":"","width":0,"height":0},"classes":[]},{"id":19220,"url":"http:\/\/marburg.news\/?p=19220","url_meta":{"origin":18252,"position":5},"title":"Kreis kann: Gut bei Gemeinwohl bilanziert","date":"16. Dezember 2025","format":false,"excerpt":"Beim Gemeinwohl schneidet der Kreis gut ab. Als erste Kreisverwaltung in Deutschland wurde die Kreisverwaltung Marburg-Biedenkopf entsprechend bilanziert. Die Kreisverwaltung Marburg-Biedenkopf hat als erste Kreisverwaltung in Deutschland erfolgreich den Bilanzierungs-Prozess im Hinblick auf Gemeinwohl-Kriterien abgeschlossen. Damit \u00fcbernimmt die Kreisverwaltung eine Vorreiterrolle bei der transparenten Erfassung und Bewertung ihres Beitrags zum\u2026","rel":"","context":"In &quot;Politik&quot;","img":{"alt_text":"","src":"","width":0,"height":0},"classes":[]}],"_links":{"self":[{"href":"http:\/\/marburg.news\/index.php?rest_route=\/wp\/v2\/posts\/18252"}],"collection":[{"href":"http:\/\/marburg.news\/index.php?rest_route=\/wp\/v2\/posts"}],"about":[{"href":"http:\/\/marburg.news\/index.php?rest_route=\/wp\/v2\/types\/post"}],"author":[{"embeddable":true,"href":"http:\/\/marburg.news\/index.php?rest_route=\/wp\/v2\/users\/2"}],"replies":[{"embeddable":true,"href":"http:\/\/marburg.news\/index.php?rest_route=%2Fwp%2Fv2%2Fcomments&post=18252"}],"version-history":[{"count":0,"href":"http:\/\/marburg.news\/index.php?rest_route=\/wp\/v2\/posts\/18252\/revisions"}],"wp:attachment":[{"href":"http:\/\/marburg.news\/index.php?rest_route=%2Fwp%2Fv2%2Fmedia&parent=18252"}],"wp:term":[{"taxonomy":"category","embeddable":true,"href":"http:\/\/marburg.news\/index.php?rest_route=%2Fwp%2Fv2%2Fcategories&post=18252"},{"taxonomy":"post_tag","embeddable":true,"href":"http:\/\/marburg.news\/index.php?rest_route=%2Fwp%2Fv2%2Ftags&post=18252"}],"curies":[{"name":"wp","href":"https:\/\/api.w.org\/{rel}","templated":true}]}}