{"id":18096,"date":"2025-05-28T10:28:46","date_gmt":"2025-05-28T08:28:46","guid":{"rendered":"http:\/\/marburg.news\/?p=18096"},"modified":"2025-05-28T10:28:46","modified_gmt":"2025-05-28T08:28:46","slug":"knete-vom-kjc-erwerbslosigkeit-im-mai-leicht-gestiegen","status":"publish","type":"post","link":"http:\/\/marburg.news\/?p=18096","title":{"rendered":"Knete vom KJC: Erwerbslosigkeit im Mai leicht gestiegen"},"content":{"rendered":"<p>Die Erwerbslosenzahl ist im Mai leicht gestiegen. Das besagt die aktuelle Monatsbilanz des KreisJobCenters (KJC). <!--more--><br \/>\nLeicht angestiegen ist im Mai 2025 die Zahl der arbeitslosen Menschen, die Grundsicherung nach dem Zweiten Sozialgesetzbuch (SGB II) beziehen. Das KreisJobCenter (KJC) des Landkreises Marburg-Biedenkopf meldet in seiner aktuellen Statistik 4.086 erwerbsf\u00e4hige Leistungsberechtigte, die als arbeitslos registriert sind. Das ist ein Anstieg von 31 Personen oder 0,8 Prozent gegen\u00fcber dem <a href=\"http:\/\/marburg.news\/?p=17909\">Vormonat April 2025<\/a>.<br \/>\nIm Vergleich mit dem Mai 2024 ist ein R\u00fcckgang der Arbeitslosen in der Zust\u00e4ndigkeit des KJC um 67 Personen oder 1,6 Prozent zu verzeichnen. Die Quote der arbeitslosen Grundsicherungsempfangenden an den zivilen Erwerbspersonen liegt im Mai bei drei Prozent. Im Vorjahresmonat hatte sie bei 3,1 Prozent gelegen.<br \/>\n&#8222;Die wirtschaftliche Entwicklung sendet erste Zeichen einer Erholung&#8220;, sagte der Erste Kreisbeigeordnete Peter Neidel am Mittwoch (28. Mai). &#8222;Laut Statistischem Bundesamt ist das Wachstum mit 0,4 Prozent doppelt so hoch ausgefallen wie vorher prognostiziert.&#8220;<br \/>\nNeidel begr\u00fcndete seine Zuversicht: &#8222;Trotz eines leichten Anstiegs der Arbeitslosigkeit in unserem Landkreis im Mai liegen wir aktuell immer noch unter dem Niveau des Vorjahresmonats. Der Arbeitsmarkt bleibt stabil.&#8220;<br \/>\nEnde Mai lag die Zahl der Bedarfsgemeinschaften bei 7.066. Damit stieg sie im Vergleich zum Vormonat um 124 Bedarfsgemeinschaften beziehungsweise 1,8 Prozent. Verglichen mit dem Vorjahresmonat war das ein R\u00fcckgang um 55 Bedarfsgemeinschaften oder 0,8 Prozent. Die Zahl der erwerbsf\u00e4higen Leistungsberechtigten stieg im Vergleich zum Vormonat auf 9.543 Personen und damit um 209 Personen beziehungsweise 2,2 Prozent. Gegen\u00fcber dem Vorjahresmonat ist ein R\u00fcckgang um 101 Personen oder ein Prozent zu verzeichnen.<br \/>\nBei den Angaben zu den Bedarfsgemeinschaften und erwerbsf\u00e4higen Leistungsberechtigten handelt es sich um einen zum Stichtag 13. Mai 2025 ermittelten vorl\u00e4ufigen Bestand und nicht um eine offizielle Statistik. Der endg\u00fcltige Bestand f\u00fcr den Berichtsmonat Mai wird von der Bundesagentur f\u00fcr Arbeit (BA) nach einer Wartezeit von drei Monaten festgeschrieben.<\/p>\n<p>* pm: Landkreis Marburg-Biedenkopf<\/p>\n","protected":false},"excerpt":{"rendered":"<p>Die Erwerbslosenzahl ist im Mai leicht gestiegen. Das besagt die aktuelle Monatsbilanz des KreisJobCenters (KJC).<\/p>\n","protected":false},"author":2,"featured_media":0,"comment_status":"closed","ping_status":"open","sticky":false,"template":"","format":"standard","meta":{"advanced_seo_description":"","spay_email":"","jetpack_publicize_message":"","jetpack_is_tweetstorm":false,"jetpack_publicize_feature_enabled":true},"categories":[4],"tags":[1612,162,22],"jetpack_featured_media_url":"","jetpack_publicize_connections":[],"jetpack_sharing_enabled":true,"jetpack_shortlink":"https:\/\/wp.me\/p8mhvd-4HS","jetpack-related-posts":[{"id":18611,"url":"http:\/\/marburg.news\/?p=18611","url_meta":{"origin":18096,"position":0},"title":"Auf Arbeitsmarkt: KJC meldet leicht gesunkene Erwerbslosigkeit","date":"29. August 2025","format":false,"excerpt":"Die Zahl der Erwerbslosen ist im August um 1,5 Prozent gesunken. Das besagt die aktuelle Monatsbilanz des KreisJobCenters (KJC). Leicht gesunken ist im August 2025 die Zahl der arbeitslosen Menschen, die Grundsicherung nach dem Zweiten Sozialgesetzbuch (SGB) II beziehen. Das KreisJobCenter (KJC) des Landkreises Marburg-Biedenkopf meldet in seiner aktuellen Statistik\u2026","rel":"","context":"In &quot;Politik&quot;","img":{"alt_text":"","src":"","width":0,"height":0},"classes":[]},{"id":12269,"url":"http:\/\/marburg.news\/?p=12269","url_meta":{"origin":18096,"position":1},"title":"Leicht gestiegen: Anstieg der Arbeitslosigkeit im M\u00e4rz abgeflacht","date":"31. M\u00e4rz 2023","format":false,"excerpt":"Die Zahl der Erwerbslosen ist im M\u00e4rz leicht gestiegen. Das besagt die aktuelle Monatsbilanz des KreisJobCenters (KJC). Im M\u00e4rz 2023 ist die Zahl der arbeitslosen Menschen, die Grundsicherung nach dem Sozialgesetzbuch II (SGB II) beziehen, leicht gestiegen. Das KreisJobCenter (KJC) des Landkreises Marburg-Biedenkopf meldet in seiner aktuellen Statistik 3.959 erwerbsf\u00e4hige\u2026","rel":"","context":"In &quot;Politik&quot;","img":{"alt_text":"","src":"","width":0,"height":0},"classes":[]},{"id":9723,"url":"http:\/\/marburg.news\/?p=9723","url_meta":{"origin":18096,"position":2},"title":"Zahlen vom Mai: Erwerbslosigkeit steigt leicht an","date":"31. Mai 2022","format":false,"excerpt":"Der Arbeitsmarkt ist weiterhin stabil. Die Zahl der Langzeitarbeitslosen ist geringf\u00fcgig gestiegen. Im Mai ist die Zahl der arbeitslosen Menschen, die Grundsicherung empfangen, leicht gestiegen. Das KreisJobCenter (KJC) des Landkreises Marburg-Biedenkopf meldet in seiner aktuellen Statistik 2.823 erwerbsf\u00e4hige Leistungsberechtigte, die als arbeitslos registriert sind. Das ist ein Anstieg von acht\u2026","rel":"","context":"In &quot;Politik&quot;","img":{"alt_text":"","src":"","width":0,"height":0},"classes":[]},{"id":14838,"url":"http:\/\/marburg.news\/?p=14838","url_meta":{"origin":18096,"position":3},"title":"Einstellung: Erwerbslosigkeit im Kreis leicht gestiegen","date":"31. Januar 2024","format":false,"excerpt":"Die Zahl der Erwerbslosen ist im Januar um 2,6 Prozent gestiegen. Das besagt die aktuelle Monatsbilanz des KreisJobCenters (KJC). Gestiegen ist im Januar 2024 die Zahl der arbeitslosen Menschen, die Grundsicherung nach dem Zweiten Sozialgesetzbuch (SGB II) beziehen. Das KreisJobCenter (KJC) des Landkreises Marburg-Biedenkopf meldet in seiner aktuellen Statistik 4.107\u2026","rel":"","context":"In &quot;Politik&quot;","img":{"alt_text":"","src":"","width":0,"height":0},"classes":[]},{"id":18921,"url":"http:\/\/marburg.news\/?p=18921","url_meta":{"origin":18096,"position":4},"title":"Gestiegen: Monatsbilanz des KJC f\u00fcr Oktober 2025","date":"30. Oktober 2025","format":false,"excerpt":"Die Arbeitslosenzahl ist im Oktober leicht gestiegen. Das besagt die aktuelle Monatsbilanz des KreisJobCenters (KJC). Gestiegen ist im Oktober die Zahl der arbeitslosen Menschen, die Grundsicherung nach dem Zweiten Sozialgesetzbuch (SGB II) beziehen. Das KreisJobCenter (KJC) des Landkreises Marburg-Biedenkopf meldete am Donnerstag (30. Oktober) in seiner aktuellen Statistik 3.882 erwerbsf\u00e4hige\u2026","rel":"","context":"In &quot;Politik&quot;","img":{"alt_text":"","src":"","width":0,"height":0},"classes":[]},{"id":10251,"url":"http:\/\/marburg.news\/?p=10251","url_meta":{"origin":18096,"position":5},"title":"Zahlen ausgewiesen: Erwerbslosigkeit im Kreis steigt langsamer","date":"29. Juli 2022","format":false,"excerpt":"Die Zahl der Arbeitslosen steigt leicht. Das besagt die Monatsbilanz des KJC f\u00fcr Juli. Nach dem starken Anstieg im Juni ist die Zahl der arbeitslosen Menschen, die Grundsicherung nach dem Sozialgesetzbuch II (SGB II) beziehen, im Juli nur leicht gestiegen. Das KreisJobCenter (KJC) des Landkreises Marburg-Biedenkopf meldet in seiner aktuellen\u2026","rel":"","context":"In &quot;Soziales&quot;","img":{"alt_text":"","src":"","width":0,"height":0},"classes":[]}],"_links":{"self":[{"href":"http:\/\/marburg.news\/index.php?rest_route=\/wp\/v2\/posts\/18096"}],"collection":[{"href":"http:\/\/marburg.news\/index.php?rest_route=\/wp\/v2\/posts"}],"about":[{"href":"http:\/\/marburg.news\/index.php?rest_route=\/wp\/v2\/types\/post"}],"author":[{"embeddable":true,"href":"http:\/\/marburg.news\/index.php?rest_route=\/wp\/v2\/users\/2"}],"replies":[{"embeddable":true,"href":"http:\/\/marburg.news\/index.php?rest_route=%2Fwp%2Fv2%2Fcomments&post=18096"}],"version-history":[{"count":0,"href":"http:\/\/marburg.news\/index.php?rest_route=\/wp\/v2\/posts\/18096\/revisions"}],"wp:attachment":[{"href":"http:\/\/marburg.news\/index.php?rest_route=%2Fwp%2Fv2%2Fmedia&parent=18096"}],"wp:term":[{"taxonomy":"category","embeddable":true,"href":"http:\/\/marburg.news\/index.php?rest_route=%2Fwp%2Fv2%2Fcategories&post=18096"},{"taxonomy":"post_tag","embeddable":true,"href":"http:\/\/marburg.news\/index.php?rest_route=%2Fwp%2Fv2%2Ftags&post=18096"}],"curies":[{"name":"wp","href":"https:\/\/api.w.org\/{rel}","templated":true}]}}