{"id":17900,"date":"2025-04-27T18:36:55","date_gmt":"2025-04-27T16:36:55","guid":{"rendered":"http:\/\/marburg.news\/?p=17900"},"modified":"2025-05-02T08:54:21","modified_gmt":"2025-05-02T06:54:21","slug":"oh-gott-die-beiden-kirchen-muesses-daran-glauben","status":"publish","type":"post","link":"http:\/\/marburg.news\/?p=17900","title":{"rendered":"Oh Gott: Die beiden Kirchen m\u00fcssen daran glauben"},"content":{"rendered":"<p>Der Papst ist tot. Die katholische Kirche schw\u00e4chelt auch schon seit L\u00e4ngerem. <!--more--><br \/>\nNach den zahlreichen Skandalen wegen sexueller \u00dcbergriffe katholischer Priester auf Kinder und dem Umgang der Kirchenoberen damit laufen die Gl\u00e4ubigen der Amtskirche scharenweise davon. Auch die evangelische Kirche leidet massiv an Mitgliederschwund. Bei beiden Kirchen klaffen Anspruch und Wirklichkeit einfach zu weit auseinander.<br \/>\nVerzweifelt k\u00e4mpft der Evangelische Kirchenkreis Marburg dagegen an: Mit sogenannten <a href=\"http:\/\/marburg.news\/?p=17826\">&#8222;Pop-up-Trauungen&#8220;<\/a> und <a href=\"http:\/\/marburg.news\/?p=17881\">&#8222;Drop-In-Taufen&#8220;<\/a> bietet er jahrhundertealte Zeremonien als zeitgeistige Instant-Events an. Eine eigens daf\u00fcr gegr\u00fcndete Agentur soll das Ganze gro\u00dfangelegt vermarkten.<br \/>\nOb er damit allerdings nicht viele konservative Gl\u00e4ubige vor den Kopf st\u00f6\u00dft und seine Glaubw\u00fcrdigkeit als moralisch-theologische Instanz riskiert, das wird sich in den Folgejahren entscheiden. Mitunter mag man den Eindruck gewinnen, die Evangelische Kirche habe sich damit vielleicht auf den gef\u00e4hrlichen Weg US-amerikanischer Evangelikaler begeben, die die Eventkultur mit eingebauter Verz\u00fcckung als politische Waffe nutzen, um erzkonservative Ideologie in modernen Gew\u00e4ndern zu pr\u00e4sentieren. So weit geht die Evangelische Kirche in Marburg gl\u00fccklicherweise aber noch nicht.<br \/>\nDer Katholischen Kirche hingegen t\u00e4te ein wenig mehr Modernit\u00e4t gut, die der &#8211; <a href=\"http:\/\/marburg.news\/?p=17867\">am Ostermontag verstorbene &#8211;<br \/>\nPapst Franziskus<\/a> jedoch nicht wagen wollte. Die Abkehr vom Zwangsz\u00f6libat und die Zulassung von Frauen zu allen Kirchen\u00e4mtern haben schlie\u00dflich weniger mit dem Zeitgeist zu tun als vielmehr mit einem Menschenbild von N\u00e4chstenliebe und Gerechtigkeit. Ob allerdings der n\u00e4chste Papst die notwendige Erneuerung seiner Kirche durchsetzen kann, bleibt angesichts der konservativen Strukturen im Vatikan offen.<\/p>\n<p>* <a href=\"http:\/\/marburg.news\/team\/fjh\">Franz-Josef Hanke<\/a><\/p>\n","protected":false},"excerpt":{"rendered":"<p>Der Papst ist tot. Die katholische Kirche schw\u00e4chelt auch schon seit L\u00e4ngerem.<\/p>\n","protected":false},"author":2,"featured_media":0,"comment_status":"closed","ping_status":"open","sticky":false,"template":"","format":"standard","meta":{"advanced_seo_description":"","spay_email":"","jetpack_publicize_message":"","jetpack_is_tweetstorm":false,"jetpack_publicize_feature_enabled":true},"categories":[3,4],"tags":[433,4839,780],"jetpack_featured_media_url":"","jetpack_publicize_connections":[],"jetpack_sharing_enabled":true,"jetpack_shortlink":"https:\/\/wp.me\/p8mhvd-4EI","jetpack-related-posts":[{"id":14042,"url":"http:\/\/marburg.news\/?p=14042","url_meta":{"origin":17900,"position":0},"title":"Anrei\u00dfend: Theologie debattiert \u00fcber Klimaschutz","date":"10. Oktober 2023","format":false,"excerpt":"\"Die Erde brennt! Was tut die Theologie?\" Das ist Thema der Jubil\u00e4umsveranstaltung des Hans-von-Soden-Instituts am Mittwoch (18. Oktober). Zu seinem 20-j\u00e4hrigen Bestehen l\u00e4dt das Hans-von-Soden-Institut der Philipps-Universit\u00e4t zu einer Tagung ein. Das Thema beleuchtet die M\u00f6glichkeiten theologischer Wissenschaftskommunikation. Alle Interessierten sind willkommen zu dieser Veranstaltung am Mittwoch (18. Oktober) von\u2026","rel":"","context":"In &quot;Sonstiges&quot;","img":{"alt_text":"","src":"","width":0,"height":0},"classes":[]},{"id":9036,"url":"http:\/\/marburg.news\/?p=9036","url_meta":{"origin":17900,"position":1},"title":"Unbezahlbar: Evangelische Kirche unterst\u00fctzt Gefl\u00fcchtete aus der Ukraine","date":"23. M\u00e4rz 2022","format":false,"excerpt":"Kirchengemeinden und kirchliche Einrichtungen sind in der Ukrainehilfe aktiv. Vielerorts sind lokale Hilfen f\u00fcr Gefl\u00fcchtete angelaufen. \u201eWir sehen uns als Christen in besonderer Weise verpflichtet, nach Kr\u00e4ften zu helfen\u201c, sagte Pfarrer Ulrich Biskamp. Er ist der kommissarische Dekan des Kirchenkreises Marburg. \u201e\u00dcberall in den Gemeinden sind Menschen bem\u00fcht, N\u00e4chstenliebe unter\u2026","rel":"","context":"In &quot;Sonstiges&quot;","img":{"alt_text":"","src":"","width":0,"height":0},"classes":[]},{"id":11462,"url":"http:\/\/marburg.news\/?p=11462","url_meta":{"origin":17900,"position":2},"title":"Selbst gew\u00e4rmt: Mehr als 5 Millionen f\u00fcr Evangelische Kirche","date":"14. Dezember 2022","format":false,"excerpt":"Mehr als 5 Millionen Euro f\u00fcr diakonische Angebote hat die Evangelische Kirche in Hessen angek\u00fcndigt. Auch lokale Akteure freuen sich \u00fcber dieses Geld aus der Kirchensteuer. Der Millionenbetrag soll diakonische Angebote st\u00e4rken. Diese Nachricht kam am Montag (12. Dezember) von der Evangelischen Kirche in Hessen und Nassau (EKHN), der Evangelischen\u2026","rel":"","context":"In &quot;Soziales&quot;","img":{"alt_text":"","src":"","width":0,"height":0},"classes":[]},{"id":19182,"url":"http:\/\/marburg.news\/?p=19182","url_meta":{"origin":17900,"position":3},"title":"Erfolgreiches Entspannungsprogramm: Evangelische Kirche bedankte sich bei Ehrenamtlichen","date":"9. Dezember 2025","format":false,"excerpt":"Ein \"Gesundheitstag f\u00fcr Ehrenamtliche\" soll Anerkennung f\u00fcr die Menschen bezeugen, die Kirche gestalten. Stattgefunden hat er am Freitag (5. Dezember). Der 5. Dezember ist der \"Tag des Ehrenamts\". Die beiden evangelischen Kirchenkreise Kirchhain und Marburg haben sich bei ihren Ehrenamtlichen mit einem ganz besonderen Abend bedankt. Was 2023 als Gesundheitstag\u2026","rel":"","context":"In &quot;Soziales&quot;","img":{"alt_text":"","src":"","width":0,"height":0},"classes":[]},{"id":13829,"url":"http:\/\/marburg.news\/?p=13829","url_meta":{"origin":17900,"position":4},"title":"Konsequenterer Klimaschutz: Am Freitag gleich drei Demonstrationen in Marburg","date":"14. September 2023","format":false,"excerpt":"Auch die Kirchen unterst\u00fctzen den weltweiten Klimastreik am Freitag (15. September). Um 15 Uhr starten in Marburg gleich drei Demonstrationsz\u00fcge. Unter dem Motto \"Gesicht zeigen, um Gottes Sch\u00f6pfung zu bewahren\" unterst\u00fctzen auch die evangelischen Kirchen den Klimastreiktag am Freitag (15. September). Als Mitglieder der \"Klima-Allianz Deutschland\" und der Initiative \"Churches\u2026","rel":"","context":"In &quot;Politik&quot;","img":{"alt_text":"","src":"","width":0,"height":0},"classes":[]},{"id":18155,"url":"http:\/\/marburg.news\/?p=18155","url_meta":{"origin":17900,"position":5},"title":"F\u00fcr Christen: Tagung 1.700 Jahre nach dem Konzil von Niz\u00e4a","date":"10. Juni 2025","format":false,"excerpt":"Marburg ist Gastgeber der Tagung \"Norm und Vielfalt\". Sie findet am Samstag (14. Juni) 1.700 Jahre nach dem ersten \u00f6kumenischen Konzil statt. Was hat die Versammlung von 300 Bisch\u00f6fen vor 1.700 Jahren auf dem Gebiet der heutigen T\u00fcrkei mit Marburg und dem Jahr 2025 zu tun? Diese Versammlung von Niz\u00e4a\u2026","rel":"","context":"In &quot;Bildung&quot;","img":{"alt_text":"","src":"","width":0,"height":0},"classes":[]}],"_links":{"self":[{"href":"http:\/\/marburg.news\/index.php?rest_route=\/wp\/v2\/posts\/17900"}],"collection":[{"href":"http:\/\/marburg.news\/index.php?rest_route=\/wp\/v2\/posts"}],"about":[{"href":"http:\/\/marburg.news\/index.php?rest_route=\/wp\/v2\/types\/post"}],"author":[{"embeddable":true,"href":"http:\/\/marburg.news\/index.php?rest_route=\/wp\/v2\/users\/2"}],"replies":[{"embeddable":true,"href":"http:\/\/marburg.news\/index.php?rest_route=%2Fwp%2Fv2%2Fcomments&post=17900"}],"version-history":[{"count":1,"href":"http:\/\/marburg.news\/index.php?rest_route=\/wp\/v2\/posts\/17900\/revisions"}],"predecessor-version":[{"id":17923,"href":"http:\/\/marburg.news\/index.php?rest_route=\/wp\/v2\/posts\/17900\/revisions\/17923"}],"wp:attachment":[{"href":"http:\/\/marburg.news\/index.php?rest_route=%2Fwp%2Fv2%2Fmedia&parent=17900"}],"wp:term":[{"taxonomy":"category","embeddable":true,"href":"http:\/\/marburg.news\/index.php?rest_route=%2Fwp%2Fv2%2Fcategories&post=17900"},{"taxonomy":"post_tag","embeddable":true,"href":"http:\/\/marburg.news\/index.php?rest_route=%2Fwp%2Fv2%2Ftags&post=17900"}],"curies":[{"name":"wp","href":"https:\/\/api.w.org\/{rel}","templated":true}]}}